{"id":556281,"date":"2022-08-10T00:12:41","date_gmt":"2022-08-10T05:12:41","guid":{"rendered":"https:\/\/www.diarioimagen.net\/?p=556281"},"modified":"2022-08-10T02:10:47","modified_gmt":"2022-08-10T07:10:47","slug":"monreal-considera-esencial-dar-certeza-de-que-en-mexico-la-ley-es-la-ley","status":"publish","type":"post","link":"https:\/\/www.diarioimagen.net\/?p=556281","title":{"rendered":"Monreal considera esencial dar certeza de que en M\u00e9xico la ley es la ley"},"content":{"rendered":"<h2>Tras la puerta del poder<\/h2>\n<h5>Roberto Vizca\u00edno<\/h5>\n<p>&nbsp;<\/p>\n<p>Luego de inaugurarse como nuevo colaborador editorial del m\u00e1s importante diario pol\u00edtico de EU, en <strong><em>The Washington Post,<\/em><\/strong> <strong>Ricardo Monreal<\/strong> indic\u00f3 que como Presidente de M\u00e9xico de 2024 a 2030, buscar\u00e1 <strong>consolidar un Estado de Derecho en el que haya plena certeza de que la ley es la ley.<\/strong><\/p>\n<p>El zacatecano afirm\u00f3 que ideol\u00f3gica y pol\u00edticamente su gesti\u00f3n correr\u00e1 sobre el pensamiento socialdem\u00f3crata y en el entendido de que esta ideolog\u00eda est\u00e1 profundamente comprometida con el respeto a la Constituci\u00f3n y sus normas.<\/p>\n<p>Con una acci\u00f3n pol\u00edtica, agreg\u00f3, que se desarrollar\u00eda absolutamente dentro de la legalidad y en abierto rechazo a la violencia como v\u00eda para hacer avanzar sus intereses.<\/p>\n<p>Ello es esencial precis\u00f3, para lograr <em>que <\/em>la ley se convierta en M\u00e9xico en el marco real de las relaciones sociales, y no s\u00f3lo un referente con el cual se negocie.<\/p>\n<p>Porque, insisti\u00f3, un Estado <strong>sin seguridad jur\u00eddica<\/strong> <strong>est\u00e1 destinado al fracaso<\/strong>.<\/p>\n<p>Sin seguridad jur\u00eddica, insisti\u00f3, dejar\u00eda a los inversionistas nacionales y extranjeros sin incentivos para la creaci\u00f3n de nuevas empresas y de los empleos correspondientes, tan necesarios hoy en este pa\u00eds.<\/p>\n<p>\u201cDebemos reforzar el respeto por la ley, tanto ciudadanos como autoridades deben entender que es necesaria para mantener la cohesi\u00f3n social. Lo importante, como dec\u00eda Montesquieu es que \u201cla fuerza de la ley sea aplicable a todo el mundo\u201d.<\/p>\n<p>En momentos en que todas las iniciativas de reforma y grandes proyectos del presidente <strong>Andr\u00e9s Manuel L\u00f3pez Obrador<\/strong> terminan por ser dictaminadas en la Suprema Corte, cuando el mandatario busca incluso evadir al Congreso al anunciar que emitir\u00e1 un decreto-recomendaci\u00f3n-acuerdo para que la Guardia Nacional sea integrada a la Secretar\u00eda de la Defensa Nacional, el pronunciamiento de <strong>Monreal <\/strong>pareciera un reto mayor.<\/p>\n<p>Para el zacatecano la ley no s\u00f3lo es la ley, sino que es imprescindible una reforma integral al sistema de impartici\u00f3n y procuraci\u00f3n de justicia que permita combatir con eficacia al crimen, que d\u00e9 fin a la impunidad de los que lo cometen y que permita ejercer plenamente el derecho ciudadano a la seguridad p\u00fablica y al respeto de los derechos humanos.<\/p>\n<p>\u201cEn democracia, debemos ser respetuosos de la diversidad, no somos un pa\u00eds monocrom\u00e1tico por lo que cada color debe quedar sumado al conjunto para poder alcanzar un mural que nos represente a todos\u201d, afirm\u00f3.<\/p>\n<p>Record\u00f3 que de acuerdo con nuestra Constituci\u00f3n, \u201cel laicismo es un principio b\u00e1sico de convivencia en una sociedad plural y heterog\u00e9nea; como una conquista civilizatoria irrenunciable y lo entiende como el principio que garantiza que las religiones no tengan influencia en el Estado, ni que el Estado intervenga en los asuntos religiosos\u201d.<\/p>\n<p>La socialdemocracia est\u00e1 proyectada hacia el futuro, subray\u00f3.<\/p>\n<p style=\"text-align: center;\"><strong>El zacatecano escribe para norteamericanos<\/strong><\/p>\n<p>En este contexto, y como respuesta a su presencia en amplios medios mexicanos, <strong>Ricardo Monreal<\/strong> inici\u00f3 ayer como colaborador editorial de <strong><em>The Washington Post<\/em><\/strong>.<\/p>\n<p>En meses anteriores aparecieron entrevistas suyas en otros grandes diarios internacionales, pero ahora los textos son de su autor\u00eda.<\/p>\n<p>En su presentaci\u00f3n, <em>The Washington Post<\/em> puntualiza que el zacatecano es presidente de la Junta de Coordinaci\u00f3n Pol\u00edtica y coordinador parlamentario del partido Morena en el Senado.<\/p>\n<p>En su primera colaboraci\u00f3n en el diario pol\u00edtico m\u00e1s influyente de la capital estadounidense<strong>, Monreal<\/strong>, advierte que Movimiento de Regeneraci\u00f3n Nacional o Morena es v\u00edctima de sus victorias.<\/p>\n<p>\u201cEn un inicio, su naturaleza de asociaci\u00f3n civil nos alej\u00f3 de la desconfianza que cubr\u00eda a todo el sistema de partidos nacionales\u201d, analiz\u00f3.<\/p>\n<p>El partido en el poder cont\u00f3 con el apoyo popular, dijo.<\/p>\n<p>\u201cHoy no s\u00f3lo tiene la Presidencia, sino 21 de las 32 entidades federativas\u201d.<\/p>\n<p>Pero desde que su primer l\u00edder nacional, <strong>Andr\u00e9s Manuel L\u00f3pez Obrador,<\/strong> lo dej\u00f3 para contender en las elecciones de 2018, \u201cMorena no ha sido capaz de instalar mecanismos de renovaci\u00f3n y selecci\u00f3n de dirigentes que verdaderamente se puedan catalogar como democr\u00e1ticos\u201d, indic\u00f3.<\/p>\n<p style=\"text-align: center;\"><strong>No vale decreto sobre la Constituci\u00f3n<\/strong><\/p>\n<p>Confrontados irremediablemente, el l\u00edder pri\u00edsta <strong>Alejandro Moreno,<\/strong> presidente de la Comisi\u00f3n de Gobernaci\u00f3n en San L\u00e1zaro, y quien deber\u00eda tramitar una reforma para integrar a la Guardia Nacional a la secretar\u00eda de la Defensa, consider\u00f3 no s\u00f3lo como un reto absurdo sino como una decisi\u00f3n fracasada desde antes de su nacimiento, el decreto del presidente <strong>Andr\u00e9s Manuel L\u00f3pez Obrador<\/strong> para realizar esta incorporaci\u00f3n.<\/p>\n<p>La Guardia Nacional, afirm\u00f3 <strong><em>\u201cAlito\u201d<\/em><\/strong>, es una instituci\u00f3n concebida bajo un mando civil y adscrita a la Secretar\u00eda de Seguridad y Protecci\u00f3n Ciudadana y simplemente ning\u00fan decreto presidencial puede alterar esta disposici\u00f3n.<\/p>\n<p>El priista precis\u00f3 que la \u00fanica forma de lograr la adscripci\u00f3n de la Guardia Nacional a la Sedena \u201cser\u00eda a trav\u00e9s de la mayor\u00eda calificada en el Congreso, la cual no tienen\u201d.<\/p>\n<p><em><a href=\"mailto:rvizcainoa@gmail.com\" target=\"_blank\" rel=\"noopener noreferrer\">vizcainoa@gmail.com<\/a><a href=\"mailto:rvizcainoa@gmail.com\" target=\"_blank\" rel=\"noopener noreferrer\"><br \/>\n<\/a><a href=\"http:\/\/endirecto.mx\" target=\"_blank\" rel=\"noopener noreferrer\">www.endirecto.mx<\/a><a href=\"mailto:rvizcainoa@gmail.com\" target=\"_blank\" rel=\"noopener noreferrer\"><br \/>\n<\/a><a href=\"https:\/\/twitter.com\/_rvizcaino\" target=\"_blank\" rel=\"noopener noreferrer\">@_RVizcaino<\/a><a href=\"mailto:rvizcainoa@gmail.com\" target=\"_blank\" rel=\"noopener noreferrer\"><br \/>\n<\/a><a href=\"https:\/\/www.facebook.com\/rvizcainoa\" target=\"_blank\" rel=\"noopener noreferrer\">facebook.com\/rvizcainoa<\/a><\/em><\/p>\n","protected":false},"excerpt":{"rendered":"<p><span style=\"color: #005497;\"><strong>Roberto Vizca\u00edno<\/strong><\/span><\/p>\n","protected":false},"author":3,"featured_media":0,"comment_status":"open","ping_status":"open","sticky":false,"template":"","format":"standard","meta":{"_monsterinsights_skip_tracking":false,"_monsterinsights_sitenote_active":false,"_monsterinsights_sitenote_note":"","_monsterinsights_sitenote_category":0,"footnotes":""},"categories":[136],"tags":[43674,93,94],"class_list":["post-556281","post","type-post","status-publish","format-standard","hentry","category-roberto-vizcaino-opinion","tag-opinion","tag-roberto-vizcaino","tag-tras-la-puerta-del-poder"],"_links":{"self":[{"href":"https:\/\/www.diarioimagen.net\/index.php?rest_route=\/wp\/v2\/posts\/556281","targetHints":{"allow":["GET"]}}],"collection":[{"href":"https:\/\/www.diarioimagen.net\/index.php?rest_route=\/wp\/v2\/posts"}],"about":[{"href":"https:\/\/www.diarioimagen.net\/index.php?rest_route=\/wp\/v2\/types\/post"}],"author":[{"embeddable":true,"href":"https:\/\/www.diarioimagen.net\/index.php?rest_route=\/wp\/v2\/users\/3"}],"replies":[{"embeddable":true,"href":"https:\/\/www.diarioimagen.net\/index.php?rest_route=%2Fwp%2Fv2%2Fcomments&post=556281"}],"version-history":[{"count":0,"href":"https:\/\/www.diarioimagen.net\/index.php?rest_route=\/wp\/v2\/posts\/556281\/revisions"}],"wp:attachment":[{"href":"https:\/\/www.diarioimagen.net\/index.php?rest_route=%2Fwp%2Fv2%2Fmedia&parent=556281"}],"wp:term":[{"taxonomy":"category","embeddable":true,"href":"https:\/\/www.diarioimagen.net\/index.php?rest_route=%2Fwp%2Fv2%2Fcategories&post=556281"},{"taxonomy":"post_tag","embeddable":true,"href":"https:\/\/www.diarioimagen.net\/index.php?rest_route=%2Fwp%2Fv2%2Ftags&post=556281"}],"curies":[{"name":"wp","href":"https:\/\/api.w.org\/{rel}","templated":true}]}}