{"id":556347,"date":"2022-08-11T00:02:03","date_gmt":"2022-08-11T05:02:03","guid":{"rendered":"https:\/\/www.diarioimagen.net\/?p=556347"},"modified":"2022-08-11T04:13:00","modified_gmt":"2022-08-11T09:13:00","slug":"arremetera-ahora-amlo-contra-catolicos-cristianos-evangelicos-bautistas-y-presbiterianos","status":"publish","type":"post","link":"https:\/\/www.diarioimagen.net\/?p=556347","title":{"rendered":"\u00bfArremeter\u00e1 ahora AMLO contra cat\u00f3licos, cristianos, evang\u00e9licos, bautistas y presbiterianos?"},"content":{"rendered":"<h2>La Retaguardia<\/h2>\n<h5>Adriana Moreno Cordero<\/h5>\n<p><em>\u00a0<\/em><\/p>\n<ul>\n<li><strong><em>Aunque se r\u00eda Leonel Godoy, la reforma electoral no pasar\u00e1<\/em><\/strong><\/li>\n<\/ul>\n<p>&nbsp;<\/p>\n<p>No ha pasado tanto tiempo desde que en su gustadisimo \u201cstand-up\u201d ma\u00f1anero y para no variar, el presidente <strong>Andr\u00e9s Manuel L\u00f3pez Obrador<\/strong> arremeti\u00f3 en contra de los integrantes de la Iglesia cat\u00f3lica, luego del asesinato de los sacerdotes <strong>Javier Campos Morales<\/strong> y <strong>Joaqu\u00edn Mora Salazar<\/strong>, as\u00ed como de un gu\u00eda de turistas, Pedro Palma, en la comunidad de Cerocahui, Chihuahua, y por cierto, sobre quien cometi\u00f3 este crimen, <strong>Jos\u00e9 Noriel<\/strong>, alias \u201cEl Chueco\u201d, ni sus luces en medio de lo que parece ser la m\u00e1s absoluta impundad o a lo mejor lo andan buscando para prodigarle su buena dosis de abrazos.<\/p>\n<p>En aquella ocasi\u00f3n, el de Tepetit\u00e1n acus\u00f3 a los religiosos de \u201cestar apergollados por la oligarqu\u00eda\u201d y no seguir las ense\u00f1anzas del Papa Francisco y todo, porque los primeros se atrevieron a cuestionar la dizque \u201cestrategia\u201d del Presidente para combatir la inseguridad. En aquella ocasi\u00f3n, los sacerdotes coincidieron en que los abrazos ya no alcanzaban para tant\u00edsimos balazos.<\/p>\n<p>Todav\u00eda, el inquilino de Palacio Nacional fue m\u00e1s all\u00e1 en medio de sus propias contradicciones, asegurando que si hubiera continuado en la din\u00e1mica de combatir con violencia al crimen organizado, \u201cel pa\u00eds estar\u00eda en completa descomposici\u00f3n ingobernable\u201d. Aqu\u00ed valdr\u00eda la pena preguntarle a L\u00f3pez Obrador: \u00bfM\u00e9xico no se encuentra entonces en absoluta descomposici\u00f3n ingobernable?, pues qu\u00e9 bien lo disimula esta errada y llamada Cuarta Transformaci\u00f3n.<\/p>\n<p>Mucho se coment\u00f3 en los corrillos pol\u00edticos que como el Presidente no es cat\u00f3lico, sino que profesa la religi\u00f3n cristiana, bajo el argumento de que es seguidor de Jesucristo \u201cporque defend\u00eda a los pobres y estaba a favor de los oprimidos\u201d. Este \u00faltimo \u201ccomercial\u201d corri\u00f3 a cargo del propio tabasque\u00f1o por aquello de que estaba perdiendo bonos con aquello de que es el Mes\u00edas Tropical y recientemente, trae el argumento de la \u201cpobreza franciscana\u201d que -ojo- no aplica para su familia ni sus cercanos.<\/p>\n<p>La Arquidi\u00f3cesis de M\u00e9xico en su editorial del semanario \u201cDesde la Fe\u201d correspondiente a esa fecha, dio datos duros que molestaron much\u00edsimo a L\u00f3pez Obrador al se\u00f1alar que \u201cel n\u00famero de asesinatos en lo que va del sexenio, supera las 122 mil personas\u201d.<\/p>\n<p>Ahora puede que al Presidente se le \u201cvoltee el chirri\u00f3n por el palito\u201d y el tema resurja, ya que representantes y l\u00edderes de las diversas iglesias como los propios cat\u00f3licos, cristianos, evang\u00e9licos, bautistas y presbiterianos, se reunieron y acordaron trabajar en conjunto para impulsar desde su \u00e1mbito, acciones contra la violencia e inseguridad, en algo que esta errada y llamada Cuarta Transformaci\u00f3n no ha podido lograr ni de lejos y m\u00e1s bien se dedica a proteger a los delincuentes al son de que ellos tambi\u00e9n son seres humanos.<\/p>\n<p>Entre las medidas que acordaron los religiosos est\u00e1 orar de manera permanente por la paz en M\u00e9xico e invitar a todas las personas, sin importar cu\u00e1l sea su credo, a sumarse.<\/p>\n<p>Y es que tal parece que los \u00fanicos que se resisten a ver el clima de violencia suprema; un escenario muy preocupante que priva en M\u00e9xico, desde luego, es el Presidente y su gabinete. Reconocer la ineficiencia que ha tenido el tabasque\u00f1o en el control de la inseguridad, podr\u00eda costar muy caro a los miembros de su c\u00edrculo cercano. No se puede cerrar los ojos ante los violentos hechos que se registraron en Guadalajara y Guanajuato, que gobiernan <strong>Enrique Alfaro<\/strong> y <strong>Diego Sinhue Rodr\u00edguez<\/strong>, respectivamente. Ambas entidades ardieron porque fueron incendiados veh\u00edculos y curiosamente, alrededor de 32 tiendas de la cadena Oxxo -entre Jalisco y Guanajuato-, s\u00ed, esas que tanto le incomodan al Presidente porque ha dicho que no pagan la tarifa de luz que debieran, por enfentamientos encabezados por el C\u00e1rtel Jalisco Nueva Generaci\u00f3n, (CJNG), as\u00ed como otro tipo de comercios. Cu\u00e1ntas casualidades.<\/p>\n<p>Habr\u00e1 que esperar a ver si en su gustad\u00edsimo \u201cstand-up\u201d ma\u00f1anero de hoy, no le da al de Tepetit\u00e1n por volver a arremeter ahora hasta en contra de integrantes de su propia religi\u00f3n, la cristiana o bien, se hace como que no escuch\u00f3 ni vio nada, como en los tiempos del salinismo, \u00bfo no?<\/p>\n<p style=\"text-align: center;\"><strong>Municiones<\/strong><\/p>\n<p>*** Familiares de las v\u00edctimas de la tragedia de la L\u00ednea 12 del Metro denunciaron a 7 ministerios p\u00fablicos, dadas las maniobras que han realizado -probablemente por instrucciones de quien despacha en el Antiguo Palacio del Ayuntamiento-, para que la ex directora del Sistema de Transporte Colectivo Metro, la flamante <strong>Florencia Serran\u00eda Soto<\/strong>, no comparezca por su m\u00e1s que evidente responsabilidad en estos desafortunados hechos que tanto incomodan a esta errada y llamada Cuarta Transformaci\u00f3n.<\/p>\n<p>*** En la Comisi\u00f3n Permanente, vaya que los legisladores de Morena pasan trabajos para intentar justificar los dislates de su jefe, el que despacha en Palacio Nacional. Resulta que en conferencia de prensa encabezada por el senador <strong>Alejandro Armenta Mier<\/strong>, que habr\u00e1 un proyecto de iniciativa sobre la Guardia Nacional, que se discutir\u00e1 en las C\u00e1maras del Congreso, como lo anunci\u00f3 el Ejecutivo Federal, y que no existe un \u201cdecretazo\u201d presidencial como argumentan los partidos de oposici\u00f3n. Se tiene que reiterar: \u201cno hay peor ciego que el que no quiere ver\u201d y a los diputados y senadores morenistas que son fieles seguidores de L\u00f3pez Obrador, como puede verse, no les importa hacer el rid\u00edculo, del tama\u00f1o que \u00e9ste sea, con tal de complacer al tabasque\u00f1o. Por su parte, el diputado Leonel Godoy, anunci\u00f3 que el Presidente mandar\u00eda una reforma de ley sobre la Guardia Nacional, para que se debate en el Congreso de la Uni\u00f3n. Pues aunque le d\u00e9 mucha risa al ex gobernador michoacano, el bloque opositor en el Legislativo, ya anunci\u00f3 que, al igual que la reforma el\u00e9ctrica, la controvertida reforma electoral que pretende imponer el Ejecutivo, no va a pasar.<\/p>\n<p>*** Con el voto en contra de los magistrados <strong>Felipe de la Mata Piza\u00f1a<\/strong> y <strong>Janine Ot\u00e1lora<\/strong>, el Tribunal Electoral del Poder Judicial de la Federaci\u00f3n, (TEPJF), dej\u00f3 sin efecto la sentencia que imped\u00eda al ex gobernador de Baja California, <strong>Jaime Bonilla Valdez<\/strong>, regresar a su esca\u00f1o en el Senado de la Rep\u00fablica. Como se recordar\u00e1, quien hizo todo lo que estuvo a su alcance por permanecer en la gubernatura cinco a\u00f1os y no dos, visit\u00f3 en un par de ocasiones la C\u00e1mara alta, as\u00ed como para semblantear c\u00f3mo era recibido. As\u00ed que su suplente, Gerardo Novelo, tendr\u00e1 que irse y seguramente, parte de la bancada de Morena en esa instancia legislativa lo cobijar\u00e1. \u00bfPor qu\u00e9 ser\u00e1 que al ex gobernador Bonilla le urge tener fuero?<\/p>\n<p><u><a href=\"mailto:morcora@gmail.com\" target=\"_blank\" rel=\"noopener noreferrer\"><em>morcora@gmail.com<\/em><\/a><\/u><\/p>\n","protected":false},"excerpt":{"rendered":"<p><span style=\"color: #005497;\"><strong>Adriana Moreno Cordero<\/strong><\/span><\/p>\n","protected":false},"author":3,"featured_media":0,"comment_status":"open","ping_status":"open","sticky":false,"template":"","format":"standard","meta":{"_monsterinsights_skip_tracking":false,"_monsterinsights_sitenote_active":false,"_monsterinsights_sitenote_note":"","_monsterinsights_sitenote_category":0,"footnotes":""},"categories":[69370],"tags":[69369,69368,43674],"class_list":["post-556347","post","type-post","status-publish","format-standard","hentry","category-adriana-moreno-cordero","tag-adriana-moreno-cordero","tag-la-retaguardia","tag-opinion"],"_links":{"self":[{"href":"https:\/\/www.diarioimagen.net\/index.php?rest_route=\/wp\/v2\/posts\/556347","targetHints":{"allow":["GET"]}}],"collection":[{"href":"https:\/\/www.diarioimagen.net\/index.php?rest_route=\/wp\/v2\/posts"}],"about":[{"href":"https:\/\/www.diarioimagen.net\/index.php?rest_route=\/wp\/v2\/types\/post"}],"author":[{"embeddable":true,"href":"https:\/\/www.diarioimagen.net\/index.php?rest_route=\/wp\/v2\/users\/3"}],"replies":[{"embeddable":true,"href":"https:\/\/www.diarioimagen.net\/index.php?rest_route=%2Fwp%2Fv2%2Fcomments&post=556347"}],"version-history":[{"count":0,"href":"https:\/\/www.diarioimagen.net\/index.php?rest_route=\/wp\/v2\/posts\/556347\/revisions"}],"wp:attachment":[{"href":"https:\/\/www.diarioimagen.net\/index.php?rest_route=%2Fwp%2Fv2%2Fmedia&parent=556347"}],"wp:term":[{"taxonomy":"category","embeddable":true,"href":"https:\/\/www.diarioimagen.net\/index.php?rest_route=%2Fwp%2Fv2%2Fcategories&post=556347"},{"taxonomy":"post_tag","embeddable":true,"href":"https:\/\/www.diarioimagen.net\/index.php?rest_route=%2Fwp%2Fv2%2Ftags&post=556347"}],"curies":[{"name":"wp","href":"https:\/\/api.w.org\/{rel}","templated":true}]}}