{"id":556591,"date":"2022-08-15T00:01:30","date_gmt":"2022-08-15T05:01:30","guid":{"rendered":"https:\/\/www.diarioimagen.net\/?p=556591"},"modified":"2022-08-15T02:36:42","modified_gmt":"2022-08-15T07:36:42","slug":"busca-el-diputado-max-correa-cambiar-la-denominacion-de-legislatura-a-congreso","status":"publish","type":"post","link":"https:\/\/www.diarioimagen.net\/?p=556591","title":{"rendered":"Busca el diputado Max Correa cambiar la\u00a0denominaci\u00f3n de Legislatura a Congreso"},"content":{"rendered":"<p>&nbsp;<\/p>\n<ul>\n<li><em><strong>Presenta iniciativa de reforma<\/strong><\/em><\/li>\n<\/ul>\n<p>&nbsp;<\/p>\n<div id=\"attachment_556644\" style=\"width: 470px\" class=\"wp-caption aligncenter\"><img loading=\"lazy\" decoding=\"async\" aria-describedby=\"caption-attachment-556644\" class=\"size-full wp-image-556644\" src=\"https:\/\/www.diarioimagen.net\/wp-content\/uploads\/2022\/08\/Busca.jpg\" alt=\"\" width=\"460\" height=\"270\" \/><p id=\"caption-attachment-556644\" class=\"wp-caption-text\">Max Correa present\u00f3 en la sesi\u00f3n de la Diputaci\u00f3n Permanente, una iniciativa para cambiar la denominaci\u00f3n de Legislatura por Congreso.<\/p><\/div>\n<p>&nbsp;<\/p>\n<p><strong>Toluca, Estado de M\u00e9xico.\u2014<\/strong> El diputado Max Correa present\u00f3 en la sesi\u00f3n de la Diputaci\u00f3n Permanente, una iniciativa para cambiar la denominaci\u00f3n de Legislatura por Congreso, pues hoy 28 entidades del pa\u00eds as\u00ed lo especifican y s\u00f3lo en cuatro denominan a su \u00f3rgano legislativo como Legislatura, adem\u00e1s de impulsar lenguaje incluyente al referirse a las diputaciones.<\/p>\n<p>Al explicar la propuesta de su compa\u00f1ero de bancada, el diputado Isaac Montoya, explic\u00f3 que se plantea reformar el primer p\u00e1rrafo del art\u00edculo 38 de la Constituci\u00f3n Pol\u00edtica del Estado Libre y Soberano de M\u00e9xico, con el prop\u00f3sito de establecer que el Poder Legislativo se deposita en una Asamblea denominada Congreso del Estado Libre y Soberano de M\u00e9xico y de precisar que los Congresos constitucionales electos mediante los principios democr\u00e1ticos se denominan legislaturas precedidas por su numeraci\u00f3n cronol\u00f3gica.<\/p>\n<p>La exposici\u00f3n de motivos se\u00f1ala que en el art\u00edculo 28 de la Constituci\u00f3n Pol\u00edtica del Estado Libre de M\u00e9xico expedida el 14 de febrero de 1827 se establec\u00eda que \u201cel Poder Legislativo reside en su Congreso\u201d; principio que se mantuvo en las constituciones pol\u00edticas expedidas el 12 de octubre de 1861 y del 14 de octubre de 1870, hasta que en la Constituci\u00f3n Pol\u00edtica expedida el 31 de octubre de 1917 se estableci\u00f3 que \u201cel ejercicio del Poder Legislativo se deposita en una Asamblea que se denominar\u00e1 Legislatura del Estado, y que ser\u00e1 integrada por diputados electos directa y popularmente\u201d.<\/p>\n<p>El cambio de la denominaci\u00f3n del nombre de la Asamblea del Poder Legislativo de Legislatura por Congreso no vulnera lo dispuesto en el art\u00edculo 116 de la Constituci\u00f3n Pol\u00edtica de los Estados Unidos Mexicanos, a pesar de que en su segundo p\u00e1rrafo de la fracci\u00f3n II se establece que \u201cel n\u00famero de representantes en las legislaturas de los estados ser\u00e1 proporcional al de los habitantes de cada uno\u201d.<\/p>\n","protected":false},"excerpt":{"rendered":"<p>El diputado Max Correa present\u00f3 en la sesi\u00f3n de la Diputaci\u00f3n Permanente, una iniciativa para cambiar la denominaci\u00f3n de Legislatura por Congreso, pues hoy 28 entidades del pa\u00eds as\u00ed lo especifican y s\u00f3lo en cuatro denominan a su \u00f3rgano legislativo como Legislatura, adem\u00e1s de impulsar lenguaje incluyente al referirse a las diputaciones.<\/p>\n","protected":false},"author":3,"featured_media":556644,"comment_status":"open","ping_status":"open","sticky":false,"template":"","format":"standard","meta":{"_monsterinsights_skip_tracking":false,"_monsterinsights_sitenote_active":false,"_monsterinsights_sitenote_note":"","_monsterinsights_sitenote_category":0,"footnotes":""},"categories":[5],"tags":[406,43675,1752,452],"class_list":["post-556591","post","type-post","status-publish","format-standard","has-post-thumbnail","hentry","category-estado-de-mexico","tag-congreso","tag-estado-de-mexico","tag-legislatura","tag-toluca"],"_links":{"self":[{"href":"https:\/\/www.diarioimagen.net\/index.php?rest_route=\/wp\/v2\/posts\/556591","targetHints":{"allow":["GET"]}}],"collection":[{"href":"https:\/\/www.diarioimagen.net\/index.php?rest_route=\/wp\/v2\/posts"}],"about":[{"href":"https:\/\/www.diarioimagen.net\/index.php?rest_route=\/wp\/v2\/types\/post"}],"author":[{"embeddable":true,"href":"https:\/\/www.diarioimagen.net\/index.php?rest_route=\/wp\/v2\/users\/3"}],"replies":[{"embeddable":true,"href":"https:\/\/www.diarioimagen.net\/index.php?rest_route=%2Fwp%2Fv2%2Fcomments&post=556591"}],"version-history":[{"count":0,"href":"https:\/\/www.diarioimagen.net\/index.php?rest_route=\/wp\/v2\/posts\/556591\/revisions"}],"wp:featuredmedia":[{"embeddable":true,"href":"https:\/\/www.diarioimagen.net\/index.php?rest_route=\/wp\/v2\/media\/556644"}],"wp:attachment":[{"href":"https:\/\/www.diarioimagen.net\/index.php?rest_route=%2Fwp%2Fv2%2Fmedia&parent=556591"}],"wp:term":[{"taxonomy":"category","embeddable":true,"href":"https:\/\/www.diarioimagen.net\/index.php?rest_route=%2Fwp%2Fv2%2Fcategories&post=556591"},{"taxonomy":"post_tag","embeddable":true,"href":"https:\/\/www.diarioimagen.net\/index.php?rest_route=%2Fwp%2Fv2%2Ftags&post=556591"}],"curies":[{"name":"wp","href":"https:\/\/api.w.org\/{rel}","templated":true}]}}