{"id":556593,"date":"2022-08-15T00:04:01","date_gmt":"2022-08-15T05:04:01","guid":{"rendered":"https:\/\/www.diarioimagen.net\/?p=556593"},"modified":"2022-08-15T02:36:03","modified_gmt":"2022-08-15T07:36:03","slug":"arranca-en-metepec-medico-en-tu-casa","status":"publish","type":"post","link":"https:\/\/www.diarioimagen.net\/?p=556593","title":{"rendered":"Arranca en Metepec, \u201cM\u00e9dico en tu Casa\u201d"},"content":{"rendered":"<p>&nbsp;<\/p>\n<p><img loading=\"lazy\" decoding=\"async\" class=\"aligncenter size-full wp-image-556642\" src=\"https:\/\/www.diarioimagen.net\/wp-content\/uploads\/2022\/08\/arranca.jpg\" alt=\"\" width=\"460\" height=\"270\" \/><\/p>\n<p>&nbsp;<\/p>\n<p><strong>Metepec, Estado de M\u00e9xico.\u2014 <\/strong>Uno de los programas insignia del gobierno municipal de Metepec, \u201cM\u00e9dico en tu Casa\u201d, arranc\u00f3 con la entrega por parte del alcalde Fernando Flores Fern\u00e1ndez, de tarjetas a beneficiarios -poblaci\u00f3n abierta-, que ya podr\u00e1n tener servicio de consulta m\u00e9dica gratuita en sus hogares, con medicinas para personas con enfermedades cr\u00f3nico degenerativas.<\/p>\n<p>En el pueblo de San Sebasti\u00e1n, donde se reunieron al menos 3 mil personas de toda la demarcaci\u00f3n registradas en el programa, inici\u00f3 el esquema de salud m\u00e1s ambicioso e hist\u00f3rico de Metepec, \u00fanico de su tipo a nivel municipal en la entidad, que al momento tiene registrados 11 mil personas.<\/p>\n","protected":false},"excerpt":{"rendered":"<p>Uno de los programas insignia del gobierno municipal de Metepec, \u201cM\u00e9dico en tu Casa\u201d, arranc\u00f3 con la entrega por parte del alcalde Fernando Flores Fern\u00e1ndez, de tarjetas a beneficiarios -poblaci\u00f3n abierta-, que ya podr\u00e1n tener servicio de consulta m\u00e9dica gratuita en sus hogares, con medicinas para personas con enfermedades cr\u00f3nico degenerativas.<\/p>\n","protected":false},"author":3,"featured_media":556642,"comment_status":"open","ping_status":"open","sticky":false,"template":"","format":"standard","meta":{"_monsterinsights_skip_tracking":false,"_monsterinsights_sitenote_active":false,"_monsterinsights_sitenote_note":"","_monsterinsights_sitenote_category":0,"footnotes":""},"categories":[5],"tags":[43675,34473,876],"class_list":["post-556593","post","type-post","status-publish","format-standard","has-post-thumbnail","hentry","category-estado-de-mexico","tag-estado-de-mexico","tag-medico-en-tu-casa","tag-metepec"],"_links":{"self":[{"href":"https:\/\/www.diarioimagen.net\/index.php?rest_route=\/wp\/v2\/posts\/556593","targetHints":{"allow":["GET"]}}],"collection":[{"href":"https:\/\/www.diarioimagen.net\/index.php?rest_route=\/wp\/v2\/posts"}],"about":[{"href":"https:\/\/www.diarioimagen.net\/index.php?rest_route=\/wp\/v2\/types\/post"}],"author":[{"embeddable":true,"href":"https:\/\/www.diarioimagen.net\/index.php?rest_route=\/wp\/v2\/users\/3"}],"replies":[{"embeddable":true,"href":"https:\/\/www.diarioimagen.net\/index.php?rest_route=%2Fwp%2Fv2%2Fcomments&post=556593"}],"version-history":[{"count":0,"href":"https:\/\/www.diarioimagen.net\/index.php?rest_route=\/wp\/v2\/posts\/556593\/revisions"}],"wp:featuredmedia":[{"embeddable":true,"href":"https:\/\/www.diarioimagen.net\/index.php?rest_route=\/wp\/v2\/media\/556642"}],"wp:attachment":[{"href":"https:\/\/www.diarioimagen.net\/index.php?rest_route=%2Fwp%2Fv2%2Fmedia&parent=556593"}],"wp:term":[{"taxonomy":"category","embeddable":true,"href":"https:\/\/www.diarioimagen.net\/index.php?rest_route=%2Fwp%2Fv2%2Fcategories&post=556593"},{"taxonomy":"post_tag","embeddable":true,"href":"https:\/\/www.diarioimagen.net\/index.php?rest_route=%2Fwp%2Fv2%2Ftags&post=556593"}],"curies":[{"name":"wp","href":"https:\/\/api.w.org\/{rel}","templated":true}]}}