{"id":556594,"date":"2022-08-15T00:03:32","date_gmt":"2022-08-15T05:03:32","guid":{"rendered":"https:\/\/www.diarioimagen.net\/?p=556594"},"modified":"2022-08-15T02:35:44","modified_gmt":"2022-08-15T07:35:44","slug":"abogados-mexiquenses-decididos-a-combatir-el-coyotaje-en-edomex","status":"publish","type":"post","link":"https:\/\/www.diarioimagen.net\/?p=556594","title":{"rendered":"Abogados mexiquenses, decididos a combatir el \u201ccoyotaje\u201d en Edomex"},"content":{"rendered":"<p>&nbsp;<\/p>\n<ul>\n<li><em><strong>Imparten cursos-taller a familiares de procesados<\/strong><\/em><\/li>\n<\/ul>\n<p>&nbsp;<\/p>\n<div id=\"attachment_556640\" style=\"width: 470px\" class=\"wp-caption aligncenter\"><img loading=\"lazy\" decoding=\"async\" aria-describedby=\"caption-attachment-556640\" class=\"size-full wp-image-556640\" src=\"https:\/\/www.diarioimagen.net\/wp-content\/uploads\/2022\/08\/abogados.jpg\" alt=\"\" width=\"460\" height=\"270\" \/><p id=\"caption-attachment-556640\" class=\"wp-caption-text\">Durante la inauguraci\u00f3n de una nueva sede de DEMLEX, afiliada al Congreso Nacional de Abogados, los abogados lamentaron que la a\u00f1eja practica del \u201ccoyotaje\u201d se siga dando, tanto en juzgados como afuera.<\/p><\/div>\n<p>&nbsp;<\/p>\n<p><strong>Cuautitl\u00e1n, Estado de M\u00e9xico.\u2014<\/strong> Bajo la consigna de combatir el \u201ccoyotaje\u201d, un grupo de j\u00f3venes abogados mexiquenses, est\u00e1n decididos a erradicar este flagelo que se da por el desconocimiento de la gente de sus propios derechos.<\/p>\n<p>As\u00ed lo manifestaron los licenciados Jonathan Garc\u00eda Vega y Santiago S\u00e1nchez S\u00e1nchez, directores generales de DEMLEX Abogados, quienes informaron que para lograr este objetivo, esta firma legal ya imparte cursos-taller, dirigidos principalmente, a familiares de procesados, para que conozcan los derechos de los que gozan; aunado a que, en algunos casos y, con previo estudio socioecon\u00f3mico, se brinda atenci\u00f3n jur\u00eddica gratuita, durante todo el tiempo que dure el curso, hasta su resoluci\u00f3n,\u00a0 cumpliendo as\u00ed, con su responsabilidad social.<\/p>\n<p>En el marco de la inauguraci\u00f3n de una nueva sede de DEMLEX (Derecho Estrat\u00e9gico de M\u00e9xico), afiliada al Congreso Nacional de Abogados, ubicada en estos municipios, los abogados lamentaron que \u201cla a\u00f1eja practica del coyotaje se siga dando, tanto en juzgados como fuera de las instancias, manteniendo empantanados los casos, en detrimento de los procesados y sus familiares\u201d, dijeron.<\/p>\n<p>Ante ello y con una experiencia legal en materias administrativa, civil, familiar, mercantil, laboral (individual y colectivo), penal y de gesti\u00f3n empresarial, la\u00a0firma DEMLEX (Derecho Estrat\u00e9gico de M\u00e9xico), abri\u00f3 su nueva sede, donde un profesional equipo de abogados, est\u00e1 debidamente preparado y capacitado, para atender las necesidades de defensa y\/o representaci\u00f3n de cualquier tipo de caso.<\/p>\n<p>Entrevistados en sus oficinas, ubicadas en cerrada Art\u00edculo 123, esquina con Art\u00edculo 124, colonia Necapa, en Cuautitl\u00e1n, M\u00e9xico, detallaron que DEMLEX brinda asesor\u00edas jur\u00eddicas con alto nivel de atenci\u00f3n especializada en cada materia, generando la confianza y recomendaci\u00f3n de la que, desde hace muchos a\u00f1os, sit\u00faa a este corporativo jur\u00eddico, como una prestigiosa firma legal, a nivel estatal y nacional.<\/p>\n<p>Destacaron que por \u00e9stas y muchas razones m\u00e1s, DEMLEX est\u00e1 afiliado y reconocido por el Congreso Nacional de la Abogac\u00eda(CNA), como una de las m\u00e1s importantes firmas legales en el pa\u00eds y que, ahora; se acerca m\u00e1s, a la poblaci\u00f3n de Cuautitl\u00e1n y municipios aleda\u00f1os que requieran de un servicio tanto de calidad como de calidez humana; tal como se hizo en sus oficinas de San Pedro Barrientos, en Tlalnepantla; las que por la pandemia fueron cerradas temporalmente y se pretende, reaperturarlas en diciembre pr\u00f3ximo.<\/p>\n","protected":false},"excerpt":{"rendered":"<p>Bajo la consigna de combatir el \u201ccoyotaje\u201d, un grupo de j\u00f3venes abogados mexiquenses, est\u00e1n decididos a erradicar este flagelo que se da por el desconocimiento de la gente de sus propios derechos.<\/p>\n","protected":false},"author":3,"featured_media":556640,"comment_status":"open","ping_status":"open","sticky":false,"template":"","format":"standard","meta":{"_monsterinsights_skip_tracking":false,"_monsterinsights_sitenote_active":false,"_monsterinsights_sitenote_note":"","_monsterinsights_sitenote_category":0,"footnotes":""},"categories":[5],"tags":[681,43675],"class_list":["post-556594","post","type-post","status-publish","format-standard","has-post-thumbnail","hentry","category-estado-de-mexico","tag-cuautitlan","tag-estado-de-mexico"],"_links":{"self":[{"href":"https:\/\/www.diarioimagen.net\/index.php?rest_route=\/wp\/v2\/posts\/556594","targetHints":{"allow":["GET"]}}],"collection":[{"href":"https:\/\/www.diarioimagen.net\/index.php?rest_route=\/wp\/v2\/posts"}],"about":[{"href":"https:\/\/www.diarioimagen.net\/index.php?rest_route=\/wp\/v2\/types\/post"}],"author":[{"embeddable":true,"href":"https:\/\/www.diarioimagen.net\/index.php?rest_route=\/wp\/v2\/users\/3"}],"replies":[{"embeddable":true,"href":"https:\/\/www.diarioimagen.net\/index.php?rest_route=%2Fwp%2Fv2%2Fcomments&post=556594"}],"version-history":[{"count":0,"href":"https:\/\/www.diarioimagen.net\/index.php?rest_route=\/wp\/v2\/posts\/556594\/revisions"}],"wp:featuredmedia":[{"embeddable":true,"href":"https:\/\/www.diarioimagen.net\/index.php?rest_route=\/wp\/v2\/media\/556640"}],"wp:attachment":[{"href":"https:\/\/www.diarioimagen.net\/index.php?rest_route=%2Fwp%2Fv2%2Fmedia&parent=556594"}],"wp:term":[{"taxonomy":"category","embeddable":true,"href":"https:\/\/www.diarioimagen.net\/index.php?rest_route=%2Fwp%2Fv2%2Fcategories&post=556594"},{"taxonomy":"post_tag","embeddable":true,"href":"https:\/\/www.diarioimagen.net\/index.php?rest_route=%2Fwp%2Fv2%2Ftags&post=556594"}],"curies":[{"name":"wp","href":"https:\/\/api.w.org\/{rel}","templated":true}]}}