{"id":556596,"date":"2022-08-15T00:02:45","date_gmt":"2022-08-15T05:02:45","guid":{"rendered":"https:\/\/www.diarioimagen.net\/?p=556596"},"modified":"2022-08-15T02:35:06","modified_gmt":"2022-08-15T07:35:06","slug":"familias-desalojadas-de-sus-viviendas-por-policias-en-coacalco-claman-justicia","status":"publish","type":"post","link":"https:\/\/www.diarioimagen.net\/?p=556596","title":{"rendered":"Familias desalojadas de sus viviendas por polic\u00edas en Coacalco, claman justicia"},"content":{"rendered":"<p>&nbsp;<\/p>\n<ul>\n<li><em><strong>Denuncian abuso de autoridad<\/strong><\/em><\/li>\n<\/ul>\n<p>&nbsp;<\/p>\n<div id=\"attachment_556638\" style=\"width: 470px\" class=\"wp-caption aligncenter\"><img loading=\"lazy\" decoding=\"async\" aria-describedby=\"caption-attachment-556638\" class=\"size-full wp-image-556638\" src=\"https:\/\/www.diarioimagen.net\/wp-content\/uploads\/2022\/08\/familias.jpg\" alt=\"\" width=\"460\" height=\"270\" \/><p id=\"caption-attachment-556638\" class=\"wp-caption-text\">Habitantes de la Primera Fracci\u00f3n de Ex Rancho San Felipe Lotes I, II; III, IV y V, en Coacalco, salieron a las calles para exigir justicia por un desalojo.<\/p><\/div>\n<p>&nbsp;<\/p>\n<p><strong>Coacalco, Estado de M\u00e9xico.\u2014<\/strong> Familias que habitaban la comunidad denominada Primera Fracci\u00f3n de Ex Rancho San Felipe Lotes I, II; III, IV y V en Coacalco salieron a las calles para exigir justicia toda vez que no se ha hecho nada desde el 22 de mayo de 2021, fecha en que fueron desalojados violentamente de sus viviendas por polic\u00edas municipales y estatales para despu\u00e9s derrumbar sus casas, en un acto de total abuso de autoridad.<\/p>\n<p>Despu\u00e9s de que han recorrido varias instancias estatales para denunciar los hechos, las v\u00edctimas de esa comunidad que fue abruptamente \u201cdesaparecida\u201d para dar pie a la construcci\u00f3n de bodegas, que a\u00fan siguen sin operar; solicitaron el apoyo del Grupo Salmer\u00f3n-SITISA, que junto otras organizaciones sociales como Resistencia Civil Pac\u00edfica (PCP) \u00a0y otras que obligados por la sordera oficial en este caso, tomaron la V\u00eda Jos\u00e9 L\u00f3pez Portillo por varias horas hasta que obtuvieron respuesta por medio de la Secretar\u00eda General de Gobierno y la Fiscal\u00eda General de Justicia del Estado de M\u00e9xico (FGJEM)<\/p>\n<p>El licenciado Guillermo Garc\u00eda Salmer\u00f3n, Presidente del Grupo Salmer\u00f3n-SITISA, inform\u00f3 que gracias a la oportuna intervenci\u00f3n del licenciado Armando Medina Becerril,\u00a0Director de la Subsecretaria General de Gobierno, Regi\u00f3n Ecatepec, se logr\u00f3 iniciar una mesa de trabajo con la Fiscal\u00eda General de Justicia de esta misma zona, en la que se alcanzaron los primeros acuerdos, principalmente que esta dependencia se har\u00e1 cargo de la carpeta de investigaci\u00f3n de este caso; toda vez que la Fiscal\u00eda de Asuntos Especiales (FAE) se declar\u00f3 incompetente para continuarlo.<\/p>\n<p>\u201cAhora, ya con la carpeta en la Fiscal\u00eda General de Justicia, Regi\u00f3n Ecatepec; donde deber\u00eda haber estado desde que se inici\u00f3, se iniciar\u00e1 la leg\u00edtima defensa de los intereses de las familias que fueron v\u00edctimas de este abuso de autoridad y pugnaremos para que se les haga justicia\u201d, enfatiz\u00f3.<\/p>\n<p>Con este acuerdo, los manifestantes levantaron el bloqueo de la v\u00eda Jos\u00e9 L\u00f3pez Portillo, no sin antes advertir que si contin\u00faa empantanado su asunto tomar\u00e1n acciones m\u00e1s severas para exigir y lograr que se les haga justicia.<\/p>\n","protected":false},"excerpt":{"rendered":"<p>Familias que habitaban la comunidad denominada Primera Fracci\u00f3n de Ex Rancho San Felipe Lotes I, II; III, IV y V en Coacalco salieron a las calles para exigir justicia toda vez que no se ha hecho nada desde el 22 de mayo de 2021, fecha en que fueron desalojados violentamente de sus viviendas por polic\u00edas municipales y estatales para despu\u00e9s derrumbar sus casas, en un acto de total abuso de autoridad.<\/p>\n","protected":false},"author":3,"featured_media":556638,"comment_status":"open","ping_status":"open","sticky":false,"template":"","format":"standard","meta":{"_monsterinsights_skip_tracking":false,"_monsterinsights_sitenote_active":false,"_monsterinsights_sitenote_note":"","_monsterinsights_sitenote_category":0,"footnotes":""},"categories":[5],"tags":[96183,579,43675,4696],"class_list":["post-556596","post","type-post","status-publish","format-standard","has-post-thumbnail","hentry","category-estado-de-mexico","tag-claman","tag-coacalco","tag-estado-de-mexico","tag-justicia"],"_links":{"self":[{"href":"https:\/\/www.diarioimagen.net\/index.php?rest_route=\/wp\/v2\/posts\/556596","targetHints":{"allow":["GET"]}}],"collection":[{"href":"https:\/\/www.diarioimagen.net\/index.php?rest_route=\/wp\/v2\/posts"}],"about":[{"href":"https:\/\/www.diarioimagen.net\/index.php?rest_route=\/wp\/v2\/types\/post"}],"author":[{"embeddable":true,"href":"https:\/\/www.diarioimagen.net\/index.php?rest_route=\/wp\/v2\/users\/3"}],"replies":[{"embeddable":true,"href":"https:\/\/www.diarioimagen.net\/index.php?rest_route=%2Fwp%2Fv2%2Fcomments&post=556596"}],"version-history":[{"count":0,"href":"https:\/\/www.diarioimagen.net\/index.php?rest_route=\/wp\/v2\/posts\/556596\/revisions"}],"wp:featuredmedia":[{"embeddable":true,"href":"https:\/\/www.diarioimagen.net\/index.php?rest_route=\/wp\/v2\/media\/556638"}],"wp:attachment":[{"href":"https:\/\/www.diarioimagen.net\/index.php?rest_route=%2Fwp%2Fv2%2Fmedia&parent=556596"}],"wp:term":[{"taxonomy":"category","embeddable":true,"href":"https:\/\/www.diarioimagen.net\/index.php?rest_route=%2Fwp%2Fv2%2Fcategories&post=556596"},{"taxonomy":"post_tag","embeddable":true,"href":"https:\/\/www.diarioimagen.net\/index.php?rest_route=%2Fwp%2Fv2%2Ftags&post=556596"}],"curies":[{"name":"wp","href":"https:\/\/api.w.org\/{rel}","templated":true}]}}