{"id":556722,"date":"2022-08-16T00:02:17","date_gmt":"2022-08-16T05:02:17","guid":{"rendered":"https:\/\/www.diarioimagen.net\/?p=556722"},"modified":"2022-08-16T03:54:22","modified_gmt":"2022-08-16T08:54:22","slug":"queman-casa-de-la-alcaldesa-panista-de-san-jose-del-rincon-ana-maria-vazquez","status":"publish","type":"post","link":"https:\/\/www.diarioimagen.net\/?p=556722","title":{"rendered":"Queman casa de la alcaldesa panista de San Jos\u00e9 del Rinc\u00f3n, Ana Mar\u00eda V\u00e1zquez"},"content":{"rendered":"<p>&nbsp;<\/p>\n<ul>\n<li><em><strong>El PAN\u00a0condena hechos violentos\u00a0<\/strong><\/em><\/li>\n<\/ul>\n<p><strong>\u00a0<\/strong><\/p>\n<h6>Arturo Baena<\/h6>\n<p>&nbsp;<\/p>\n<div id=\"attachment_556808\" style=\"width: 470px\" class=\"wp-caption aligncenter\"><img loading=\"lazy\" decoding=\"async\" aria-describedby=\"caption-attachment-556808\" class=\"size-full wp-image-556808\" src=\"https:\/\/www.diarioimagen.net\/wp-content\/uploads\/2022\/08\/queman.jpg\" alt=\"\" width=\"460\" height=\"270\" \/><p id=\"caption-attachment-556808\" class=\"wp-caption-text\">El PAN en Edomex conden\u00f3 que la casa de la alcaldesa de San Jos\u00e9 del Rinc\u00f3n haya sido quemada por grupos que quieren sembrar la violencia .<\/p><\/div>\n<p>&nbsp;<\/p>\n<p><strong>Naucalpan, Estado de M\u00e9xico.\u2014<\/strong> Luego de que un grupo de supuestos pobladores quemara la casa de la presidenta municipal de San Jos\u00e9 del Rinc\u00f3n, el Partido Acci\u00f3n Nacional (PAN) mexiquense conden\u00f3 en\u00e9rgicamente la toma de la justicia por propia mano y los actos violentos, por lo que convoca al di\u00e1logo para resolver los reclamos.<\/p>\n<p>\u201cEl PAN en el Estado de M\u00e9xico apoya a la alcaldesa Ana Mar\u00eda V\u00e1zquez Carmona, quien en las \u00faltimas horas y d\u00edas ha sido blanco de ataques y amenazas de algunos pobladores en las redes sociales y siempre ha dado respuestas puntuales a las peticiones de sus gobernados de acuerdo al alcance de sus posibilidades dentro del marco del Derecho\u201d, dijo el dirigente Anuar Azar.<\/p>\n<p>Acci\u00f3n Nacional conden\u00f3 el hecho que la casa de la alcaldesa haya sido quemada por grupos que quieren sembrar la violencia bajo el signo del terror. De igual forma, se pide todo el rigor de la ley a quienes no escuchan, ni dialogan y desean que todo se solucione mediante la fuerza y la violencia, como el secuestro y luego liberaci\u00f3n de dos oficiales de la polic\u00eda estatal.<\/p>\n<p>Acci\u00f3n Nacional ya tiene di\u00e1logo con el secretario de Gobierno del Estado de M\u00e9xico, Luis Felipe Puente Espinosa, y reprueba categ\u00f3ricamente estos actos de violencia. \u201cHacemos un llamado a todas las autoridades para que se establezca una mesa de di\u00e1logo para resolver sus reclamos\u201d, dijo Anuar Azar.<\/p>\n","protected":false},"excerpt":{"rendered":"<p>Luego de que un grupo de supuestos pobladores quemara la casa de la presidenta municipal de San Jos\u00e9 del Rinc\u00f3n, el Partido Acci\u00f3n Nacional (PAN) mexiquense conden\u00f3 en\u00e9rgicamente la toma de la justicia por propia mano y los actos violentos, por lo que convoca al di\u00e1logo para resolver los reclamos.<\/p>\n","protected":false},"author":3,"featured_media":556808,"comment_status":"open","ping_status":"open","sticky":false,"template":"","format":"standard","meta":{"_monsterinsights_skip_tracking":false,"_monsterinsights_sitenote_active":false,"_monsterinsights_sitenote_note":"","_monsterinsights_sitenote_category":0,"footnotes":""},"categories":[5],"tags":[88510,43675,970,10308],"class_list":["post-556722","post","type-post","status-publish","format-standard","has-post-thumbnail","hentry","category-estado-de-mexico","tag-ana-maria-vazquez","tag-estado-de-mexico","tag-naucalpan","tag-san-jose-del-rincon"],"_links":{"self":[{"href":"https:\/\/www.diarioimagen.net\/index.php?rest_route=\/wp\/v2\/posts\/556722","targetHints":{"allow":["GET"]}}],"collection":[{"href":"https:\/\/www.diarioimagen.net\/index.php?rest_route=\/wp\/v2\/posts"}],"about":[{"href":"https:\/\/www.diarioimagen.net\/index.php?rest_route=\/wp\/v2\/types\/post"}],"author":[{"embeddable":true,"href":"https:\/\/www.diarioimagen.net\/index.php?rest_route=\/wp\/v2\/users\/3"}],"replies":[{"embeddable":true,"href":"https:\/\/www.diarioimagen.net\/index.php?rest_route=%2Fwp%2Fv2%2Fcomments&post=556722"}],"version-history":[{"count":0,"href":"https:\/\/www.diarioimagen.net\/index.php?rest_route=\/wp\/v2\/posts\/556722\/revisions"}],"wp:featuredmedia":[{"embeddable":true,"href":"https:\/\/www.diarioimagen.net\/index.php?rest_route=\/wp\/v2\/media\/556808"}],"wp:attachment":[{"href":"https:\/\/www.diarioimagen.net\/index.php?rest_route=%2Fwp%2Fv2%2Fmedia&parent=556722"}],"wp:term":[{"taxonomy":"category","embeddable":true,"href":"https:\/\/www.diarioimagen.net\/index.php?rest_route=%2Fwp%2Fv2%2Fcategories&post=556722"},{"taxonomy":"post_tag","embeddable":true,"href":"https:\/\/www.diarioimagen.net\/index.php?rest_route=%2Fwp%2Fv2%2Ftags&post=556722"}],"curies":[{"name":"wp","href":"https:\/\/api.w.org\/{rel}","templated":true}]}}