{"id":556723,"date":"2022-08-16T00:04:37","date_gmt":"2022-08-16T05:04:37","guid":{"rendered":"https:\/\/www.diarioimagen.net\/?p=556723"},"modified":"2022-08-16T03:54:32","modified_gmt":"2022-08-16T08:54:32","slug":"realizan-jovenes-naucalpenses-jornada-de-reforestacion","status":"publish","type":"post","link":"https:\/\/www.diarioimagen.net\/?p=556723","title":{"rendered":"Realizan j\u00f3venes naucalpenses\u00a0jornada de reforestaci\u00f3n"},"content":{"rendered":"<p>&nbsp;<\/p>\n<p><img loading=\"lazy\" decoding=\"async\" class=\"aligncenter wp-image-556807\" src=\"https:\/\/www.diarioimagen.net\/wp-content\/uploads\/2022\/08\/realizan.jpg\" alt=\"\" width=\"440\" height=\"426\" \/><\/p>\n<p>&nbsp;<\/p>\n<p><strong>Naucalpan, Estado de M\u00e9xico.\u2014<\/strong> Alrededor de 5 mil \u00e1rboles, entre pinos greggii y frutales, adem\u00e1s de arbustos, han sido plantados en esta localidad en lo que va del a\u00f1o, con el fin de restaurar las \u00e1reas naturales y urbanas del municipio.<\/p>\n<p>La meta del gobierno de Ang\u00e9lica Moya Mar\u00edn es reforestar con 20 mil \u00e1rboles en una extensi\u00f3n de 10 hect\u00e1reas. Con motivo del D\u00eda Internacional de la Juventud, celebrado el 12 de agosto, autoridades naucalpenses organizaron una jornada de reforestaci\u00f3n en el Parque Nacional Los Remedios, en la que se plantaron 250 pinos greggii con la participaci\u00f3n de personal de las Direcciones Generales de Medio Ambiente y Desarrollo Social, adem\u00e1s de unos 300 entusiastas j\u00f3venes naucalpenses de diversas escuelas, comunidades y asociaciones civiles.<\/p>\n","protected":false},"excerpt":{"rendered":"<p>Alrededor de 5 mil \u00e1rboles, entre pinos greggii y frutales, adem\u00e1s de arbustos, han sido plantados en esta localidad en lo que va del a\u00f1o, con el fin de restaurar las \u00e1reas naturales y urbanas del municipio.<\/p>\n","protected":false},"author":3,"featured_media":556807,"comment_status":"open","ping_status":"open","sticky":false,"template":"","format":"standard","meta":{"_monsterinsights_skip_tracking":false,"_monsterinsights_sitenote_active":false,"_monsterinsights_sitenote_note":"","_monsterinsights_sitenote_category":0,"footnotes":""},"categories":[5],"tags":[43675,970,45368],"class_list":["post-556723","post","type-post","status-publish","format-standard","has-post-thumbnail","hentry","category-estado-de-mexico","tag-estado-de-mexico","tag-naucalpan","tag-reforestacion"],"_links":{"self":[{"href":"https:\/\/www.diarioimagen.net\/index.php?rest_route=\/wp\/v2\/posts\/556723","targetHints":{"allow":["GET"]}}],"collection":[{"href":"https:\/\/www.diarioimagen.net\/index.php?rest_route=\/wp\/v2\/posts"}],"about":[{"href":"https:\/\/www.diarioimagen.net\/index.php?rest_route=\/wp\/v2\/types\/post"}],"author":[{"embeddable":true,"href":"https:\/\/www.diarioimagen.net\/index.php?rest_route=\/wp\/v2\/users\/3"}],"replies":[{"embeddable":true,"href":"https:\/\/www.diarioimagen.net\/index.php?rest_route=%2Fwp%2Fv2%2Fcomments&post=556723"}],"version-history":[{"count":0,"href":"https:\/\/www.diarioimagen.net\/index.php?rest_route=\/wp\/v2\/posts\/556723\/revisions"}],"wp:featuredmedia":[{"embeddable":true,"href":"https:\/\/www.diarioimagen.net\/index.php?rest_route=\/wp\/v2\/media\/556807"}],"wp:attachment":[{"href":"https:\/\/www.diarioimagen.net\/index.php?rest_route=%2Fwp%2Fv2%2Fmedia&parent=556723"}],"wp:term":[{"taxonomy":"category","embeddable":true,"href":"https:\/\/www.diarioimagen.net\/index.php?rest_route=%2Fwp%2Fv2%2Fcategories&post=556723"},{"taxonomy":"post_tag","embeddable":true,"href":"https:\/\/www.diarioimagen.net\/index.php?rest_route=%2Fwp%2Fv2%2Ftags&post=556723"}],"curies":[{"name":"wp","href":"https:\/\/api.w.org\/{rel}","templated":true}]}}