{"id":556726,"date":"2022-08-16T00:01:41","date_gmt":"2022-08-16T05:01:41","guid":{"rendered":"https:\/\/www.diarioimagen.net\/?p=556726"},"modified":"2022-08-16T03:53:15","modified_gmt":"2022-08-16T08:53:15","slug":"ninguna-ruptura-ni-division-al-interior-del-suteym-naucalpan-dicetomas-palomares","status":"publish","type":"post","link":"https:\/\/www.diarioimagen.net\/?p=556726","title":{"rendered":"Ninguna ruptura ni divisi\u00f3n al interior del SUTEyM-Naucalpan, diceTom\u00e1s Palomares"},"content":{"rendered":"<p>&nbsp;<\/p>\n<ul>\n<li><em><strong>Rechazo al discurso de \u201codios infundados\u201d<\/strong><\/em><\/li>\n<\/ul>\n<p><strong>\u00a0<\/strong><\/p>\n<h6>Arturo Baena<\/h6>\n<p>&nbsp;<\/p>\n<div id=\"attachment_556805\" style=\"width: 470px\" class=\"wp-caption aligncenter\"><img loading=\"lazy\" decoding=\"async\" aria-describedby=\"caption-attachment-556805\" class=\"size-full wp-image-556805\" src=\"https:\/\/www.diarioimagen.net\/wp-content\/uploads\/2022\/08\/ninguna.jpg\" alt=\"\" width=\"460\" height=\"270\" \/><p id=\"caption-attachment-556805\" class=\"wp-caption-text\">El secretario general del SUTEyM- Naucalpan, Tom\u00e1s Palomares Parra, convoc\u00f3 una vez m\u00e1s a mantener la unidad del gremio.<\/p><\/div>\n<p>&nbsp;<\/p>\n<p><strong>Naucalpan, Estado de M\u00e9xico.\u2014<\/strong> En el marco de la inauguraci\u00f3n del sal\u00f3n de Usos M\u00faltiples y Capacitaci\u00f3n \u201cJuana Parra S\u00e1nchez\u201d y de la oficina de la secretar\u00eda general \u201cDavid Parra S\u00e1nchez\u201d, el secretario general del SUTEyM, Tom\u00e1s Palomares Parra, convoc\u00f3, una vez m\u00e1s, a mantener la unidad del gremio, en todas sus manifestaciones y rechaz\u00f3 el discurso de \u201cvenganza y odios infundados\u201d, que tanto da\u00f1o hacen a las instituciones, y de manera especial de quienes pretenden vulnerar y dividir al sindicato con sus m\u00e1s de 4 mil trabajadores, cosa que, dijo \u201cnunca logran\u201d.<\/p>\n<p>Palomares Parra agradeci\u00f3 la presencia de los l\u00edderes hist\u00f3ricos de ese gremio sindical, como lo son el diputado local, David Parra S\u00e1nchez y de Juana Parra S\u00e1nchez, as\u00ed como de representantes del SUTEyM,\u00a0 del Estado de\u00a0 M\u00e9xico, en d\u00f3nde destac\u00f3 el esfuerzo, trabajo permanente y la lucha laboral, que encabeza el maestro Herminio Cahue Calder\u00f3n,\u00a0 a quien agradeci\u00f3 todo el\u00a0 apoyo y respaldo a la dirigencia en esta localidad.<\/p>\n<p>Acompa\u00f1ado de su comit\u00e9 seccional y de delegados de diferentes \u00e1reas de la administraci\u00f3n municipal, que encabeza la presidenta municipal Ang\u00e9lica Moya Mar\u00edn , se\u00a0 inauguraron \u201cel Sal\u00f3n de Usos M\u00faltiples y Capacitaci\u00f3n que a partir de hoy llevar\u00e1n los nombres de \u201cJuana Parra S\u00e1nchez\u00a0 y de las\u00a0 oficina de la Secretar\u00eda General , \u201cDavid Parra S\u00e1nchez\u201d, en la sede seccional de Naucalpan, \u201cFernando Palomares Parra\u201d, en esta secci\u00f3n<\/p>\n<p>En su intervenci\u00f3n, el diputado David Parra, l\u00edder moral de ese gremio, pidi\u00f3 a la base laboral a seguir transformando la realidad social desde el sindicato, con valor, entusiasmo, con mucha vocaci\u00f3n de servicio en favor de las familias naucalpenses y dej\u00f3 claro que \u201cnadie est\u00e1 por encima de la organizaci\u00f3n, ni tampoco, del tama\u00f1o que \u00e9ste sea, que venga a atropellar los derechos laborales y la unidad del SUTEyM secci\u00f3n Naucalpan.\u201d.<\/p>\n<p>Reiter\u00f3 que \u201cvamos a estar juntos en las decisiones y en la lucha\u201d, al tiempo que afirm\u00f3 que incluso en los procesos democr\u00e1ticos de elecci\u00f3n de su secretario y comit\u00e9 seccional, el cual llegar\u00e1 a buen puerto, pues la democracia interna de ese sindicato es y ser\u00e1 invulnerable.<\/p>\n<p>Parra S\u00e1nchez asegur\u00f3 que en \u201cen su oportunidad habr\u00e1 que abrirse a la renovaci\u00f3n sindical, y todos podr\u00e1n participar, sin que nadie obligue a nadie a hacerlo, y ser\u00e1n elecciones libres. Hay un sindicato que trabaja de manera transparente y en favor de sus agremiados \u201ca\u00fan y cuando hay personas que insisten en da\u00f1ar al sindicato, se encontrar\u00e1n con pared, e insisto qu\u00e9 la nuestra fortaleza es y ser\u00e1 nuestra unidad\u201d, concluy\u00f3.<\/p>\n","protected":false},"excerpt":{"rendered":"<p>En el marco de la inauguraci\u00f3n del sal\u00f3n de Usos M\u00faltiples y Capacitaci\u00f3n \u201cJuana Parra S\u00e1nchez\u201d y de la oficina de la secretar\u00eda general \u201cDavid Parra S\u00e1nchez\u201d, el secretario general del SUTEyM, Tom\u00e1s Palomares Parra, convoc\u00f3, una vez m\u00e1s, a mantener la unidad del gremio, en todas sus manifestaciones y rechaz\u00f3 el discurso de \u201cvenganza y odios infundados\u201d, que tanto da\u00f1o hacen a las instituciones, y de manera especial de quienes pretenden vulnerar y dividir al sindicato con sus m\u00e1s de 4 mil trabajadores, cosa que, dijo \u201cnunca logran\u201d.<\/p>\n","protected":false},"author":3,"featured_media":556805,"comment_status":"open","ping_status":"open","sticky":false,"template":"","format":"standard","meta":{"_monsterinsights_skip_tracking":false,"_monsterinsights_sitenote_active":false,"_monsterinsights_sitenote_note":"","_monsterinsights_sitenote_category":0,"footnotes":""},"categories":[5],"tags":[43675,970,2572],"class_list":["post-556726","post","type-post","status-publish","format-standard","has-post-thumbnail","hentry","category-estado-de-mexico","tag-estado-de-mexico","tag-naucalpan","tag-suteym"],"_links":{"self":[{"href":"https:\/\/www.diarioimagen.net\/index.php?rest_route=\/wp\/v2\/posts\/556726","targetHints":{"allow":["GET"]}}],"collection":[{"href":"https:\/\/www.diarioimagen.net\/index.php?rest_route=\/wp\/v2\/posts"}],"about":[{"href":"https:\/\/www.diarioimagen.net\/index.php?rest_route=\/wp\/v2\/types\/post"}],"author":[{"embeddable":true,"href":"https:\/\/www.diarioimagen.net\/index.php?rest_route=\/wp\/v2\/users\/3"}],"replies":[{"embeddable":true,"href":"https:\/\/www.diarioimagen.net\/index.php?rest_route=%2Fwp%2Fv2%2Fcomments&post=556726"}],"version-history":[{"count":0,"href":"https:\/\/www.diarioimagen.net\/index.php?rest_route=\/wp\/v2\/posts\/556726\/revisions"}],"wp:featuredmedia":[{"embeddable":true,"href":"https:\/\/www.diarioimagen.net\/index.php?rest_route=\/wp\/v2\/media\/556805"}],"wp:attachment":[{"href":"https:\/\/www.diarioimagen.net\/index.php?rest_route=%2Fwp%2Fv2%2Fmedia&parent=556726"}],"wp:term":[{"taxonomy":"category","embeddable":true,"href":"https:\/\/www.diarioimagen.net\/index.php?rest_route=%2Fwp%2Fv2%2Fcategories&post=556726"},{"taxonomy":"post_tag","embeddable":true,"href":"https:\/\/www.diarioimagen.net\/index.php?rest_route=%2Fwp%2Fv2%2Ftags&post=556726"}],"curies":[{"name":"wp","href":"https:\/\/api.w.org\/{rel}","templated":true}]}}