{"id":556817,"date":"2022-08-16T00:04:01","date_gmt":"2022-08-16T05:04:01","guid":{"rendered":"https:\/\/www.diarioimagen.net\/?p=556817"},"modified":"2022-08-16T04:07:19","modified_gmt":"2022-08-16T09:07:19","slug":"desestabilizacion-y-gobernabilidad","status":"publish","type":"post","link":"https:\/\/www.diarioimagen.net\/?p=556817","title":{"rendered":"Desestabilizaci\u00f3n y gobernabilidad"},"content":{"rendered":"<h2>Desde el portal<\/h2>\n<h5>\u00c1ngel Soriano<\/h5>\n<p>&nbsp;<\/p>\n<p>De ninguna manera debe permitirse que la pasi\u00f3n pol\u00edtica incendie el pa\u00eds: Se cuenta con las instituciones adecuadas para hacer de la lucha por el poder una v\u00eda civilizada para cambiar el estado de cosas, si es que algunos sectores consideran que la actual es inadecuada, pero de ninguna manera el sacrificio de la sociedad en su conjunto.<\/p>\n<p>La delincuencia com\u00fan u organizada, por lo general, es ajena a la lucha pol\u00edtica. Si as\u00ed lo fuera no recurrir\u00edan a acciones criminales en contra de la poblaci\u00f3n civil y de los sectores productivos y acudir\u00edan a los organismos creados para ello: Los partidos pol\u00edticos y las asociaciones civiles como instrumentos adecuados.<\/p>\n<p>Sus acciones criminales no est\u00e1n ajustadas al marco de Derecho y su capacidad de raciocinio es elemental, como incluso se muestra en las mantas y comunidades, con deficiencias gramaticales y lenguaje impropio, lo cual los descarta para contar con la educaci\u00f3n elemental para hacer de estos condenables eventos una acci\u00f3n pol\u00edtica.<\/p>\n<p>Por ello es importante aclarar y castigar a los culpables, para deslindar una u otra actividad y ubicar los hechos en el terreno que corresponde: delincuencia criminal, ajena a toda motivaci\u00f3n pol\u00edtica a efecto de garantizar la gobernabilidad y la tranquilidad de la poblaci\u00f3n, azorada por lo que en el vecino pa\u00eds del norte es considerado ya como terrorismo.<\/p>\n<p style=\"text-align: center;\"><strong>Turbulencias<br \/>\nLeticia Ram\u00edrez, titular de la SEP, lideresa sindical<\/strong><\/p>\n<p>Leticia Ram\u00edrez, ex lideresa sindical de la secci\u00f3n 9 de la CNTE, y ex jefe de la Oficina de Atenci\u00f3n Ciudadana de la Presidencia, es la nueva titular de la SEP. Este martes toma posesi\u00f3n de su cargo en sustituci\u00f3n de la maestra Delfina G\u00f3mez, que va como candidata de Morena a la gubernatura del Estado de M\u00e9xico, en donde habr\u00e1 de enfrentar a otra mujer del PRI: O Ana Lilia Herrera Anzaldo o a Alejandra Del Moral. Al dar a conocer la nueva designaci\u00f3n, el presidente L\u00f3pez Obrador dijo que es una gente de absoluta confianza, preparada, honesta, igual que la maestra Delfina, con convicciones. La titularidad de la SEP desciende del pedestal de los intelectuales como maestro Jos\u00e9 Vasconcelos o Agust\u00edn Y\u00e1\u00f1ez, para quedar en manos de maestras de pizarr\u00f3n y gis\u2026 En Nuevo Le\u00f3n, el presidente Andr\u00e9s Manuel L\u00f3pez Obrador puso en marcha un plan de largo plazo para garantizar el abasto de agua a la poblaci\u00f3n y terminar con la incertidumbre de sus habitantes por la falta del vital l\u00edquido, mismo que ha sido acaparado por poderosas empresas refresqueras y cerveceras que han priorizado sus ganancias por encima de las necesidades primarias de la poblaci\u00f3n. El Presidente tuvo un gesto amistoso por el ex jefe de la Oficina de la Presidencia, Alfonso Romo, quien se la jug\u00f3 a su lado cuando todo era confuso en el pa\u00eds\u2026 Los hechos en Jalisco, Guanajuato, Michoac\u00e1n, Guerrero y Baja California demuestran la necesidad de cambiar la estrategia de seguridad nacional y la cual no funciona por la corrupci\u00f3n de algunos mandos. De otra manera no se explica que los delincuentes act\u00faen sin que las fuerzas de seguridad se enteren y \u00e9stas lleguen al lugar de los hechos s\u00f3lo para colocar cintas amarillas en el lugar del crimen y patrullar las ciudades asoladas cuando todo ya pas\u00f3. Es preciso que funcione la inteligencia para evitar los hechos, actuar antes, no despu\u00e9s\u2026 Contin\u00faan las marchas y bloqueos en Oaxaca y que se intensificar\u00e1n hasta fines de a\u00f1o cuando ocurra el cambio de gobierno, si es que antes no hay respuestas a las demandas sociales de los grupos inconformes; de los abusos de prestadores de servicios durante la Guelaguetza, qued\u00f3 documentado tambi\u00e9n la complicidad de las autoridades al ocultar los enga\u00f1os que fueron v\u00edctima los visitantes por parte de restauranteros sin escr\u00fapulos.<\/p>\n<p><u><a href=\"mailto:asorianocarrasco@yahoo.com\" target=\"_blank\" rel=\"noopener noreferrer\"><em>asorianocarrasco@yahoo.com<\/em><\/a><br \/>\n<em><a href=\"https:\/\/revistabrecha.com\" target=\"_blank\" rel=\"noopener noreferrer\">www.revistabrecha.com<\/a><br \/>\n<\/em><\/u><em>facebook oficial <a href=\"https:\/\/es-la.facebook.com\/RevistaBrecha.Oficial\" target=\"_blank\" rel=\"noopener\">@BrechaRevista<\/a><\/em><\/p>\n","protected":false},"excerpt":{"rendered":"<p><span style=\"color: #005497;\"><strong>\u00c1ngel Soriano<\/strong><\/span><\/p>\n","protected":false},"author":3,"featured_media":0,"comment_status":"open","ping_status":"open","sticky":false,"template":"","format":"standard","meta":{"_monsterinsights_skip_tracking":false,"_monsterinsights_sitenote_active":false,"_monsterinsights_sitenote_note":"","_monsterinsights_sitenote_category":0,"footnotes":""},"categories":[135],"tags":[85,86,43674],"class_list":["post-556817","post","type-post","status-publish","format-standard","hentry","category-angel-soriano-opinion","tag-angel-soriano","tag-desde-el-portal","tag-opinion"],"_links":{"self":[{"href":"https:\/\/www.diarioimagen.net\/index.php?rest_route=\/wp\/v2\/posts\/556817","targetHints":{"allow":["GET"]}}],"collection":[{"href":"https:\/\/www.diarioimagen.net\/index.php?rest_route=\/wp\/v2\/posts"}],"about":[{"href":"https:\/\/www.diarioimagen.net\/index.php?rest_route=\/wp\/v2\/types\/post"}],"author":[{"embeddable":true,"href":"https:\/\/www.diarioimagen.net\/index.php?rest_route=\/wp\/v2\/users\/3"}],"replies":[{"embeddable":true,"href":"https:\/\/www.diarioimagen.net\/index.php?rest_route=%2Fwp%2Fv2%2Fcomments&post=556817"}],"version-history":[{"count":0,"href":"https:\/\/www.diarioimagen.net\/index.php?rest_route=\/wp\/v2\/posts\/556817\/revisions"}],"wp:attachment":[{"href":"https:\/\/www.diarioimagen.net\/index.php?rest_route=%2Fwp%2Fv2%2Fmedia&parent=556817"}],"wp:term":[{"taxonomy":"category","embeddable":true,"href":"https:\/\/www.diarioimagen.net\/index.php?rest_route=%2Fwp%2Fv2%2Fcategories&post=556817"},{"taxonomy":"post_tag","embeddable":true,"href":"https:\/\/www.diarioimagen.net\/index.php?rest_route=%2Fwp%2Fv2%2Ftags&post=556817"}],"curies":[{"name":"wp","href":"https:\/\/api.w.org\/{rel}","templated":true}]}}