{"id":556829,"date":"2022-08-16T00:17:51","date_gmt":"2022-08-16T05:17:51","guid":{"rendered":"https:\/\/www.diarioimagen.net\/?p=556829"},"modified":"2022-08-23T01:51:03","modified_gmt":"2022-08-23T06:51:03","slug":"mexico-bajo-fuego","status":"publish","type":"post","link":"https:\/\/www.diarioimagen.net\/?p=556829","title":{"rendered":"M\u00e9xico, bajo fuego"},"content":{"rendered":"<h2>Caleidoscopio<\/h2>\n<h5>Guillermina G\u00f3mora Ord\u00f3\u00f1ez<\/h5>\n<p>&nbsp;<\/p>\n<p>El M\u00e9xico b\u00e1rbaro y el M\u00e9xico bronco se confrontan. Nada, ni nadie detiene la creciente espiral de violencia que consume cientos de vidas todos los d\u00edas. El terrorismo registrado en el norte y centro del pa\u00eds evidencian, una vez m\u00e1s, la estrategia fallida de seguridad nacional.<\/p>\n<p>\u00bfEn qu\u00e9 momento perdimos al pa\u00eds? Como si se tratara de una pesadilla, todos los d\u00edas amanecemos con un nuevo esc\u00e1ndalo en materia de corrupci\u00f3n, asesinatos, capturas de narcos o surgimiento de nuevos c\u00e1rteles. Los mexicanos nos hemos vuelto rehenes de estos flagelos que han destruido nuestro tejido social y el Estado de derecho.<\/p>\n<p>M\u00e9xico duele y urge un golpe de tim\u00f3n. Pasamos de una declaraci\u00f3n de guerra (2006) a un pacto de \u201cabrazos, no balazos\u201d. Sin embargo, la epidemia de violencia en M\u00e9xico no tiene freno. Mayo cerr\u00f3 como el mes m\u00e1s violento en lo que va de 2022. Se contabilizaron un total de 2,472 homicidios dolosos, en promedio por d\u00eda se registraron 79.7 muertes violentas.<\/p>\n<p>No obstante, a pesar de las cifras de inseguridad, el <strong>presidente Andr\u00e9s Manuel L\u00f3pez Obrador<\/strong> asegura que mantendr\u00e1 su plan. \u201cNo vamos a cambiar la estrategia, al contrario, quienes deben reconocer que se equivocaron, y que los errores en pol\u00edtica son como cr\u00edmenes en el mejor de los casos, son nuestros adversarios\u201d<\/p>\n<p>Siempre culpando al pasado. Omite que, en los 42 meses de su administraci\u00f3n, se han registrado 121,655 homicidios y feminicidios. Esto equivale a un promedio de 2 mil 896 personas asesinadas cada mes, de acuerdo con datos del <strong>Secretariado Ejecutivo del Sistema Nacional de Seguridad P\u00fablica<\/strong>.<\/p>\n<p>En efecto, hay m\u00e1s de 120 mil casas donde hay un cuarto vac\u00edo, duelos sin sus desaparecidos, que nos recuerdan todos los d\u00edas la gran deuda social del Estado mexicano ante la falta de procuraci\u00f3n e impartici\u00f3n de justicia. De cada 100 delitos cometidos s\u00f3lo se denuncian 5 y de \u00e9stos s\u00f3lo 2 llegan a recibir sentencia condenatoria. Sufrimos una impunidad de 98%.<\/p>\n<p>Al respecto, el <strong>coordinador de Morena en el Senado, Ricardo Monreal<\/strong>, afirm\u00f3 que la seguridad p\u00fablica es uno de los pendientes en el pa\u00eds y consider\u00f3 importante revisar la estrategia de seguridad del gobierno federal.<\/p>\n<p>Monreal, dijo que es perfectible y que ante la inseguridad se debe robustecer la coordinaci\u00f3n entre los poderes Ejecutivo, Legislativo y Judicial, as\u00ed como entre los gobiernos federal, estatal y municipal.<\/p>\n<p>El senador morenista destac\u00f3 que \u201cno hay tarea m\u00e1s urgente ni m\u00e1s importante que atender el reclamo del pueblo por recuperar la tranquilidad en su vida familiar y personal, y gozar de un entorno de paz, con seguridad y confianza\u201d.<\/p>\n<p>Ojal\u00e1 y lo escuchar\u00e1n en Palacio Nacional, donde la promesa de campa\u00f1a de L\u00f3pez Obrador de pacificar el pa\u00eds est\u00e1 lejos de cumplirse. Masacres, desplazados, desaparecidos, feminicidios y asesinatos de periodistas se han convertido en una peligrosa cotidianidad.<\/p>\n<p>Tan s\u00f3lo el 2021 cerr\u00f3 con al menos 62 masacres y 436 muertos en 16 entidades del pa\u00eds, de acuerdo con reportes period\u00edsticos y datos de las Secretar\u00edas de Seguridad P\u00fablica y Fiscal\u00edas locales.<\/p>\n<p>Los grupos del crimen organizado nos han tomado como rehenes en sus \u201cajustes de cuentas\u201d o en sus peleas por el control del pa\u00eds.\u00a0 Es un poder f\u00e1ctico que opera en todo el territorio nacional. El actual gobierno reconoci\u00f3 la existencia de 37 c\u00e1rteles o grupos delictivos.<\/p>\n<p>\u201cGente buena y trabajadora\u201d, como los llam\u00f3 el <strong>presidente Andr\u00e9s Manuel L\u00f3pez Obrador, <\/strong>durante su visita al \u201cTri\u00e1ngulo Dorado\u201d, en Sinaloa. Entre los m\u00e1s relevantes est\u00e1n el \u201cC\u00e1rtel de Sinaloa\u201d que registra actividad en al menos 17 estados y el \u201cC\u00e1rtel Jalisco Nueva Generaci\u00f3n\u201d que tiene presencia en 22 estados de los 32 que conforman la Rep\u00fablica Mexicana.<\/p>\n<p>El crimen organizado dej\u00f3 de ser un tema policial, se convirti\u00f3 en uno de seguridad nacional. El general <strong>Glen Van Herk, jefe del Comando Norte de Estados Unidos,<\/strong> afirm\u00f3 que controla entre 30 y 35% del territorio en M\u00e9xico (se qued\u00f3 corto). La delincuencia participa en el sistema pol\u00edtico, econ\u00f3mico y judicial.<\/p>\n<p>Vivimos una crisis de ingobernabilidad. Prueba de ello es lo dicho por <strong>Montserrat Caballero, alcaldesa de Tijuana por Morena<\/strong>, tras los ataques y la quema de transporte p\u00fablico en Baja California. Pidi\u00f3 al crimen organizado \u201ccobrar facturas\u201d a quienes no le pagaron y no actuar en contra de la poblaci\u00f3n civil. S\u00ed, la extorsi\u00f3n, \u201cel derecho de piso\u201d, se paga a veces con la vida.<\/p>\n<p>Una declaraci\u00f3n brutalmente cierta, que leg\u00edtima p\u00fablicamente la actividad econ\u00f3mica y el uso de la coerci\u00f3n por parte del crimen organizado en contra de los ciudadanos.<\/p>\n<p>M\u00e9xico est\u00e1 bajo fuego. Es una desestabilizaci\u00f3n coordinada con ataques directos a la poblaci\u00f3n. Es in\u00e9dito. \u00bfSer\u00e1 que el pacto de \u201cabrazos no balazos\u201d, incluya este caos para militarizar al pa\u00eds?<\/p>\n<p>En pol\u00edtica no hay coincidencias, el decretazo presidencial para incorporar la Guardia Nacional al Ej\u00e9rcito y la reforma a sus leyes secundarias para que se prolongue la presencia de soldados y marinos en las calles. No es casualidad. La <strong>#4Transformaci\u00f3n<\/strong> pretende entregar la seguridad p\u00fablica a los militares, violando la Constituci\u00f3n.<\/p>\n<p>Pareciera que la fuerza del Ej\u00e9rcito es la \u00fanica soluci\u00f3n. Sin embargo, colocar un polic\u00eda en cada esquina no es suficiente y tampoco efectivo. La descomposici\u00f3n del tejido social exige algo m\u00e1s que militarizar la seguridad nacional.<\/p>\n<p><a href=\"https:\/\/twitter.com\/guillegomora?lang=es\" target=\"_blank\" rel=\"noopener\"><em>@guillegomora<\/em><\/a><\/p>\n","protected":false},"excerpt":{"rendered":"<p><span style=\"color: #005497;\"><strong>Guillermina G\u00f3mora Ord\u00f3\u00f1ez<\/strong><\/span<\/span><\/p>\n","protected":false},"author":3,"featured_media":0,"comment_status":"open","ping_status":"open","sticky":false,"template":"","format":"standard","meta":{"_monsterinsights_skip_tracking":false,"_monsterinsights_sitenote_active":false,"_monsterinsights_sitenote_note":"","_monsterinsights_sitenote_category":0,"footnotes":""},"categories":[58361],"tags":[58362,58363,43674],"class_list":["post-556829","post","type-post","status-publish","format-standard","hentry","category-guillermina-gomora-ordonez","tag-caleidoscopio","tag-guillermina-gomora-ordonez","tag-opinion"],"_links":{"self":[{"href":"https:\/\/www.diarioimagen.net\/index.php?rest_route=\/wp\/v2\/posts\/556829","targetHints":{"allow":["GET"]}}],"collection":[{"href":"https:\/\/www.diarioimagen.net\/index.php?rest_route=\/wp\/v2\/posts"}],"about":[{"href":"https:\/\/www.diarioimagen.net\/index.php?rest_route=\/wp\/v2\/types\/post"}],"author":[{"embeddable":true,"href":"https:\/\/www.diarioimagen.net\/index.php?rest_route=\/wp\/v2\/users\/3"}],"replies":[{"embeddable":true,"href":"https:\/\/www.diarioimagen.net\/index.php?rest_route=%2Fwp%2Fv2%2Fcomments&post=556829"}],"version-history":[{"count":0,"href":"https:\/\/www.diarioimagen.net\/index.php?rest_route=\/wp\/v2\/posts\/556829\/revisions"}],"wp:attachment":[{"href":"https:\/\/www.diarioimagen.net\/index.php?rest_route=%2Fwp%2Fv2%2Fmedia&parent=556829"}],"wp:term":[{"taxonomy":"category","embeddable":true,"href":"https:\/\/www.diarioimagen.net\/index.php?rest_route=%2Fwp%2Fv2%2Fcategories&post=556829"},{"taxonomy":"post_tag","embeddable":true,"href":"https:\/\/www.diarioimagen.net\/index.php?rest_route=%2Fwp%2Fv2%2Ftags&post=556829"}],"curies":[{"name":"wp","href":"https:\/\/api.w.org\/{rel}","templated":true}]}}