{"id":556837,"date":"2022-08-16T00:10:22","date_gmt":"2022-08-16T05:10:22","guid":{"rendered":"https:\/\/www.diarioimagen.net\/?p=556837"},"modified":"2022-08-16T04:21:32","modified_gmt":"2022-08-16T09:21:32","slug":"firme-la-alianza-va-por-mexico","status":"publish","type":"post","link":"https:\/\/www.diarioimagen.net\/?p=556837","title":{"rendered":"Firme, la alianza Va por M\u00e9xico"},"content":{"rendered":"<h2>De frente y de perfil<\/h2>\n<h5>Ram\u00f3n Zurita Sahag\u00fan<\/h5>\n<p>&nbsp;<\/p>\n<p>Nada ha cambiado y las alianzas de Va por M\u00e9xico se encuentran firmes, sin cambios de ninguna clase y en el Estado de M\u00e9xico tendr\u00e1 un candidato en tiempo y forma.<\/p>\n<p>Alejandro \u201cAlito\u201d Moreno C\u00e1rdenas, dirigente nacional del PRI, no sufre ni se acongoja por tantos supuestos que hablan de una eventual fractura entre priistas, panistas y perredistas, motivada por el hecho de que el segundo y tercer partido presentaron ya su candidato al gobierno del Estado de M\u00e9xico. Y es que el Estado de M\u00e9xico y Coahuila son los eslabones m\u00e1s s\u00f3lidos para consolidar la coalici\u00f3n de los tres partidos con vistas al 2024.<\/p>\n<p>Para el dirigente priista la alianza es necesaria para presentar un frente com\u00fan no solamente en las dos entidades con elecciones el pr\u00f3ximo a\u00f1o, sino para vencer a Morena en los comicios presidenciales.<\/p>\n<p>Estamos abiertos para sumar a otros participantes que deseen recuperar el rumbo de M\u00e9xico, sacando de la Presidencia de la Rep\u00fablica al partido gobernante.<\/p>\n<p>Considera que panistas y perredistas ya presentaron sus cartas para el Estado de M\u00e9xico y falta la nominaci\u00f3n de la priista que habr\u00e1 de contender internamente con Enrique Vargas del Villar y Omar Ortega, para evaluar a los tres aspirantes y medir cu\u00e1l de ellos es el que enarbolar\u00e1 la alianza.<\/p>\n<p>Durante una larga charla, Moreno C\u00e1rdenas reconoce el inter\u00e9s del gobierno federal por desalentar la alianza, aplicando golpes a militantes y dirigentes de los tres partidos que la conforman.<\/p>\n<p>El caso Campeche, con la divulgaci\u00f3n de los audios por parte del gobierno de Layda Sansores no lo inquieta ni le quita el sue\u00f1o, se trata de una guerra sucia, con violaciones a las leyes, asegura.<\/p>\n<p>\u201cAlito\u201d manifiesta que no est\u00e1 interesado en la posibilidad de ser candidato presidencial, pero s\u00ed de presentar a una o un priista que compita por la nominaci\u00f3n de la alianza, por lo que convoca a todos aquellos militantes de su partido para que expresen su inter\u00e9s en entrar en esta competencia.<\/p>\n<p>Es bueno que en estos tiempos se abran los interesados como lo han hecho Beatriz Paredes y Enrique de la Madrid y deben existir otros y otras que midan sus alcances o que se sientan entusiasmados con dicha posibilidad.<\/p>\n<p>Moreno C\u00e1rdenas niega que existan diferencias con el gobernador del Estado de M\u00e9xico, Alfredo Del Mazo, y establece que ambos, Del Mazo y \u00e9l, se encuentran conscientes de que el tricolor habr\u00e1 de mantener la administraci\u00f3n de la vecina entidad mexiquense.<\/p>\n<p>El dirigente priista rechaza las versiones que establecen fisuras dentro de la coalici\u00f3n de Va por M\u00e9xico debido al tema Edomex y considera que en su momento se establecer\u00e1 la alianza, sin problemas de ninguna clase. Iremos juntos, sin importar el nombre del candidato o candidata, por lo que mantenemos pl\u00e1ticas para llegar al acuerdo, pero el camino est\u00e1 abonado para ese fin.<\/p>\n<p>Hasta ahora los dos nombres m\u00e1s s\u00f3lidos para que de all\u00ed salga la candidata del PRI son los de Ana Lilia Herrera y Alejandra Del Moral, ya que ambas son las mejor medidas en diversas encuestas levantadas.<\/p>\n<p>Respecto del PRI, su dirigente nacional mencion\u00f3 que se est\u00e1 trabajando activamente para mantener la cohesi\u00f3n del partido y formar un frente com\u00fan que permita mantenerlo como un partido contendiente.<\/p>\n<p style=\"text-align: center;\"><strong>*****<\/strong><\/p>\n<p>Un par de pol\u00edticos con amplia experiencia fueron incorporados al CEN del PRI. Se trata de Idelfonso Guajardo, ex secretario de Econom\u00eda y negociador de M\u00e9xico en el T-MEC. Guajardo que se desempe\u00f1a como diputado federal ser\u00e1 presidente de la Comisi\u00f3n de Desarrollo y Crecimiento Econ\u00f3mico del Consejo Pol\u00edtico Nacional del PRI y Willy Ochoa, quien ser\u00e1 secretario de Planeaci\u00f3n y Estrategia del PRI\u2026 Finalmente, el presidente L\u00f3pez Obrador dio a conocer el nombre de la sucesora de Delfina G\u00f3mez en la secretar\u00eda de Educaci\u00f3n P\u00fablica. Se trata de Leticia Ram\u00edrez, quien cubrir\u00e1 la vacante, ya que Delfina ser\u00e1 la candidata de Morena al gobierno mexiquense\u2026 Qui\u00e9n es la gobernadora que busca una plaza en los programas de comediantes. Usa el pelo o peluca como <em>Cachirulo<\/em> se maquilla como <em>Cepill\u00edn<\/em> y ahora intenta contar chistes y cuentos como un mal comediante.<\/p>\n<p><a href=\"mailto:ramonzurita44@hotmail.com\" target=\"_blank\" rel=\"noopener noreferrer\"><em>ramonzurita44@hotmail.com<\/em><\/a><\/p>\n","protected":false},"excerpt":{"rendered":"<p><span style=\"color: #005497;\"><strong>Ram\u00f3n Zurita Sahag\u00fan<\/strong><\/span><\/p>\n","protected":false},"author":3,"featured_media":0,"comment_status":"open","ping_status":"open","sticky":false,"template":"","format":"standard","meta":{"_monsterinsights_skip_tracking":false,"_monsterinsights_sitenote_active":false,"_monsterinsights_sitenote_note":"","_monsterinsights_sitenote_category":0,"footnotes":""},"categories":[234],"tags":[304,43674,43687],"class_list":["post-556837","post","type-post","status-publish","format-standard","hentry","category-ramon-zurita-sahagun","tag-de-frente-y-de-perfil","tag-opinion","tag-ramon-zurita-sahagun"],"_links":{"self":[{"href":"https:\/\/www.diarioimagen.net\/index.php?rest_route=\/wp\/v2\/posts\/556837","targetHints":{"allow":["GET"]}}],"collection":[{"href":"https:\/\/www.diarioimagen.net\/index.php?rest_route=\/wp\/v2\/posts"}],"about":[{"href":"https:\/\/www.diarioimagen.net\/index.php?rest_route=\/wp\/v2\/types\/post"}],"author":[{"embeddable":true,"href":"https:\/\/www.diarioimagen.net\/index.php?rest_route=\/wp\/v2\/users\/3"}],"replies":[{"embeddable":true,"href":"https:\/\/www.diarioimagen.net\/index.php?rest_route=%2Fwp%2Fv2%2Fcomments&post=556837"}],"version-history":[{"count":0,"href":"https:\/\/www.diarioimagen.net\/index.php?rest_route=\/wp\/v2\/posts\/556837\/revisions"}],"wp:attachment":[{"href":"https:\/\/www.diarioimagen.net\/index.php?rest_route=%2Fwp%2Fv2%2Fmedia&parent=556837"}],"wp:term":[{"taxonomy":"category","embeddable":true,"href":"https:\/\/www.diarioimagen.net\/index.php?rest_route=%2Fwp%2Fv2%2Fcategories&post=556837"},{"taxonomy":"post_tag","embeddable":true,"href":"https:\/\/www.diarioimagen.net\/index.php?rest_route=%2Fwp%2Fv2%2Ftags&post=556837"}],"curies":[{"name":"wp","href":"https:\/\/api.w.org\/{rel}","templated":true}]}}