{"id":556860,"date":"2022-08-17T00:05:33","date_gmt":"2022-08-17T05:05:33","guid":{"rendered":"https:\/\/www.diarioimagen.net\/?p=556860"},"modified":"2022-08-18T01:34:22","modified_gmt":"2022-08-18T06:34:22","slug":"regresa-a-la-cms-de-uaemex-servicio-de-otorrinolaringologia","status":"publish","type":"post","link":"https:\/\/www.diarioimagen.net\/?p=556860","title":{"rendered":"Regresa a la CMS de UAEM\u00e9x servicio de Otorrinolaringolog\u00eda"},"content":{"rendered":"<p><em>\u00a0<\/em><\/p>\n<ul>\n<li><strong><em>Con esta especialidad la CMS suma 23 servicios ofertados a precios accesibles entre los que se encuentran medicina general, laboratorios y especialidades<\/em><\/strong><\/li>\n<\/ul>\n<p>&nbsp;<\/p>\n<div id=\"attachment_556956\" style=\"width: 470px\" class=\"wp-caption aligncenter\"><img loading=\"lazy\" decoding=\"async\" aria-describedby=\"caption-attachment-556956\" class=\"size-full wp-image-556956\" src=\"https:\/\/www.diarioimagen.net\/wp-content\/uploads\/2022\/08\/uaem-2-2.jpg\" alt=\"\" width=\"460\" height=\"270\" \/><p id=\"caption-attachment-556956\" class=\"wp-caption-text\">A partir del 15 de agosto la CMS de la UAEM\u00e9x reactiv\u00f3 el servicio de especialidad en Otorrinolaringolog\u00eda para la comunidad universitaria y p\u00fablico en general.<\/p><\/div>\n<p>&nbsp;<\/p>\n<p><strong>Toluca, Estado de M\u00e9xico.<\/strong>\u2014 Otitis, v\u00e9rtigo, sinusitis, rinitis, faringitis y amigdalitis son padecimientos comunes entre la poblaci\u00f3n que deben ser tratados por el especialista en Otorrinolaringolog\u00eda para lograr una pronta y segura recuperaci\u00f3n, explic\u00f3 la directora de la Cl\u00ednica Multidisciplinaria de la Salud (CMS) de la Universidad Aut\u00f3noma del Estado de M\u00e9xico (UAEM\u00e9x), Ana Laura Guadarrama L\u00f3pez.<\/p>\n<p>Detall\u00f3 que hay afecciones que suelen ser m\u00e1s frecuentes que otras seg\u00fan la \u00e9poca del a\u00f1o; sin embargo, la otitis que es una infecci\u00f3n que se desarrolla r\u00e1pidamente y es dolorosa al provocar inflamaci\u00f3n en el o\u00eddo medio detr\u00e1s del t\u00edmpano es la m\u00e1s com\u00fan.<\/p>\n<p>\u201cLa poblaci\u00f3n deber\u00e1 acudir al otorrino cuando presente signos de otitis; tambi\u00e9n, cuando se registra v\u00e9rtigo que es una p\u00e9rdida del equilibrio de la persona y se asocia a un segmento del o\u00eddo; tambi\u00e9n, hay otras enfermedades que puede atender este especialista y que\u00a0 son comunes como la rinitis, manifestada con estornudos\u00a0 persistentes, abundante secreci\u00f3n, comez\u00f3n, congesti\u00f3n nasal y aunque muchas\u00a0 personas las relacionan con procesos al\u00e9rgicos no siempre es la causa,\u00a0 por eso es importante que un especialista lo revise\u201d, acot\u00f3.<\/p>\n<p>La CMS de la UAEM\u00e9x, a partir del 15 de agosto, reactiv\u00f3 el servicio de Otorrinolaringolog\u00eda, a precios accesibles, para la comunidad universitaria y p\u00fablico en general con el prop\u00f3sito de que tengan una atenci\u00f3n m\u00e9dica especializada e integral procurando la atenci\u00f3n correcta de sus padecimientos.<\/p>\n<p>\u201cNuestro objetivo ha sido siempre generar condiciones para el bienestar de la comunidad universitaria y de la poblaci\u00f3n en general. Hemos estado incorporando nuevas especialidades de manera progresiva, el servicio de Otorrinolaringolog\u00eda est\u00e1 dirigido a tratar enfermedades que afectan el o\u00eddo, la nariz y la garganta y es recomendable que el especialista atienda ciertos tipos de patolog\u00edas cuando perjudican el desarrollo normal de las actividades diarias y que adem\u00e1s se prolongan por varios d\u00edas\u201d, agreg\u00f3 Guadarrama L\u00f3pez.<\/p>\n<p>Para acceder al servicio es necesario generar una previa cita en la plataforma Sistema de Citas M\u00e9dicas en el enlace: <em>https:\/\/citascms.uaemex.mx<\/em>\/, llamando a los tel\u00e9fonos 722 2128027 o 722 2194122 extensi\u00f3n:118 y 140, o a trav\u00e9s del formulario disponible en el Facebook de la CMS.<\/p>\n<p>Con esta especialidad, la CMS suma 23 servicios que oferta a la comunidad universitaria y poblaci\u00f3n en general, a costos accesibles, que van desde medicina general, laboratorios y especialidades.<\/p>\n","protected":false},"excerpt":{"rendered":"<p>Otitis, v\u00e9rtigo, sinusitis, rinitis, faringitis y amigdalitis son padecimientos comunes entre la poblaci\u00f3n que deben ser tratados por el especialista en Otorrinolaringolog\u00eda para lograr una pronta y segura recuperaci\u00f3n, explic\u00f3 la directora de la Cl\u00ednica Multidisciplinaria de la Salud (CMS) de la Universidad Aut\u00f3noma del Estado de M\u00e9xico (UAEM\u00e9x), Ana Laura Guadarrama L\u00f3pez.<\/p>\n","protected":false},"author":3,"featured_media":556956,"comment_status":"open","ping_status":"open","sticky":false,"template":"","format":"standard","meta":{"_monsterinsights_skip_tracking":false,"_monsterinsights_sitenote_active":false,"_monsterinsights_sitenote_note":"","_monsterinsights_sitenote_category":0,"footnotes":""},"categories":[5],"tags":[91503,82143,67878],"class_list":["post-556860","post","type-post","status-publish","format-standard","has-post-thumbnail","hentry","category-estado-de-mexico","tag-cms","tag-otorrinolaringologia","tag-uaemex"],"_links":{"self":[{"href":"https:\/\/www.diarioimagen.net\/index.php?rest_route=\/wp\/v2\/posts\/556860","targetHints":{"allow":["GET"]}}],"collection":[{"href":"https:\/\/www.diarioimagen.net\/index.php?rest_route=\/wp\/v2\/posts"}],"about":[{"href":"https:\/\/www.diarioimagen.net\/index.php?rest_route=\/wp\/v2\/types\/post"}],"author":[{"embeddable":true,"href":"https:\/\/www.diarioimagen.net\/index.php?rest_route=\/wp\/v2\/users\/3"}],"replies":[{"embeddable":true,"href":"https:\/\/www.diarioimagen.net\/index.php?rest_route=%2Fwp%2Fv2%2Fcomments&post=556860"}],"version-history":[{"count":0,"href":"https:\/\/www.diarioimagen.net\/index.php?rest_route=\/wp\/v2\/posts\/556860\/revisions"}],"wp:featuredmedia":[{"embeddable":true,"href":"https:\/\/www.diarioimagen.net\/index.php?rest_route=\/wp\/v2\/media\/556956"}],"wp:attachment":[{"href":"https:\/\/www.diarioimagen.net\/index.php?rest_route=%2Fwp%2Fv2%2Fmedia&parent=556860"}],"wp:term":[{"taxonomy":"category","embeddable":true,"href":"https:\/\/www.diarioimagen.net\/index.php?rest_route=%2Fwp%2Fv2%2Fcategories&post=556860"},{"taxonomy":"post_tag","embeddable":true,"href":"https:\/\/www.diarioimagen.net\/index.php?rest_route=%2Fwp%2Fv2%2Ftags&post=556860"}],"curies":[{"name":"wp","href":"https:\/\/api.w.org\/{rel}","templated":true}]}}