{"id":556862,"date":"2022-08-17T00:02:06","date_gmt":"2022-08-17T05:02:06","guid":{"rendered":"https:\/\/www.diarioimagen.net\/?p=556862"},"modified":"2022-08-17T02:28:27","modified_gmt":"2022-08-17T07:28:27","slug":"estudiantes-de-la-fes-acatlan-propondran-soluciones-a-diferentes-problemas-del-pais","status":"publish","type":"post","link":"https:\/\/www.diarioimagen.net\/?p=556862","title":{"rendered":"Estudiantes de la FES Acatl\u00e1n propondr\u00e1n soluciones a diferentes problemas del pa\u00eds"},"content":{"rendered":"<p>&nbsp;<\/p>\n<ul>\n<li><em><strong>Presentan el proyecto \u201cM\u00e9xico Social\u201d<\/strong><\/em><\/li>\n<\/ul>\n<p>&nbsp;<\/p>\n<div id=\"attachment_556978\" style=\"width: 470px\" class=\"wp-caption aligncenter\"><img loading=\"lazy\" decoding=\"async\" aria-describedby=\"caption-attachment-556978\" class=\"size-full wp-image-556978\" src=\"https:\/\/www.diarioimagen.net\/wp-content\/uploads\/2022\/08\/Estudiantes.jpg\" alt=\"\" width=\"460\" height=\"270\" \/><p id=\"caption-attachment-556978\" class=\"wp-caption-text\">El doctor Sa\u00fal Arellano Almanza, investigador del Programa Universitario de Estudios del Desarrollo, reconoci\u00f3 el inter\u00e9s de la FES Acatl\u00e1n por participar en este proyecto.<\/p><\/div>\n<p>&nbsp;<\/p>\n<p><strong>Naucalpan, Estado de M\u00e9xico.\u2014<\/strong> En el Centro de Estudios Municipales y Metropolitanos (CEMM) de la Facultad de Estudios Superiores (FES) Acatl\u00e1n, se present\u00f3 \u201cM\u00e9xico Social\u201d, programa al que se integrar\u00e1n 45 acatlecos como parte del servicio social para analizar, investigar, crear y proponer soluciones sobre las principales problem\u00e1ticas sociales del pa\u00eds.<\/p>\n<p>La maestra Nora Goris Mayans, secretaria General Acad\u00e9mica de la FES Acatl\u00e1n, celebr\u00f3 la oportunidad de que los j\u00f3venes trabajen en un proyecto que cumple una de las misiones m\u00e1s importantes de la Universidad para acercar a la juventud a la realidad de M\u00e9xico.<\/p>\n<p>De igual forma, destac\u00f3 que en dicho proyecto los universitarios desarrollar\u00e1n productos que no s\u00f3lo les servir\u00e1n para liberar el servicio social, sino tambi\u00e9n le ser\u00e1n \u00fatiles a la sociedad mexicana.<\/p>\n<p>El doctor Sa\u00fal Arellano Almanza, investigador del Programa Universitario de Estudios del Desarrollo, reconoci\u00f3 el inter\u00e9s de Acatl\u00e1n por participar en este proyecto, pues uno de sus prop\u00f3sitos es generar m\u00e1s capacidades para discutir cuestiones relativas a la dignidad, los derechos humanos, el bienestar y el desarrollo. \u201cCreemos y estamos convencidos de que M\u00e9xico requiere hacer mucho m\u00e1s para transformar las complej\u00edsimas y dolorosas situaciones que vivimos todos los d\u00edas\u201d, dijo.<\/p>\n<p>Arellano Almanza a\u00f1adi\u00f3 que se busca construir desde la FES Acatl\u00e1n un nuevo modelo sobre c\u00f3mo hacer las cosas en los espacios acad\u00e9micos, as\u00ed como sistematizar esta experiencia, darle continuidad y exportar este nuevo modelo a otras instancias en la UNAM o fuera de ella.<\/p>\n<p>que en los pr\u00f3ximos d\u00edas se realizar\u00e1n sesiones donde se conformar\u00e1n equipos de trabajo y se designar\u00e1n tareas espec\u00edficas, adem\u00e1s, convocar\u00e1n a especialistas en diversos temas, quienes compartir\u00e1n sus saberes con los universitarios.<\/p>\n","protected":false},"excerpt":{"rendered":"<p>En el Centro de Estudios Municipales y Metropolitanos (CEMM) de la Facultad de Estudios Superiores (FES) Acatl\u00e1n, se present\u00f3 \u201cM\u00e9xico Social\u201d, programa al que se integrar\u00e1n 45 acatlecos como parte del servicio social para analizar, investigar, crear y proponer soluciones sobre las principales problem\u00e1ticas sociales del pa\u00eds.<\/p>\n","protected":false},"author":3,"featured_media":556978,"comment_status":"open","ping_status":"open","sticky":false,"template":"","format":"standard","meta":{"_monsterinsights_skip_tracking":false,"_monsterinsights_sitenote_active":false,"_monsterinsights_sitenote_note":"","_monsterinsights_sitenote_category":0,"footnotes":""},"categories":[5],"tags":[43675,67517,970],"class_list":["post-556862","post","type-post","status-publish","format-standard","has-post-thumbnail","hentry","category-estado-de-mexico","tag-estado-de-mexico","tag-fes-acatlan","tag-naucalpan"],"_links":{"self":[{"href":"https:\/\/www.diarioimagen.net\/index.php?rest_route=\/wp\/v2\/posts\/556862","targetHints":{"allow":["GET"]}}],"collection":[{"href":"https:\/\/www.diarioimagen.net\/index.php?rest_route=\/wp\/v2\/posts"}],"about":[{"href":"https:\/\/www.diarioimagen.net\/index.php?rest_route=\/wp\/v2\/types\/post"}],"author":[{"embeddable":true,"href":"https:\/\/www.diarioimagen.net\/index.php?rest_route=\/wp\/v2\/users\/3"}],"replies":[{"embeddable":true,"href":"https:\/\/www.diarioimagen.net\/index.php?rest_route=%2Fwp%2Fv2%2Fcomments&post=556862"}],"version-history":[{"count":0,"href":"https:\/\/www.diarioimagen.net\/index.php?rest_route=\/wp\/v2\/posts\/556862\/revisions"}],"wp:featuredmedia":[{"embeddable":true,"href":"https:\/\/www.diarioimagen.net\/index.php?rest_route=\/wp\/v2\/media\/556978"}],"wp:attachment":[{"href":"https:\/\/www.diarioimagen.net\/index.php?rest_route=%2Fwp%2Fv2%2Fmedia&parent=556862"}],"wp:term":[{"taxonomy":"category","embeddable":true,"href":"https:\/\/www.diarioimagen.net\/index.php?rest_route=%2Fwp%2Fv2%2Fcategories&post=556862"},{"taxonomy":"post_tag","embeddable":true,"href":"https:\/\/www.diarioimagen.net\/index.php?rest_route=%2Fwp%2Fv2%2Ftags&post=556862"}],"curies":[{"name":"wp","href":"https:\/\/api.w.org\/{rel}","templated":true}]}}