{"id":556864,"date":"2022-08-17T00:04:22","date_gmt":"2022-08-17T05:04:22","guid":{"rendered":"https:\/\/www.diarioimagen.net\/?p=556864"},"modified":"2022-08-17T02:27:57","modified_gmt":"2022-08-17T07:27:57","slug":"el-pri-debe-voltear-a-ver-a-los-verdaderos-liderazgos-consejeros","status":"publish","type":"post","link":"https:\/\/www.diarioimagen.net\/?p=556864","title":{"rendered":"El PRI debe voltear a ver a los\u00a0verdaderos liderazgos: Consejeros"},"content":{"rendered":"<p>&nbsp;<\/p>\n<div id=\"attachment_556976\" style=\"width: 470px\" class=\"wp-caption aligncenter\"><img loading=\"lazy\" decoding=\"async\" aria-describedby=\"caption-attachment-556976\" class=\"wp-image-556976 size-full\" src=\"https:\/\/www.diarioimagen.net\/wp-content\/uploads\/2022\/08\/el-pri.jpg\" alt=\"\" width=\"460\" height=\"270\" \/><p id=\"caption-attachment-556976\" class=\"wp-caption-text\">Eduardo Bernal Fern\u00e1ndez.<\/p><\/div>\n<p>&nbsp;<\/p>\n<p><strong>Valle de M\u00e9xico.\u2014 <\/strong>\u201cS\u00ed el Revolucionario Institucional y nuestros aliados pol\u00edticos queremos ganar los pr\u00f3ximos procesos electorales y mantener el poder, es necesario voltear a ver a liderazgos que, sin duda alguna, abonar\u00e1n al triunfo\u201d.<\/p>\n<p>Aseguraron por separado, consejeros pol\u00edticos y l\u00edderes sociales de ese instituto pol\u00edtico, al tiempo de destacar que \u201cno se debe de perder de vista a Eduardo Bernal, un pol\u00edtico con amplia trayectoria y experiencia pol\u00edtica. Hoy son tiempos de sumar\u201d, dijeron en voz de Juana Ortiz.<\/p>\n","protected":false},"excerpt":{"rendered":"<p>\u201cS\u00ed el Revolucionario Institucional y nuestros aliados pol\u00edticos queremos ganar los pr\u00f3ximos procesos electorales y mantener el poder, es necesario voltear a ver a liderazgos que, sin duda alguna, abonar\u00e1n al triunfo\u201d.<\/p>\n","protected":false},"author":3,"featured_media":556976,"comment_status":"open","ping_status":"open","sticky":false,"template":"","format":"standard","meta":{"_monsterinsights_skip_tracking":false,"_monsterinsights_sitenote_active":false,"_monsterinsights_sitenote_note":"","_monsterinsights_sitenote_category":0,"footnotes":""},"categories":[5],"tags":[85615,362],"class_list":["post-556864","post","type-post","status-publish","format-standard","has-post-thumbnail","hentry","category-estado-de-mexico","tag-liderazgos","tag-pri"],"_links":{"self":[{"href":"https:\/\/www.diarioimagen.net\/index.php?rest_route=\/wp\/v2\/posts\/556864","targetHints":{"allow":["GET"]}}],"collection":[{"href":"https:\/\/www.diarioimagen.net\/index.php?rest_route=\/wp\/v2\/posts"}],"about":[{"href":"https:\/\/www.diarioimagen.net\/index.php?rest_route=\/wp\/v2\/types\/post"}],"author":[{"embeddable":true,"href":"https:\/\/www.diarioimagen.net\/index.php?rest_route=\/wp\/v2\/users\/3"}],"replies":[{"embeddable":true,"href":"https:\/\/www.diarioimagen.net\/index.php?rest_route=%2Fwp%2Fv2%2Fcomments&post=556864"}],"version-history":[{"count":0,"href":"https:\/\/www.diarioimagen.net\/index.php?rest_route=\/wp\/v2\/posts\/556864\/revisions"}],"wp:featuredmedia":[{"embeddable":true,"href":"https:\/\/www.diarioimagen.net\/index.php?rest_route=\/wp\/v2\/media\/556976"}],"wp:attachment":[{"href":"https:\/\/www.diarioimagen.net\/index.php?rest_route=%2Fwp%2Fv2%2Fmedia&parent=556864"}],"wp:term":[{"taxonomy":"category","embeddable":true,"href":"https:\/\/www.diarioimagen.net\/index.php?rest_route=%2Fwp%2Fv2%2Fcategories&post=556864"},{"taxonomy":"post_tag","embeddable":true,"href":"https:\/\/www.diarioimagen.net\/index.php?rest_route=%2Fwp%2Fv2%2Ftags&post=556864"}],"curies":[{"name":"wp","href":"https:\/\/api.w.org\/{rel}","templated":true}]}}