{"id":556867,"date":"2022-08-17T00:03:47","date_gmt":"2022-08-17T05:03:47","guid":{"rendered":"https:\/\/www.diarioimagen.net\/?p=556867"},"modified":"2022-08-17T02:26:22","modified_gmt":"2022-08-17T07:26:22","slug":"organismo-del-agua-en-naucalpan-listo-para-enfrentar-reduccion-en-el-suministro","status":"publish","type":"post","link":"https:\/\/www.diarioimagen.net\/?p=556867","title":{"rendered":"Organismo del Agua en Naucalpan, listo para enfrentar reducci\u00f3n en el suministro"},"content":{"rendered":"<p>&nbsp;<\/p>\n<ul>\n<li><em><strong>Llamado a hacer buen uso del vital l\u00edquido<\/strong><\/em><\/li>\n<\/ul>\n<p>&nbsp;<\/p>\n<div id=\"attachment_556974\" style=\"width: 470px\" class=\"wp-caption aligncenter\"><img loading=\"lazy\" decoding=\"async\" aria-describedby=\"caption-attachment-556974\" class=\"size-full wp-image-556974\" src=\"https:\/\/www.diarioimagen.net\/wp-content\/uploads\/2022\/08\/Organismo.jpg\" alt=\"\" width=\"460\" height=\"270\" \/><p id=\"caption-attachment-556974\" class=\"wp-caption-text\">El OAPAS invit\u00f3 a los naucalpenses a hacer buen uso del agua, ante la reducci\u00f3n en el suministro.<\/p><\/div>\n<p>&nbsp;<\/p>\n<p><strong>Naucalpan, Estado de M\u00e9xico.\u2014<\/strong> El Organismo P\u00fablico Descentralizado para la Prestaci\u00f3n de los Servicios de Agua Potable, Alcantarillado y Saneamiento (OAPAS) en Naucalpan est\u00e1 preparado para hacer frente a la disminuci\u00f3n de agua proveniente del Sistema Cutzamala, asegur\u00f3 su director general, Alejandro Vences Mej\u00eda, quien invit\u00f3 a los naucalpenses a hacer buen uso del vital l\u00edquido.<\/p>\n<p>Cabe mencionar que Conagua tom\u00f3 esa decisi\u00f3n ante la escasez de lluvias, as\u00ed como a los bajos niveles de las presas de almacenamiento en la cuenca alta del Cutzamala. Esta reducci\u00f3n comienza este 15 de agosto y aunque ser\u00e1 temporal no se da fecha para normalizarlo.<\/p>\n<p>Vences Mej\u00eda inform\u00f3 que este municipio cuenta con fuentes de abastecimiento propias y a trav\u00e9s de la Direcci\u00f3n de Construcci\u00f3n y Operaci\u00f3n Hidr\u00e1ulica se reforzar\u00e1n los trabajos de rehabilitaci\u00f3n y mantenimiento de la infraestructura del organismo.<\/p>\n<p>Asimismo, se continuar\u00e1 con las labores de reparaci\u00f3n del pozo La Ol\u00edmpica y La Mancha III; la rehabilitaci\u00f3n de los pozos Alce Blanco Municipal y el 6 de Historiadores.<\/p>\n<p>El organismo, explic\u00f3, est\u00e1 preparado para atender la reducci\u00f3n en el caudal de agua que env\u00eda el Sistema Cutzamala; por lo que se prev\u00e9 que no se registrar\u00e1n mayores problemas en el abasto del municipio.<\/p>\n<p>De acuerdo con las pol\u00edticas que impulsa la presidenta municipal, Ang\u00e9lica Moya Mar\u00edn, OAPAS refrenda su compromiso de buscar soluciones para garantizar el suministro de agua en todo el territorio municipal.<\/p>\n<p>Para fnalizar, Vences Mej\u00eda solicit\u00f3 el apoyo de los vecinos para hacer uso eficiente del recurso h\u00eddrico.<\/p>\n","protected":false},"excerpt":{"rendered":"<p>El Organismo P\u00fablico Descentralizado para la Prestaci\u00f3n de los Servicios de Agua Potable, Alcantarillado y Saneamiento (OAPAS) en Naucalpan est\u00e1 preparado para hacer frente a la disminuci\u00f3n de agua proveniente del Sistema Cutzamala, asegur\u00f3 su director general, Alejandro Vences Mej\u00eda, quien invit\u00f3 a los naucalpenses a hacer buen uso del vital l\u00edquido.<\/p>\n","protected":false},"author":3,"featured_media":556974,"comment_status":"open","ping_status":"open","sticky":false,"template":"","format":"standard","meta":{"_monsterinsights_skip_tracking":false,"_monsterinsights_sitenote_active":false,"_monsterinsights_sitenote_note":"","_monsterinsights_sitenote_category":0,"footnotes":""},"categories":[5],"tags":[43675,970,96200],"class_list":["post-556867","post","type-post","status-publish","format-standard","has-post-thumbnail","hentry","category-estado-de-mexico","tag-estado-de-mexico","tag-naucalpan","tag-organismo-del-agua"],"_links":{"self":[{"href":"https:\/\/www.diarioimagen.net\/index.php?rest_route=\/wp\/v2\/posts\/556867","targetHints":{"allow":["GET"]}}],"collection":[{"href":"https:\/\/www.diarioimagen.net\/index.php?rest_route=\/wp\/v2\/posts"}],"about":[{"href":"https:\/\/www.diarioimagen.net\/index.php?rest_route=\/wp\/v2\/types\/post"}],"author":[{"embeddable":true,"href":"https:\/\/www.diarioimagen.net\/index.php?rest_route=\/wp\/v2\/users\/3"}],"replies":[{"embeddable":true,"href":"https:\/\/www.diarioimagen.net\/index.php?rest_route=%2Fwp%2Fv2%2Fcomments&post=556867"}],"version-history":[{"count":0,"href":"https:\/\/www.diarioimagen.net\/index.php?rest_route=\/wp\/v2\/posts\/556867\/revisions"}],"wp:featuredmedia":[{"embeddable":true,"href":"https:\/\/www.diarioimagen.net\/index.php?rest_route=\/wp\/v2\/media\/556974"}],"wp:attachment":[{"href":"https:\/\/www.diarioimagen.net\/index.php?rest_route=%2Fwp%2Fv2%2Fmedia&parent=556867"}],"wp:term":[{"taxonomy":"category","embeddable":true,"href":"https:\/\/www.diarioimagen.net\/index.php?rest_route=%2Fwp%2Fv2%2Fcategories&post=556867"},{"taxonomy":"post_tag","embeddable":true,"href":"https:\/\/www.diarioimagen.net\/index.php?rest_route=%2Fwp%2Fv2%2Ftags&post=556867"}],"curies":[{"name":"wp","href":"https:\/\/api.w.org\/{rel}","templated":true}]}}