{"id":556870,"date":"2022-08-17T00:01:55","date_gmt":"2022-08-17T05:01:55","guid":{"rendered":"https:\/\/www.diarioimagen.net\/?p=556870"},"modified":"2022-08-17T02:25:42","modified_gmt":"2022-08-17T07:25:42","slug":"vamos-con-todo-por-la-gubernatura-del-edomex-afirma-la-edil-perredista-lucina-cortes-conejo","status":"publish","type":"post","link":"https:\/\/www.diarioimagen.net\/?p=556870","title":{"rendered":"Vamos con todo por la gubernatura del Edomex, afirma la edil perredista Lucina Cort\u00e9s Conejo"},"content":{"rendered":"<p><strong>\u00a0<\/strong><\/p>\n<ul>\n<li><em><strong>Destaca trayectoria de Omar Ortega<\/strong><\/em><\/li>\n<\/ul>\n<p>&nbsp;<\/p>\n<h6>Arturo Baena<\/h6>\n<p>&nbsp;<\/p>\n<div id=\"attachment_556972\" style=\"width: 470px\" class=\"wp-caption aligncenter\"><img loading=\"lazy\" decoding=\"async\" aria-describedby=\"caption-attachment-556972\" class=\"size-full wp-image-556972\" src=\"https:\/\/www.diarioimagen.net\/wp-content\/uploads\/2022\/08\/Vamos-con.jpg\" alt=\"\" width=\"460\" height=\"270\" \/><p id=\"caption-attachment-556972\" class=\"wp-caption-text\">La regidora Lucina Cort\u00e9s reconoci\u00f3 la trayectoria y experiencia pol\u00edtica del aspirante Omar Ortega, quien dijo, es el hombre que necesita el Estado de M\u00e9xico.<\/p><\/div>\n<p>&nbsp;<\/p>\n<p><strong>Naucalpan, Estado de M\u00e9xico.\u2014<\/strong> Sin duda alguna, el Partido de la Revoluci\u00f3n Democr\u00e1tica (PRD), cuenta con Omar Ortega \u00c1lvarez a su candidato para competir por la gubernatura del Estado de M\u00e9xico (Edomex) en las pr\u00f3ximas elecciones de 2023.<\/p>\n<p>As\u00ed lo manifest\u00f3 en entrevista la dirigente de ese instituto pol\u00edtico en esta localidad, Lucina Cort\u00e9s Conejo, al tiempo de destacar que avanza la alianza para contender en la elecci\u00f3n de gobernador del Edomex y destac\u00f3 que \u201cOmar Ortega ser\u00e1 el Coordinador Estatal para la Construcci\u00f3n de la Agenda Socialdem\u00f3crata en la entidad. Los tiempos pol\u00edticos de cara al proceso electoral de 2023 se han acelerado, por lo que cada instituto pol\u00edtico est\u00e1 reforzando sus estructuras territoriales y su propia estrategia pol\u00edtica construyendo su propio candidato\u201d, dijo.<\/p>\n<p>Por otra parte, Lucina Cort\u00e9s, reconoci\u00f3 la trayectoria y experiencia pol\u00edtica del ahora candidato del PRD a gobernador y destac\u00f3 que \u201c Omar Ortega es el hombre que necesita el Estado de M\u00e9xico\u201d.<\/p>\n<p>La representante popular, record\u00f3 qu\u00e9 actualmente, Omar Ortega es diputado local electo por el distrito 38 de Coacalco y\u00a0 Tultitl\u00e1n, adem\u00e1s de coordinador estatal del PRD en el Estado de M\u00e9xico.<\/p>\n<p>Finalmente, afirm\u00f3 que \u201cla unidad y fortaleza del sol azteca est\u00e1 a la vista de propios y extra\u00f1os. Vamos con todo para ganar el Estado de M\u00e9xico con Omar Ortega\u201d, concluy\u00f3.<\/p>\n","protected":false},"excerpt":{"rendered":"<p>Sin duda alguna, el Partido de la Revoluci\u00f3n Democr\u00e1tica (PRD), cuenta con Omar Ortega \u00c1lvarez a su candidato para competir por la gubernatura del Estado de M\u00e9xico (Edomex) en las pr\u00f3ximas elecciones de 2023.<\/p>\n","protected":false},"author":3,"featured_media":556972,"comment_status":"open","ping_status":"open","sticky":false,"template":"","format":"standard","meta":{"_monsterinsights_skip_tracking":false,"_monsterinsights_sitenote_active":false,"_monsterinsights_sitenote_note":"","_monsterinsights_sitenote_category":0,"footnotes":""},"categories":[5],"tags":[43675,96199,970,211],"class_list":["post-556870","post","type-post","status-publish","format-standard","has-post-thumbnail","hentry","category-estado-de-mexico","tag-estado-de-mexico","tag-lucina-cortes-conejo","tag-naucalpan","tag-prd"],"_links":{"self":[{"href":"https:\/\/www.diarioimagen.net\/index.php?rest_route=\/wp\/v2\/posts\/556870","targetHints":{"allow":["GET"]}}],"collection":[{"href":"https:\/\/www.diarioimagen.net\/index.php?rest_route=\/wp\/v2\/posts"}],"about":[{"href":"https:\/\/www.diarioimagen.net\/index.php?rest_route=\/wp\/v2\/types\/post"}],"author":[{"embeddable":true,"href":"https:\/\/www.diarioimagen.net\/index.php?rest_route=\/wp\/v2\/users\/3"}],"replies":[{"embeddable":true,"href":"https:\/\/www.diarioimagen.net\/index.php?rest_route=%2Fwp%2Fv2%2Fcomments&post=556870"}],"version-history":[{"count":0,"href":"https:\/\/www.diarioimagen.net\/index.php?rest_route=\/wp\/v2\/posts\/556870\/revisions"}],"wp:featuredmedia":[{"embeddable":true,"href":"https:\/\/www.diarioimagen.net\/index.php?rest_route=\/wp\/v2\/media\/556972"}],"wp:attachment":[{"href":"https:\/\/www.diarioimagen.net\/index.php?rest_route=%2Fwp%2Fv2%2Fmedia&parent=556870"}],"wp:term":[{"taxonomy":"category","embeddable":true,"href":"https:\/\/www.diarioimagen.net\/index.php?rest_route=%2Fwp%2Fv2%2Fcategories&post=556870"},{"taxonomy":"post_tag","embeddable":true,"href":"https:\/\/www.diarioimagen.net\/index.php?rest_route=%2Fwp%2Fv2%2Ftags&post=556870"}],"curies":[{"name":"wp","href":"https:\/\/api.w.org\/{rel}","templated":true}]}}