{"id":556887,"date":"2022-08-17T00:02:09","date_gmt":"2022-08-17T05:02:09","guid":{"rendered":"https:\/\/www.diarioimagen.net\/?p=556887"},"modified":"2022-08-17T02:23:11","modified_gmt":"2022-08-17T07:23:11","slug":"habra-mas-vuelos-a-cancun-desde-el-aeropuerto-de-santa-lucia-edomex","status":"publish","type":"post","link":"https:\/\/www.diarioimagen.net\/?p=556887","title":{"rendered":"Habr\u00e1 m\u00e1s vuelos a Canc\u00fan desde el aeropuerto de Santa Luc\u00eda, Edomex"},"content":{"rendered":"<p>&nbsp;<\/p>\n<ul>\n<li><strong><em>Volaris empez\u00f3 a operar nuevas rutas, esta semana<\/em><\/strong><\/li>\n<\/ul>\n<p>&nbsp;<\/p>\n<div id=\"attachment_556964\" style=\"width: 470px\" class=\"wp-caption aligncenter\"><img loading=\"lazy\" decoding=\"async\" aria-describedby=\"caption-attachment-556964\" class=\"size-full wp-image-556964\" src=\"https:\/\/www.diarioimagen.net\/wp-content\/uploads\/2022\/08\/robaplana-1.jpg\" alt=\"\" width=\"460\" height=\"270\" \/><p id=\"caption-attachment-556964\" class=\"wp-caption-text\">Volaris empez\u00f3 a operar sus nuevas rutas desde el AIFA hacia M\u00e9rida, Huatulco, Canc\u00fan y Mexicali.<\/p><\/div>\n<p>&nbsp;<\/p>\n<p>Esta semana, Volaris empez\u00f3 a operar sus nuevas rutas desde el Aeropuerto Internacional Felipe \u00c1ngeles (AIFA) hacia M\u00e9rida, Huatulco, Canc\u00fan y Mexicali, con lo que se atiende la demanda de los usuarios para viajar a cada uno de estos destinos, en la recuperaci\u00f3n post pandemia.<\/p>\n<p>A trav\u00e9s de su cuenta de Twitter @aifaaero agradeci\u00f3 a la aerol\u00ednea por sumarse a sus operaciones \u201c\u00a1Gracias a todos por hacer posibles estas nuevas rutas, seguimos dando lo mejor para ti!\u201d detallaron.<\/p>\n<p>Durante el vuelo inaugural de Volaris se realiz\u00f3 el tradicional bautizo que consiste en mojar el avi\u00f3n como una forma de dar buena suerte a estas nuevas conexiones con la presencia de algunas autoridades.<\/p>\n<p>Hay que recordar que, desde marzo, la aerol\u00ednea vuela hacia Tijuana y Canc\u00fan desde al AIFA, con vuelos diarios a ambos destinos.<\/p>\n<p>Volaris tiene planeado ofrecer un mill\u00f3n de asientos al mes operando en conjunto en los aeropuertos que conforman la zona metropolitana del Valle de M\u00e9xico: el Aeropuerto Internacional de la Ciudad de M\u00e9xico, el AIFA y el Aeropuerto Internacional de Toluca.<\/p>\n<p>Y anunciaron que, a partir de septiembre, se abrir\u00e1n las rutas hacia Oaxaca, Puerto Escondido, La Paz, Guadalajara, Los Cabos y Puerto Vallarta.<\/p>\n<p>Por otro lado, hay que recordar que el Consejo de Promoci\u00f3n Tur\u00edstica de Quintana Roo (CPTQ) anunci\u00f3 que Air Canad\u00e1 retomar\u00e1 los vuelos desde Toronto hacia Cozumel a partir del 30 de octubre, con una frecuencia semanal durante noviembre, dos en diciembre y tres a partir de enero de 2023.<\/p>\n<p>Asimismo, en Canc\u00fan, Air Cara\u00efbes anunci\u00f3 la ruta desde Par\u00eds-Orly a partir del 22 de octubre, con dos vuelos semanales en mi\u00e9rcoles y s\u00e1bado, agregando en diciembre un tercer vuelo en lunes. Y TUI, dio a conocer que a partir de noviembre se tienen programados hasta 12 vuelos a la semana desde Reino Unido a Canc\u00fan; ocho frecuencias desde los pa\u00edses n\u00f3rdicos (Dinamarca, Finlandia, Noruega y Suecia), y cada 10 d\u00edas un vuelo desde Polonia, adem\u00e1s se esperan tambi\u00e9n rutas desde B\u00e9lgica y Holanda hacia Canc\u00fan.<\/p>\n<p>Finalmente, Turkish Airlines operar\u00e1 tres vuelos adicionales en su ruta Estambul-M\u00e9xico-Canc\u00fan aumentando de siete a 11 frecuencias semanales a partir del 30 de octubre.<\/p>\n","protected":false},"excerpt":{"rendered":"<p>Esta semana, Volaris empez\u00f3 a operar sus nuevas rutas desde el Aeropuerto Internacional Felipe \u00c1ngeles (AIFA) hacia M\u00e9rida, Huatulco, Canc\u00fan y Mexicali, con lo que se atiende la demanda de los usuarios para viajar a cada uno de estos destinos, en la recuperaci\u00f3n post pandemia.<\/p>\n","protected":false},"author":3,"featured_media":556964,"comment_status":"open","ping_status":"open","sticky":false,"template":"","format":"standard","meta":{"_monsterinsights_skip_tracking":false,"_monsterinsights_sitenote_active":false,"_monsterinsights_sitenote_note":"","_monsterinsights_sitenote_category":0,"footnotes":""},"categories":[11],"tags":[94482,817,5516],"class_list":["post-556887","post","type-post","status-publish","format-standard","has-post-thumbnail","hentry","category-turismo","tag-aifa","tag-cancun","tag-volaris"],"_links":{"self":[{"href":"https:\/\/www.diarioimagen.net\/index.php?rest_route=\/wp\/v2\/posts\/556887","targetHints":{"allow":["GET"]}}],"collection":[{"href":"https:\/\/www.diarioimagen.net\/index.php?rest_route=\/wp\/v2\/posts"}],"about":[{"href":"https:\/\/www.diarioimagen.net\/index.php?rest_route=\/wp\/v2\/types\/post"}],"author":[{"embeddable":true,"href":"https:\/\/www.diarioimagen.net\/index.php?rest_route=\/wp\/v2\/users\/3"}],"replies":[{"embeddable":true,"href":"https:\/\/www.diarioimagen.net\/index.php?rest_route=%2Fwp%2Fv2%2Fcomments&post=556887"}],"version-history":[{"count":0,"href":"https:\/\/www.diarioimagen.net\/index.php?rest_route=\/wp\/v2\/posts\/556887\/revisions"}],"wp:featuredmedia":[{"embeddable":true,"href":"https:\/\/www.diarioimagen.net\/index.php?rest_route=\/wp\/v2\/media\/556964"}],"wp:attachment":[{"href":"https:\/\/www.diarioimagen.net\/index.php?rest_route=%2Fwp%2Fv2%2Fmedia&parent=556887"}],"wp:term":[{"taxonomy":"category","embeddable":true,"href":"https:\/\/www.diarioimagen.net\/index.php?rest_route=%2Fwp%2Fv2%2Fcategories&post=556887"},{"taxonomy":"post_tag","embeddable":true,"href":"https:\/\/www.diarioimagen.net\/index.php?rest_route=%2Fwp%2Fv2%2Ftags&post=556887"}],"curies":[{"name":"wp","href":"https:\/\/api.w.org\/{rel}","templated":true}]}}