{"id":556905,"date":"2022-08-17T00:04:39","date_gmt":"2022-08-17T05:04:39","guid":{"rendered":"https:\/\/www.diarioimagen.net\/?p=556905"},"modified":"2022-08-17T01:28:21","modified_gmt":"2022-08-17T06:28:21","slug":"educacion-cambio-de-titular","status":"publish","type":"post","link":"https:\/\/www.diarioimagen.net\/?p=556905","title":{"rendered":"Educaci\u00f3n, cambio de titular"},"content":{"rendered":"<h2>Desde el portal<\/h2>\n<h5>\u00c1ngel Soriano<\/h5>\n<p>&nbsp;<\/p>\n<p>Como en las finanzas y el rumbo del pa\u00eds, es responsabilidad del titular del Ejecutivo federal fijar las metas y las prioridades. Ha sido \u00e9l el elegido para la implantaci\u00f3n de los programas de gobierno, en consecuencia, las remociones de sus titulares en nada afectan las pol\u00edticas p\u00fablicas porque \u00e9stos o \u00e9stas seguir\u00e1n la l\u00ednea fijada y, en consecuencia, est\u00e1n de acuerdo.<\/p>\n<p>Por ello, la salida de la maestra Delfina G\u00f3mez hacia la gubernatura del Estado de M\u00e9xico -aunque el proceso de elecci\u00f3n como candidata es s\u00f3lo formal-, y la llegada de Leticia Ram\u00edrez no modificar\u00e1n los planes de la educaci\u00f3n p\u00fablica en M\u00e9xico, fundamental en el desarrollo presente y futuro de nuestro pa\u00eds.<\/p>\n<p>La educaci\u00f3n, como la salud, son claves para la poblaci\u00f3n. La formaci\u00f3n de las nuevas generaciones sobre bases nacionalistas y de desarrollo comunitario alejadas de la filosof\u00eda mercantilista e individualista son indispensables, para retomar el rumbo, del que ya est\u00e1bamos alejados. La educaci\u00f3n y la salud gratuitas con acceso universal es una conquista social.<\/p>\n<p>Buenas relaciones entre autoridades educativas y magisterio, salarios dignos e instalaciones decorosas en las escuelas, son algunos de los avances logrados en lo que va de la actual administraci\u00f3n y que deber\u00e1n ser mantenidos y ampliados para sentar las bases de una educaci\u00f3n de amplio plazo a los mexicanos, por encima del cambio de titulares de la SEP.<\/p>\n<p style=\"text-align: center;\"><strong>TURBULENCIAS<br \/>\nPolitizaci\u00f3n de los percances<\/strong><\/p>\n<p>El rescate de 10 de los 15 mineros que quedaron atrapados en El Pinabete, en el municipio de Sabinas, Coahuila, al igual que la violencia en media docena de entidades del pa\u00eds, se ha convertido en bandera pol\u00edtica sin el m\u00ednimo respeto para los angustiados familiares. Ahora el gobernador Miguel \u00c1ngel Riquelme, del PRI, culpa a Manuel Bartlett, de la CFE, de haber autorizado permisos para la explotaci\u00f3n de la mina de carb\u00f3n, en tanto que otros sectores se apresuran a pedir la intervenci\u00f3n de organismos internacionales para detener el terrorismo en nuestro pa\u00eds. \u201cHaiga sido como haiga sido\u201d, corresponde al gobierno federal, estatal y municipal garantizar las condiciones de paz, seguridad y tranquilidad a los habitantes y no enfocarse en encontrar enemigos y adversarios, que s\u00ed los hay, para no cumplir con sus funciones\u2026 Y la alcaldesa de Tijuana, Monserrat Caballero, sostiene su dicho de pedir a la delincuencia organizada que cobre las facturas a quienes no les han pagado sin afectar a la poblaci\u00f3n. El problema es que con ello est\u00e1 justificando la acci\u00f3n criminal y la obligaci\u00f3n de los sectores productivos a aceptar el chantaje, y reconociendo esa pr\u00e1ctica ilegal; sobre todo porque se trata de una autoridad que debe hacer prevalecer la Ley. Se le puede reconocer su valent\u00eda e incluso de desautorizar al secretario de Gobernaci\u00f3n, Ad\u00e1n Augusto L\u00f3pez Hern\u00e1ndez, de salir en su defensa al decir que estaba nerviosa cuando lo dijo, pero el fondo del mensaje, desde el punto de vista legal y moral, es inaceptable. No se puede aceptar que una autoridad reconozca la criminalidad y la justifique: Paguen derecho de piso para no da\u00f1ar a los dem\u00e1s. Eso no es posible\u2026 La detenci\u00f3n de m\u00e1s de un centenar de hombres armados en Michoac\u00e1n demuestra tambi\u00e9n que la polic\u00eda y la GN cuentan con la formaci\u00f3n y los recursos necesarios para someter a la delincuencia, s\u00f3lo que no ocurre as\u00ed porque tienen otras \u00f3rdenes o hay complicidad. Basta que se aplique la ley y el Estado mexicano emplee todo lo que est\u00e1 a su disposici\u00f3n para cumplir con su funci\u00f3n, de garantizar la gobernabilidad y la estabilidad en nuestro pa\u00eds, de lo contrario, los sectores afectados insistir\u00e1n en que otros pa\u00edses vengan a supervisar lo que el gobierno constitucional no puede realizar.<\/p>\n<p><u><a href=\"mailto:asorianocarrasco@yahoo.com\" target=\"_blank\" rel=\"noopener noreferrer\"><em>asorianocarrasco@yahoo.com<\/em><\/a><br \/>\n<em><a href=\"https:\/\/revistabrecha.com\" target=\"_blank\" rel=\"noopener noreferrer\">www.revistabrecha.com<\/a><br \/>\n<\/em><\/u><em>facebook oficial <a href=\"https:\/\/es-la.facebook.com\/RevistaBrecha.Oficial\" target=\"_blank\" rel=\"noopener\">@BrechaRevista<\/a><\/em><\/p>\n","protected":false},"excerpt":{"rendered":"<p><span style=\"color: #005497;\"><strong>\u00c1ngel Soriano<\/strong><\/span><\/p>\n","protected":false},"author":3,"featured_media":0,"comment_status":"open","ping_status":"open","sticky":false,"template":"","format":"standard","meta":{"_monsterinsights_skip_tracking":false,"_monsterinsights_sitenote_active":false,"_monsterinsights_sitenote_note":"","_monsterinsights_sitenote_category":0,"footnotes":""},"categories":[135],"tags":[85,86,43674],"class_list":["post-556905","post","type-post","status-publish","format-standard","hentry","category-angel-soriano-opinion","tag-angel-soriano","tag-desde-el-portal","tag-opinion"],"_links":{"self":[{"href":"https:\/\/www.diarioimagen.net\/index.php?rest_route=\/wp\/v2\/posts\/556905","targetHints":{"allow":["GET"]}}],"collection":[{"href":"https:\/\/www.diarioimagen.net\/index.php?rest_route=\/wp\/v2\/posts"}],"about":[{"href":"https:\/\/www.diarioimagen.net\/index.php?rest_route=\/wp\/v2\/types\/post"}],"author":[{"embeddable":true,"href":"https:\/\/www.diarioimagen.net\/index.php?rest_route=\/wp\/v2\/users\/3"}],"replies":[{"embeddable":true,"href":"https:\/\/www.diarioimagen.net\/index.php?rest_route=%2Fwp%2Fv2%2Fcomments&post=556905"}],"version-history":[{"count":0,"href":"https:\/\/www.diarioimagen.net\/index.php?rest_route=\/wp\/v2\/posts\/556905\/revisions"}],"wp:attachment":[{"href":"https:\/\/www.diarioimagen.net\/index.php?rest_route=%2Fwp%2Fv2%2Fmedia&parent=556905"}],"wp:term":[{"taxonomy":"category","embeddable":true,"href":"https:\/\/www.diarioimagen.net\/index.php?rest_route=%2Fwp%2Fv2%2Fcategories&post=556905"},{"taxonomy":"post_tag","embeddable":true,"href":"https:\/\/www.diarioimagen.net\/index.php?rest_route=%2Fwp%2Fv2%2Ftags&post=556905"}],"curies":[{"name":"wp","href":"https:\/\/api.w.org\/{rel}","templated":true}]}}