{"id":557009,"date":"2022-08-18T00:05:18","date_gmt":"2022-08-18T05:05:18","guid":{"rendered":"https:\/\/www.diarioimagen.net\/?p=557009"},"modified":"2022-08-19T04:04:10","modified_gmt":"2022-08-19T09:04:10","slug":"uaemex-sede-del-diplomado-derechos-humanos-liderazgo-y-participacion-politica-de-las-mujeres-en-el-estado-de-mexico","status":"publish","type":"post","link":"https:\/\/www.diarioimagen.net\/?p=557009","title":{"rendered":"UAEM\u00e9x, sede del diplomado \u201cDerechos Humanos, Liderazgo y Participaci\u00f3n Pol\u00edtica de las Mujeres en el Estado de M\u00e9xico\u201d"},"content":{"rendered":"<p>&nbsp;<\/p>\n<div id=\"attachment_557010\" style=\"width: 470px\" class=\"wp-caption aligncenter\"><img loading=\"lazy\" decoding=\"async\" aria-describedby=\"caption-attachment-557010\" class=\"size-full wp-image-557010\" src=\"https:\/\/www.diarioimagen.net\/wp-content\/uploads\/2022\/08\/uaem2-4.jpg\" alt=\"\" width=\"460\" height=\"270\" \/><p id=\"caption-attachment-557010\" class=\"wp-caption-text\">La UAEM\u00e9x ser\u00e1 sede del diplomado \u2014gratuito y en modalidad virtual\u2014 \u201cDerechos Humanos, Liderazgo y Participaci\u00f3n Pol\u00edtica de las Mujeres en el Estado de M\u00e9xico\u201d.<\/p><\/div>\n<p>&nbsp;<\/p>\n<p><strong>Toluca, Estado de M\u00e9xico.\u2014<\/strong> Con el prop\u00f3sito de acelerar el empoderamiento del ejercicio pleno de los derechos pol\u00edtico-electorales de las mujeres, la Universidad Aut\u00f3noma del Estado de M\u00e9xico (UAEM\u00e9x), ser\u00e1 sede del diplomado -gratuito y en modalidad virtual- \u201cDerechos Humanos, Liderazgo y Participaci\u00f3n Pol\u00edtica de las Mujeres en el Estado de M\u00e9xico\u201d.<\/p>\n<p>El Observatorio de Participaci\u00f3n Pol\u00edtica de las Mujeres en la entidad a trav\u00e9s del Tribunal Electoral local (TEEM), el Instituto Electoral del Estado de M\u00e9xico (IEEM) y la Secretar\u00eda de las Mujeres mexiquense en colaboraci\u00f3n con\u00a0la UAEM\u00e9x y el Poder Judicial estatal, convocan a cursar el programa acad\u00e9mico que tendr\u00e1 una duraci\u00f3n de 120 horas.<\/p>\n<p>Durante la sesi\u00f3n extraordinaria del Observatorio de Participaci\u00f3n Pol\u00edtica de las Mujeres en el Estado de M\u00e9xico fue presentado el proyecto del diplomado que iniciar\u00e1 actividades en la segunda quincena de septiembre; est\u00e1 dirigido a personas que ocupan cargos de elecci\u00f3n popular, a integrantes de partidos pol\u00edticos, de organizaciones civiles, de instituciones gubernamentales, organismos aut\u00f3nomos, personas defensoras de los derechos humanos, acad\u00e9micas y periodistas.<\/p>\n<p>El periodo de inscripciones se abrir\u00e1 el pr\u00f3ximo 25 de agosto y concluir\u00e1 el 14 de septiembre con cupo limitado para garantizar la calidad acad\u00e9mica del mismo.<\/p>\n<p>La magistrada presidenta del Tribunal Electoral mexiquense (TEEM) y presidenta del Observatorio, Leticia Victoria Tavira, agradeci\u00f3 el apoyo del rector de la UAEM\u00e9x, Carlos Eduardo Barrera D\u00edaz y de la m\u00e1xima casa de estudios de la entidad para la realizaci\u00f3n del diplomado que tendr\u00e1 como sede la Facultad de Ciencias Pol\u00edticas y Sociales de esta instituci\u00f3n educativa.<\/p>\n<p>Tambi\u00e9n, reconoci\u00f3 las aportaciones de acad\u00e9micas de la facultad para que el programa del diplomado tenga la pertinencia y alcances deseados de formaci\u00f3n y fortalecimiento de habilidades de mujeres y hombres mexiquenses para el desempe\u00f1o de sus funciones en el \u00e1mbito pol\u00edtico y espacios de toma de decisiones, adquiriendo conocimientos en materia de derechos humanos, liderazgo y participaci\u00f3n pol\u00edtica del g\u00e9nero femenino.<\/p>\n<p>\u201cReconocer el invaluable apoyo que estamos recibiendo, primero, de nuestro querido rector, doctor Carlos Eduardo Barrera D\u00edaz, much\u00edsimas gracias porque con este compromiso que le caracteriza hace posible que hoy se materialice esta convocatoria\u201d, indic\u00f3 la magistrada.<\/p>\n<p>Aunque el diplomado ser\u00e1 virtual se prev\u00e9n algunas actividades h\u00edbridas como foros, cuestionarios, entre otras, para el enriquecimiento del programa; asimismo, al buscar formar en temas de paridad e igualdad sustantiva entre hombres y mujeres en el \u00e1mbito pol\u00edtico no tiene l\u00edmites de g\u00e9nero para los interesados en inscribirse al mismo.<\/p>\n<p>Para mayores informes est\u00e1n disponibles los tel\u00e9fonos de la Facultad de Ciencias Pol\u00edticas y Sociales de la UAEM\u00e9x: 722) 2 13 16 07, 2 15 04 94 y 2 15 92 80.<\/p>\n","protected":false},"excerpt":{"rendered":"<p>Con el prop\u00f3sito de acelerar el empoderamiento del ejercicio pleno de los derechos pol\u00edtico-electorales de las mujeres, la Universidad Aut\u00f3noma del Estado de M\u00e9xico (UAEM\u00e9x), ser\u00e1 sede del diplomado -gratuito y en modalidad virtual- \u201cDerechos Humanos, Liderazgo y Participaci\u00f3n Pol\u00edtica de las Mujeres en el Estado de M\u00e9xico\u201d.<\/p>\n","protected":false},"author":3,"featured_media":557010,"comment_status":"open","ping_status":"open","sticky":false,"template":"","format":"standard","meta":{"_monsterinsights_skip_tracking":false,"_monsterinsights_sitenote_active":false,"_monsterinsights_sitenote_note":"","_monsterinsights_sitenote_category":0,"footnotes":""},"categories":[5],"tags":[],"class_list":["post-557009","post","type-post","status-publish","format-standard","has-post-thumbnail","hentry","category-estado-de-mexico"],"_links":{"self":[{"href":"https:\/\/www.diarioimagen.net\/index.php?rest_route=\/wp\/v2\/posts\/557009","targetHints":{"allow":["GET"]}}],"collection":[{"href":"https:\/\/www.diarioimagen.net\/index.php?rest_route=\/wp\/v2\/posts"}],"about":[{"href":"https:\/\/www.diarioimagen.net\/index.php?rest_route=\/wp\/v2\/types\/post"}],"author":[{"embeddable":true,"href":"https:\/\/www.diarioimagen.net\/index.php?rest_route=\/wp\/v2\/users\/3"}],"replies":[{"embeddable":true,"href":"https:\/\/www.diarioimagen.net\/index.php?rest_route=%2Fwp%2Fv2%2Fcomments&post=557009"}],"version-history":[{"count":0,"href":"https:\/\/www.diarioimagen.net\/index.php?rest_route=\/wp\/v2\/posts\/557009\/revisions"}],"wp:featuredmedia":[{"embeddable":true,"href":"https:\/\/www.diarioimagen.net\/index.php?rest_route=\/wp\/v2\/media\/557010"}],"wp:attachment":[{"href":"https:\/\/www.diarioimagen.net\/index.php?rest_route=%2Fwp%2Fv2%2Fmedia&parent=557009"}],"wp:term":[{"taxonomy":"category","embeddable":true,"href":"https:\/\/www.diarioimagen.net\/index.php?rest_route=%2Fwp%2Fv2%2Fcategories&post=557009"},{"taxonomy":"post_tag","embeddable":true,"href":"https:\/\/www.diarioimagen.net\/index.php?rest_route=%2Fwp%2Fv2%2Ftags&post=557009"}],"curies":[{"name":"wp","href":"https:\/\/api.w.org\/{rel}","templated":true}]}}