{"id":557026,"date":"2022-08-18T00:03:37","date_gmt":"2022-08-18T05:03:37","guid":{"rendered":"https:\/\/www.diarioimagen.net\/?p=557026"},"modified":"2022-08-18T02:43:54","modified_gmt":"2022-08-18T07:43:54","slug":"el-pan-debe-de-estar-abierto-a-la-critica-ciudadana-afirma-enrique-vargas-del-villar","status":"publish","type":"post","link":"https:\/\/www.diarioimagen.net\/?p=557026","title":{"rendered":"El PAN debe de estar abierto a la critica ciudadana, afirma Enrique Vargas del Villar"},"content":{"rendered":"<p>&nbsp;<\/p>\n<h6>Arturo Baena<\/h6>\n<p>&nbsp;<\/p>\n<div id=\"attachment_557028\" style=\"width: 470px\" class=\"wp-caption aligncenter\"><img loading=\"lazy\" decoding=\"async\" aria-describedby=\"caption-attachment-557028\" class=\"size-full wp-image-557028\" src=\"https:\/\/www.diarioimagen.net\/wp-content\/uploads\/2022\/08\/pan.jpg\" alt=\"\" width=\"460\" height=\"270\" \/><p id=\"caption-attachment-557028\" class=\"wp-caption-text\">El diputado Enrique Vargas del Villar, durante la conferencia donde se inform\u00f3 que el CEN del PAN realiza la \u201cGira Nacional de Consulta 2022\u201d.<\/p><\/div>\n<p>&nbsp;<\/p>\n<p><strong>Naucalpan, Estado de M\u00e9xico.\u2014<\/strong> El Partido \u00a0Acci\u00f3n Nacional (PAN) debe estar abierto y aceptar la cr\u00edtica de la ciudadan\u00eda, pues s\u00f3lo as\u00ed podremos avanzar juntos para los pr\u00f3ximos procesos electorales.<\/p>\n<p>Afirm\u00f3 lo anterior, el diputado Enrique\u00a0 Vargas del Villar durante una conferencia de prensa, en la cual se inform\u00f3 que el Comit\u00e9 Ejecutivo Nacional de ese instituto partido, realiza la \u201cGira Nacional de Consulta 2022\u201d, en la que se somete y se abre a la cr\u00edtica ciudadana, a la autocr\u00edtica para relanzar al PAN a los pr\u00f3ximos procesos electorales 2023 y 2024 y de cara a la gente.<\/p>\n<p>Se inform\u00f3 que Acci\u00f3n Nacional ha realizado la consulta en 23 estados del pa\u00eds \u201cpara entender qu\u00e9 quiere la gente,\u00a0c\u00f3mo desea que sea el PAN.\u201d.<\/p>\n<p>El proceso de escucha nacional a la militancia y a la sociedad es para modernizar los Estatutos y el Programa de Acci\u00f3n Pol\u00edtica, con el fin de tener un partido a la altura del M\u00e9xico del Siglo 21, un partido que convoque a los ciudadanos en las pr\u00f3ximas elecciones y que d\u00e9 respuesta a los problemas de las y los mexicanos\u201d, dijo Margarita Mart\u00ednez Fisher. Por su parte, Julio Castillo (hijo de Carlos Castillo Peraza), enfatiz\u00f3 la necesidad de que el PAN escuche a la gente para proyectar el partido. \u201dEs necesario escuchar a la ciudadan\u00eda\u201d. Mientras que Agust\u00edn Rodr\u00edguez, revel\u00f3 que el PAN tiene un poco m\u00e1s de 280 mil militantes en todo el pa\u00eds y que ya han recorrido 27 estados escuchando a la gente y el PAN har\u00e1 un mejor sistema de afiliaci\u00f3n, moderno, transparente, de gran facilidad para todo aquel que desee afiliarse.<\/p>\n","protected":false},"excerpt":{"rendered":"<p>El Partido \u00a0Acci\u00f3n Nacional (PAN) debe estar abierto y aceptar la cr\u00edtica de la ciudadan\u00eda, pues s\u00f3lo as\u00ed podremos avanzar juntos para los pr\u00f3ximos procesos electorales.<\/p>\n","protected":false},"author":3,"featured_media":557028,"comment_status":"open","ping_status":"open","sticky":false,"template":"","format":"standard","meta":{"_monsterinsights_skip_tracking":false,"_monsterinsights_sitenote_active":false,"_monsterinsights_sitenote_note":"","_monsterinsights_sitenote_category":0,"footnotes":""},"categories":[5],"tags":[47218,43675,970],"class_list":["post-557026","post","type-post","status-publish","format-standard","has-post-thumbnail","hentry","category-estado-de-mexico","tag-enrique-vargas-del-villar","tag-estado-de-mexico","tag-naucalpan"],"_links":{"self":[{"href":"https:\/\/www.diarioimagen.net\/index.php?rest_route=\/wp\/v2\/posts\/557026","targetHints":{"allow":["GET"]}}],"collection":[{"href":"https:\/\/www.diarioimagen.net\/index.php?rest_route=\/wp\/v2\/posts"}],"about":[{"href":"https:\/\/www.diarioimagen.net\/index.php?rest_route=\/wp\/v2\/types\/post"}],"author":[{"embeddable":true,"href":"https:\/\/www.diarioimagen.net\/index.php?rest_route=\/wp\/v2\/users\/3"}],"replies":[{"embeddable":true,"href":"https:\/\/www.diarioimagen.net\/index.php?rest_route=%2Fwp%2Fv2%2Fcomments&post=557026"}],"version-history":[{"count":0,"href":"https:\/\/www.diarioimagen.net\/index.php?rest_route=\/wp\/v2\/posts\/557026\/revisions"}],"wp:featuredmedia":[{"embeddable":true,"href":"https:\/\/www.diarioimagen.net\/index.php?rest_route=\/wp\/v2\/media\/557028"}],"wp:attachment":[{"href":"https:\/\/www.diarioimagen.net\/index.php?rest_route=%2Fwp%2Fv2%2Fmedia&parent=557026"}],"wp:term":[{"taxonomy":"category","embeddable":true,"href":"https:\/\/www.diarioimagen.net\/index.php?rest_route=%2Fwp%2Fv2%2Fcategories&post=557026"},{"taxonomy":"post_tag","embeddable":true,"href":"https:\/\/www.diarioimagen.net\/index.php?rest_route=%2Fwp%2Fv2%2Ftags&post=557026"}],"curies":[{"name":"wp","href":"https:\/\/api.w.org\/{rel}","templated":true}]}}