{"id":557058,"date":"2022-08-18T00:02:07","date_gmt":"2022-08-18T05:02:07","guid":{"rendered":"https:\/\/www.diarioimagen.net\/?p=557058"},"modified":"2022-08-18T04:04:49","modified_gmt":"2022-08-18T09:04:49","slug":"en-politica-nadie-es-una-blanca-paloma-pero-en-morena-son-peores","status":"publish","type":"post","link":"https:\/\/www.diarioimagen.net\/?p=557058","title":{"rendered":"En pol\u00edtica, nadie es una blanca paloma, pero en Morena son peores"},"content":{"rendered":"<h2>La Retaguardia<\/h2>\n<h5>Adriana Moreno Cordero<\/h5>\n<p>&nbsp;<\/p>\n<p>No se tard\u00f3 en responder el bloque opositor de la C\u00e1mara baja sobre la solicitud de desafuero en contra del l\u00edder del PRI, <strong>Alejandro Moreno C\u00e1rdenas<\/strong>, que hizo personalmente y por instrucciones de la gobernadora de Campeche, <strong>Layda Sansores<\/strong>, que a su vez recibi\u00f3 l\u00ednea de Palacio Nacional, el fiscal estatal, <strong>Renato Sales Heredia,<\/strong> en el Palacio Legislativo de San L\u00e1zaro. \u201cSi tocan a uno, nos tocan a todos, dijeron en conferencia de prensa los dirigentes del PAN, <strong>Marko Cort\u00e9s,<\/strong> y del PRD, <strong>Jes\u00fas Zambrano<\/strong>.<\/p>\n<p>Por ah\u00ed tambi\u00e9n andaba el diputado panista <strong>Jorge Romero<\/strong>, porque pendiente est\u00e1 tambi\u00e9n el asunto que deton\u00f3 el partido oficial en torno a los ilegales negocios inmobiliarios que panistas ten\u00edan en la ahora alcald\u00eda de Benito Ju\u00e1rez, que desde hace muchos a\u00f1os se llen\u00f3 de edificios y no hubo denuncia que pudiera revertir esa situaci\u00f3n. Sin embargo, el \u201cquid\u201d del asunto es que los de Morena lo aprovechan con fines eminentemente electorales. Es bien sabido, por ejemplo, el juego que ha emprendido la jefa de Gobierno de la Ciudad de M\u00e9xico, <strong>Claudia Sheinbaum<\/strong> para arrebatarles alcald\u00edas a la oposici\u00f3n.<\/p>\n<p>Y no es que en esto de la pol\u00edtica, todos sean unas blancas palomas, por supuesto que no, pero es evidente que, como se ha consignado en este espacio en anterior entrega, los distinguidos militantes de Morena, efectivamente, no son iguales, sino que resultaron peores.<\/p>\n<p>Si se revisa un poco, a los del partido oficial no les ha importado violar abiertamente la ley y luego, en el discurso asegurar que son incorruptibles; que son como el <em>mes\u00edas tropical<\/em>. Con raz\u00f3n, <em>Alito<\/em> Moreno dijo aquello de que \u201cde Morena no espero justicia, espero venganza\u201d.<\/p>\n<p>De nueva cuenta, el presidente <strong>Andr\u00e9s Manuel L\u00f3pez Obrador<\/strong>, en su gustad\u00edsimo \u201cstand-up\u201d ma\u00f1anero, volvi\u00f3 a hablar del caso Alejandro Moreno y se deslind\u00f3 a la voz de que el tema es de las autoridades de Campeche, s\u00ed, de la estramb\u00f3tica gobernadora, \u201c\u2026nosotros no llevamos a cabo ninguna persecuci\u00f3n pol\u00edtica\u201d.<\/p>\n<p>Pues qu\u00e9 bueno que el de Tepetit\u00e1n avise que en esta errada y llamada Cuarta Transformaci\u00f3n no hay persecuciones pol\u00edticas. Qu\u00e9 tal que s\u00ed. Esta situaci\u00f3n es muy semejante a cuando L\u00f3pez Obrador asegura que en su gesti\u00f3n, las masacres y la corrupci\u00f3n ya no existen y el pa\u00eds se convulsiona. Eso es s\u00f3lo palabrer\u00eda del partido oficial y de quien lo encabeza.<\/p>\n<p>De cualquier manera, L\u00f3pez Obrador insisti\u00f3 en que: \u201cA m\u00ed me pueden acusar de muchas cosas, pero nunca van a poder decir que soy incongruente, nosotros no perseguimos a nadie, no es mi fuerte la venganza, no fabricamos delitos, no somos iguales\u201d.<\/p>\n<p>Ahora, lo que sigue, es un juego de vencidas en el que el subcoordinador morenista en la C\u00e1mara baja, <strong>Leonel Godoy<\/strong>, ha prometido que el juicio de procedencia en contra del dirigente del Revolucionario Institucional, va a ser expedito. \u00bfSer\u00e1?<\/p>\n<p>La coalici\u00f3n \u201cVa por M\u00e9xico, anunci\u00f3 adem\u00e1s que pedir\u00e1 la renuncia del presidente de la Mesa Directiva de la C\u00e1mara de Diputados, <strong>Sergio Guti\u00e9rrez Luna<\/strong>, que en todo momento estuvo junto al fiscal Sales Heredia; de hecho, quien tambi\u00e9n es conocido como \u201cGutierritos\u201d, hizo muy bien sus funciones de \u201cpati\u00f1o\u201d, con eso de que al precio que sea quiere ser el candidato del Morena al gobierno de Veracruz, pues todo puede esperarse.<\/p>\n<p style=\"text-align: center;\"><strong>Municiones<\/strong><\/p>\n<p>*** No es que <strong>Jaime Bonilla Valdez<\/strong> le quiera enmendar la plana a L\u00f3pez Obrador, su pleito es de tinte pol\u00edtico y va directo y en contra de la gobernadora de Baja California, <strong>Marina del Pilar \u00c1vila<\/strong>, a quien ya trae \u201centre ceja y ceja desde hace un buen rato\u201d. Presumi\u00f3 el senador que durante su breve gesti\u00f3n, nunca se present\u00f3 una violencia como la que recientemente tiene en grave riesgo a Baja California. Lo que s\u00ed es cierto, es que la gobernadora no ha tenido la capacidad de controlar esta situaci\u00f3n; est\u00e1 igual que la mandataria estatal de Colima, <strong>Indira Vizca\u00edno<\/strong>, a la que tambi\u00e9n el estado se le sali\u00f3 de las manos en cuanto al azote de la inseguridad, as\u00ed que lo que tanto han presumido morenistas como por ejemplo, el mism\u00edsimo dirigente nacional, <strong>Mario Mart\u00edn Delgado<\/strong>, en el sentido de que s\u00f3lo los gobernadores emanados del partido oficial son los buenos, pues nada de eso; tambi\u00e9n han\u00a0 demostrado ser unos incompetentes. Ahora ya con fuero, el ex gobernador Bonilla espec\u00edficamente se\u00f1al\u00f3: Nos tratan de confundir que el tema de Baja California fue el mismo que pas\u00f3 en Guanajuato y Jalisco, no es cierto,\u00a0el tema de Baja California es una falla gubernamental estatal, es una falta de oficio pol\u00edtico de conocimiento de lo que estaba pasando, es imposible que las polic\u00edas municipales, estatales y federales no hubieran sabido con la inteligencia que tienen lo que iba a pasar, si no sab\u00edan todav\u00eda est\u00e1 peor, en mando de qui\u00e9n estamos\u201d. Bueno, hay que reconocer que s\u00ed le dio su \u201crasponcito\u201d a esta errada y llamada Cuarta Transformaci\u00f3n. \u00a1Qu\u00e9 tal!<\/p>\n<p>*** \u201cAnte las cifras hist\u00f3ricas de violencia en M\u00e9xico y la falta de medidas emergentes para combatirla, el presidente Andr\u00e9s Manuel L\u00f3pez Obrador ser\u00e1 severamente juzgado por la historia\u201d. Esto lo asever\u00f3 el coordinador de Movimiento Ciudadano en el Senado, <strong>Clemente Casta\u00f1eda<\/strong>, que adem\u00e1s, expuso que las cifras oficiales revelan que el pa\u00eds va para atr\u00e1s en materia de seguridad, pues estamos viviendo el sexenio m\u00e1s violento de la historia reciente de M\u00e9xico. \u201cA pesar de esto, el gobierno federal insiste en decir que va muy bien, cuando todos sabemos que vamos muy mal, que el tema est\u00e1 fuera de control y que si no se toman medidas emergentes lo vamos a lamentar todav\u00eda m\u00e1s\u201d.<\/p>\n<p>*** Por cierto, los legisladores de la fracci\u00f3n parlamentaria naranja, llevar\u00e1n a cabo en Monterrey los pr\u00f3ximos 26 y 27 de agosto su reuni\u00f3n plenaria y el anfitri\u00f3n e invitado especial ser\u00e1 el gobernador de Nuevo Le\u00f3n, <strong>Samuel Garc\u00eda<\/strong>. Tambi\u00e9n est\u00e1 contemplada la asistencia del presidente municipal de la capital neoleonesa, <strong>Luis Donado Colosio Riojas<\/strong> que, seg\u00fan se sabe, aspira a convertirse en senador. Y uno de los temas centrales que tratar\u00e1n los legisladores de MC, ser\u00e1 la situaci\u00f3n de inseguridad que priva en M\u00e9xico y se har\u00e1n planteamientos para corregir de manera inmediata esta problem\u00e1tica.\u00a0De hecho, en todas las plenarias de todos los partidos que realizar\u00e1n sus respectivas plenarias, ese ser\u00e1 el punto central. Claro que los morenistas s\u00f3lo se dar\u00e1n a la tarea de repetir lo que dice su jefe de que todo est\u00e1 bien y el clima de violencia se debe a una \u201ccampa\u00f1a negra\u201d. Ah\u00ed est\u00e1 como prueba que en conferencia de prensa, la senadora morenista <strong>Martha Guerrero<\/strong>, declar\u00f3 \u201cque a pesar del clima de violencia que se vive en el pa\u00eds, heredado por las administraciones anteriores, las pol\u00edticas p\u00fablicas en materia de seguridad del presidente de la Rep\u00fablica han tenido resultados\u201d.<\/p>\n<p><u><a href=\"mailto:morcora@gmail.com\" target=\"_blank\" rel=\"noopener noreferrer\"><em>morcora@gmail.com<\/em><\/a><\/u><\/p>\n","protected":false},"excerpt":{"rendered":"<p><span style=\"color: #005497;\"><strong>Adriana Moreno Cordero<\/strong><\/span><\/p>\n","protected":false},"author":3,"featured_media":0,"comment_status":"open","ping_status":"open","sticky":false,"template":"","format":"standard","meta":{"_monsterinsights_skip_tracking":false,"_monsterinsights_sitenote_active":false,"_monsterinsights_sitenote_note":"","_monsterinsights_sitenote_category":0,"footnotes":""},"categories":[69370],"tags":[69369,69368,43674],"class_list":["post-557058","post","type-post","status-publish","format-standard","hentry","category-adriana-moreno-cordero","tag-adriana-moreno-cordero","tag-la-retaguardia","tag-opinion"],"_links":{"self":[{"href":"https:\/\/www.diarioimagen.net\/index.php?rest_route=\/wp\/v2\/posts\/557058","targetHints":{"allow":["GET"]}}],"collection":[{"href":"https:\/\/www.diarioimagen.net\/index.php?rest_route=\/wp\/v2\/posts"}],"about":[{"href":"https:\/\/www.diarioimagen.net\/index.php?rest_route=\/wp\/v2\/types\/post"}],"author":[{"embeddable":true,"href":"https:\/\/www.diarioimagen.net\/index.php?rest_route=\/wp\/v2\/users\/3"}],"replies":[{"embeddable":true,"href":"https:\/\/www.diarioimagen.net\/index.php?rest_route=%2Fwp%2Fv2%2Fcomments&post=557058"}],"version-history":[{"count":0,"href":"https:\/\/www.diarioimagen.net\/index.php?rest_route=\/wp\/v2\/posts\/557058\/revisions"}],"wp:attachment":[{"href":"https:\/\/www.diarioimagen.net\/index.php?rest_route=%2Fwp%2Fv2%2Fmedia&parent=557058"}],"wp:term":[{"taxonomy":"category","embeddable":true,"href":"https:\/\/www.diarioimagen.net\/index.php?rest_route=%2Fwp%2Fv2%2Fcategories&post=557058"},{"taxonomy":"post_tag","embeddable":true,"href":"https:\/\/www.diarioimagen.net\/index.php?rest_route=%2Fwp%2Fv2%2Ftags&post=557058"}],"curies":[{"name":"wp","href":"https:\/\/api.w.org\/{rel}","templated":true}]}}