{"id":557059,"date":"2022-08-18T00:04:52","date_gmt":"2022-08-18T05:04:52","guid":{"rendered":"https:\/\/www.diarioimagen.net\/?p=557059"},"modified":"2022-08-18T04:09:48","modified_gmt":"2022-08-18T09:09:48","slug":"injusticia-con-mineros","status":"publish","type":"post","link":"https:\/\/www.diarioimagen.net\/?p=557059","title":{"rendered":"Injusticia con mineros"},"content":{"rendered":"<h2>Desde el portal<\/h2>\n<h5>\u00c1ngel Soriano<\/h5>\n<p>&nbsp;<\/p>\n<p>El presidente Andr\u00e9s Manuel L\u00f3pez Obrador refiri\u00f3 que uno de los empresarios que domina la regi\u00f3n carbon\u00edfera de Coahuila es propietario de cuando menos una veintena de aviones y helic\u00f3pteros que presta o prestaba a gobernadores y, desde luego, obten\u00eda u obtiene favores pol\u00edticos para evadir su responsabilidad con los trabajadores.<\/p>\n<p>Record\u00f3 el caso de Pasta de Conchos donde quedaron atrapados y abandonados los trabajadores luego de colapsar la mina y no se castig\u00f3 a los culpables, de tal manera que persisten los cacicazgos y el tr\u00e1fico de influencias para violar la Ley en detrimento de modestos trabajadores de la regi\u00f3n que no tienen otra alternativa m\u00e1s que las minas.<\/p>\n<p>Y si esos son los casos m\u00e1s visibles en el rubro, sin duda que hay otros sectores afectados por el tr\u00e1fico de influencias e impunidad con la que se mueven los empresarios inmorales y l\u00edderes sindicales que amasan grandes fortunas a costa de la miseria de los trabajadores, pero como en el pasado, tambi\u00e9n en el presente existen porque es dif\u00edcil erradicar esa pr\u00e1ctica.<\/p>\n<p>Habr\u00eda que revisar los beneficios que obtienen desde los funcionarios federales encargados de otorgar las concesiones y vigilar las relaciones laborales, hasta en el terreno donde est\u00e1n asentados; porque es dif\u00edcil ignorar que, junto a El Pinabete, hab\u00eda otra mina abandonada e inundada. No es posible que se ignorara tal criminal omisi\u00f3n.<\/p>\n<p style=\"text-align: center;\"><strong>TURBULENCIAS<br \/>\nEn busca de personal especializado<\/strong><\/p>\n<p>Dos semanas despu\u00e9s de ocurrida la desgracia, ahora se recurrir\u00e1 a expertos de EU y Alemania para que den su opini\u00f3n respecto a los trabajos de rescate de los desafortunados mineros, toda vez que nuestros expertos no le han encontrado la cuadratura al c\u00edrculo y las medidas adoptadas, con expertos de instituciones p\u00fablicas y privadas, no han dado resultados. M\u00e1s all\u00e1 de enfrentamientos pol\u00edticos, ideol\u00f3gicos o electorales, habr\u00e1 que rescatar a los mineros atrapados y elaborar nuevas estrategias laborales, de prevenci\u00f3n y de auxilio en estos casos, ante la indolencia empresarial\u2026 El subsecretario Hugo L\u00f3pez-Gatell, en concordancia con la l\u00ednea gubernamental, se lanz\u00f3 en contra de los m\u00e9dicos que atienden en consultorios adjuntos a las farmacias cuando son el \u00faltimo recurso para personas de escasos recursos, que ni tienen acceso al sector salud ni al privado. Desde luego que con las m\u00ednimas cuotas que cobran los galenos nadie puede asegurar que les curar\u00e1n de enfermedades graves, sino son simplemente para malestares pasajeros. El af\u00e1n pol\u00edtico de L\u00f3pez-Gatell en su prop\u00f3sito de quedar bien con el que manda arremeti\u00f3 injustamente contra ese sector de la medicina\u2026 La alianza Va por M\u00e9xico sali\u00f3 en defensa del ex gobernador de Campeche, Alejandro Moreno C\u00e1rdenas, ante los ataques sistem\u00e1ticos de la gobernadora Layda Sansores. El fiscal Renato Sales concurri\u00f3 a San L\u00e1zaro para entregar de manera presencial al presidente de la Mesa Directiva, Sergio Guti\u00e9rrez Luna, la demanda de desafuero del ahora l\u00edder nacional priista, a quien se acusa de enriquecimiento il\u00edcito y de lavado de dinero. A \u201cAlito\u201d lo han dejado s\u00f3lo los morenistas: no concurrieron a una sesi\u00f3n a la que convoc\u00f3 como presidente de la Comisi\u00f3n de Gobernaci\u00f3n y hubo que suspenderse por falta de qu\u00f3rum; ahora los l\u00edderes del PAN, Marko Cort\u00e9s, y Jes\u00fas Zambrano, del PRD, salen en su defensa por encima de las acusaciones que hay en su contra\u2026 Y en Oaxaca, pese a las m\u00faltiples denuncias y testimonios de incapacidad y omisi\u00f3n, frivolidad e irresponsabilidad, se mantiene en el cargo al fiscal Arturo Peimbert, quien no ha hecho nada en beneficio de la sociedad, s\u00f3lo utilizar el presupuesto para otros fines y pasearse en lujosa motocicleta por la ciudad. Incluso ha desde\u00f1ado los llamados del Congreso local a explicar su ofensiva conducta. Total impunidad para el fiscal.<\/p>\n<p><u><a href=\"mailto:asorianocarrasco@yahoo.com\" target=\"_blank\" rel=\"noopener noreferrer\"><em>asorianocarrasco@yahoo.com<\/em><\/a><br \/>\n<em><a href=\"https:\/\/revistabrecha.com\" target=\"_blank\" rel=\"noopener noreferrer\">www.revistabrecha.com<\/a><br \/>\n<\/em><\/u><em>facebook oficial <a href=\"https:\/\/es-la.facebook.com\/RevistaBrecha.Oficial\" target=\"_blank\" rel=\"noopener\">@BrechaRevista<\/a><\/em><\/p>\n","protected":false},"excerpt":{"rendered":"<p><span style=\"color: #005497;\"><strong>\u00c1ngel Soriano<\/strong><\/span><\/p>\n","protected":false},"author":3,"featured_media":0,"comment_status":"open","ping_status":"open","sticky":false,"template":"","format":"standard","meta":{"_monsterinsights_skip_tracking":false,"_monsterinsights_sitenote_active":false,"_monsterinsights_sitenote_note":"","_monsterinsights_sitenote_category":0,"footnotes":""},"categories":[135],"tags":[85,86,43674],"class_list":["post-557059","post","type-post","status-publish","format-standard","hentry","category-angel-soriano-opinion","tag-angel-soriano","tag-desde-el-portal","tag-opinion"],"_links":{"self":[{"href":"https:\/\/www.diarioimagen.net\/index.php?rest_route=\/wp\/v2\/posts\/557059","targetHints":{"allow":["GET"]}}],"collection":[{"href":"https:\/\/www.diarioimagen.net\/index.php?rest_route=\/wp\/v2\/posts"}],"about":[{"href":"https:\/\/www.diarioimagen.net\/index.php?rest_route=\/wp\/v2\/types\/post"}],"author":[{"embeddable":true,"href":"https:\/\/www.diarioimagen.net\/index.php?rest_route=\/wp\/v2\/users\/3"}],"replies":[{"embeddable":true,"href":"https:\/\/www.diarioimagen.net\/index.php?rest_route=%2Fwp%2Fv2%2Fcomments&post=557059"}],"version-history":[{"count":0,"href":"https:\/\/www.diarioimagen.net\/index.php?rest_route=\/wp\/v2\/posts\/557059\/revisions"}],"wp:attachment":[{"href":"https:\/\/www.diarioimagen.net\/index.php?rest_route=%2Fwp%2Fv2%2Fmedia&parent=557059"}],"wp:term":[{"taxonomy":"category","embeddable":true,"href":"https:\/\/www.diarioimagen.net\/index.php?rest_route=%2Fwp%2Fv2%2Fcategories&post=557059"},{"taxonomy":"post_tag","embeddable":true,"href":"https:\/\/www.diarioimagen.net\/index.php?rest_route=%2Fwp%2Fv2%2Ftags&post=557059"}],"curies":[{"name":"wp","href":"https:\/\/api.w.org\/{rel}","templated":true}]}}