{"id":557099,"date":"2022-08-19T00:05:33","date_gmt":"2022-08-19T05:05:33","guid":{"rendered":"https:\/\/www.diarioimagen.net\/?p=557099"},"modified":"2022-08-22T03:53:16","modified_gmt":"2022-08-22T08:53:16","slug":"filem-promovera-el-dialogo-sobre-periodismo-cientifico-y-cultural","status":"publish","type":"post","link":"https:\/\/www.diarioimagen.net\/?p=557099","title":{"rendered":"FILEM promover\u00e1 el di\u00e1logo sobre periodismo cient\u00edfico y cultural"},"content":{"rendered":"<p>&nbsp;<\/p>\n<div id=\"attachment_557132\" style=\"width: 470px\" class=\"wp-caption aligncenter\"><img loading=\"lazy\" decoding=\"async\" aria-describedby=\"caption-attachment-557132\" class=\"size-full wp-image-557132\" src=\"https:\/\/www.diarioimagen.net\/wp-content\/uploads\/2022\/08\/uaem2-5.jpg\" alt=\"\" width=\"460\" height=\"270\" \/><p id=\"caption-attachment-557132\" class=\"wp-caption-text\">Dentro de las actividades, se llevar\u00e1 a cabo el conversatorio Periodismo de Ciencia para la toma de decisiones en una sociedad en donde participar\u00e1n las periodistas e integrantes de la Red Mexicana de Periodistas de Ciencia, Cecilia Montero de Jes\u00fas, Aleida Rueda, Nelly Toche Salgueiro y Karen Rivera S\u00e1nchez.<\/p><\/div>\n<p>&nbsp;<\/p>\n<p><strong>Ciudad de M\u00e9xico.\u2013 <\/strong>En un esfuerzo conjunto entre el Gobierno del Estado de M\u00e9xico,\u00a0la Universidad Aut\u00f3noma del Estado de M\u00e9xico (UAEM\u00e9x) y el Ayuntamiento de Toluca, la Feria Internacional del Libro Estado de M\u00e9xico (FILEM), en su octava edici\u00f3n, abre espacio para el di\u00e1logo sobre el periodismo cient\u00edfico y la gesti\u00f3n cultural en territorio mexiquense.<\/p>\n<p>Durante la conferencia de prensa en la C\u00e1mara Nacional de la Industria Editorial Mexicana (CANIEM), el director de Patrimonio y Servicios culturales de la Secretar\u00eda de Cultura y Turismo, Juan Carlos Muci\u00f1o, mencion\u00f3 que en su octava edici\u00f3n, la FILEM cuenta con siete foros en d\u00f3nde se llevar\u00e1n a cabo distintas actividades culturales, di\u00e1logos con expertos, encuentros con escritoras y escritores, gestores culturales, as\u00ed como periodistas especializados en ciencia y cultura.<\/p>\n<p>Este a\u00f1o el premio FILEM 2022 ser\u00e1 otorgado a Valeria Luiselli, por su amplia trayectoria literaria, quien es una joven escritora que a trav\u00e9s de sus letras busca la libertad de pensar y de vivir muchas otras vidas.<\/p>\n<p>Por su parte, el director de publicaciones universitarias de la M\u00e1xima Casa de Estudios mexiquenses, Jorge Robles \u00c1lvarez, explic\u00f3 que bajo el eje \u201cCon-textos libres\u201d, la FILEM rinde homenaje al trabajo de periodismo cient\u00edfico, en d\u00f3nde se busca hacer una reflexi\u00f3n sobre su importancia en el an\u00e1lisis de la informaci\u00f3n transmitida en los medios de comunicaci\u00f3n durante la pandemia por el virus SARS-CoV-2.<\/p>\n<p>Dentro de las actividades, se llevar\u00e1 a cabo el conversatorio <em>Periodismo de Ciencia para la toma de decisiones en una sociedad <\/em>en donde participar\u00e1n las periodistas e integrantes de la Red Mexicana de Periodistas de Ciencia, Cecilia Montero de Jes\u00fas, Aleida Rueda, Nelly Toche Salgueiro y Karen Rivera S\u00e1nchez. Se presentar\u00e1 el libro <em>Coronesio, Covid\u00edn y los secretos de lo invisible: Un cuento para descubrir con tu imaginaci\u00f3n al nuevo coronavirus<\/em> de Carol Perelman, miembro de la Somedicyt.<\/p>\n<p>Se contar\u00e1 con alrededor de 280 sellos editoriales que acercaran la lectura a la poblaci\u00f3n mexiquense y a la comunidad universitaria, entre los que destacan el Fondo Editorial del UAEM\u00e9x, el Fondo Editorial del Estado de M\u00e9xico, el Fondo Editorial del Colegio de M\u00e9xico y la editorial independiente Almad\u00eda.<\/p>\n<p>En su oportunidad, el titular del Consejo Editorial del Estado de M\u00e9xico, Alfredo Barrera Baca destac\u00f3 que dentro del programa de actividades se presentar\u00e1n dos colecciones del Estado de M\u00e9xico\u00a0coeditadas por el FOEM y la Aut\u00f3noma mexiquense, la primera es la colecci\u00f3n \u201cMujeres, coraz\u00f3n y porvenir\u201d, que cuenta con 13 t\u00edtulos de mujeres mexicanas del siglo XX destacadas por su trayectoria literaria como Amparo D\u00e1vila, Beatriz Espejo, Guadalupe Due\u00f1as, entre otras.<\/p>\n<p>Asimismo, ser\u00e1 presentada la colecci\u00f3n 18 obras de j\u00f3venes mexiquenses que, dentro del \u00e1rea del arte visual, el pensamiento y la literatura han sido destacados; entre los ejemplares se encuentran <em>Cartograf\u00edas: trazado fotogr\u00e1fico<\/em> de Toluca, de Carlos Escutia;<em> la Espera<\/em>, de Andrea Celaya; <em>Relatos de la Periferia<\/em>, de Jonathan Rosas, entre otros.<\/p>\n<p>Por su parte, el coordinador de Cultura y Turismo del Ayuntamiento de Toluca, Jorge Fern\u00e1ndez Fuentes Zepeda, destac\u00f3 que FILEM se ha convertido en una de las ferias del libro m\u00e1s importantes, trascendentes y esperadas a nivel internacional, ya que ofrece a sus visitantes el impulso de la lectura a trav\u00e9s de la cultura de Toluca y el Estado de M\u00e9xico, llenando de mucho color a la entidad.<\/p>\n<p>La Feria Internacional del Libro Estado de M\u00e9xico contar\u00e1 con 350 actividades en un formato h\u00edbrido, entre las que destacan el conversatorio \u00bfExiste el periodismo cultural en el Estado de M\u00e9xico?; la conferencia magistral \u00bfPor qu\u00e9 hacer periodismo cultural?, a cargo de Leila Guerriero, y talleres sobre la gesti\u00f3n cultural en M\u00e9xico, cuidando las medidas de higiene necesarias para evitar la propagaci\u00f3n de la COVID-19, por medio de la instalaci\u00f3n de filtros sanitarios, el uso obligatorio de cubrebocas dentro del Centro de Convenciones EdoMex, aforos controlados y uso de gel antibacterial.<\/p>\n<p>Adem\u00e1s, se pone a disposici\u00f3n del p\u00fablico en general el FilemB\u00fas, un servicio de transporte gratuito con seis rutas disponibles que salen cada dos horas y regresan a su punto de salida. Para conocer el programas de FILEM 2022 y las rutas y horarios del FIilemB\u00fas se puede consultar el sitio https:\/\/filem.uaemex.mx\/<\/p>\n","protected":false},"excerpt":{"rendered":"<p>En un esfuerzo conjunto entre el Gobierno del Estado de M\u00e9xico,\u00a0la Universidad Aut\u00f3noma del Estado de M\u00e9xico (UAEM\u00e9x) y el Ayuntamiento de Toluca, la Feria Internacional del Libro Estado de M\u00e9xico (FILEM), en su octava edici\u00f3n, abre espacio para el di\u00e1logo sobre el periodismo cient\u00edfico y la gesti\u00f3n cultural en territorio mexiquense.\u00a0<\/p>\n","protected":false},"author":3,"featured_media":557132,"comment_status":"open","ping_status":"open","sticky":false,"template":"","format":"standard","meta":{"_monsterinsights_skip_tracking":false,"_monsterinsights_sitenote_active":false,"_monsterinsights_sitenote_note":"","_monsterinsights_sitenote_category":0,"footnotes":""},"categories":[5],"tags":[71758,8139,93762],"class_list":["post-557099","post","type-post","status-publish","format-standard","has-post-thumbnail","hentry","category-estado-de-mexico","tag-cientifico","tag-cultural","tag-feria-internacional-del-libro-estado-de-mexico"],"_links":{"self":[{"href":"https:\/\/www.diarioimagen.net\/index.php?rest_route=\/wp\/v2\/posts\/557099","targetHints":{"allow":["GET"]}}],"collection":[{"href":"https:\/\/www.diarioimagen.net\/index.php?rest_route=\/wp\/v2\/posts"}],"about":[{"href":"https:\/\/www.diarioimagen.net\/index.php?rest_route=\/wp\/v2\/types\/post"}],"author":[{"embeddable":true,"href":"https:\/\/www.diarioimagen.net\/index.php?rest_route=\/wp\/v2\/users\/3"}],"replies":[{"embeddable":true,"href":"https:\/\/www.diarioimagen.net\/index.php?rest_route=%2Fwp%2Fv2%2Fcomments&post=557099"}],"version-history":[{"count":0,"href":"https:\/\/www.diarioimagen.net\/index.php?rest_route=\/wp\/v2\/posts\/557099\/revisions"}],"wp:featuredmedia":[{"embeddable":true,"href":"https:\/\/www.diarioimagen.net\/index.php?rest_route=\/wp\/v2\/media\/557132"}],"wp:attachment":[{"href":"https:\/\/www.diarioimagen.net\/index.php?rest_route=%2Fwp%2Fv2%2Fmedia&parent=557099"}],"wp:term":[{"taxonomy":"category","embeddable":true,"href":"https:\/\/www.diarioimagen.net\/index.php?rest_route=%2Fwp%2Fv2%2Fcategories&post=557099"},{"taxonomy":"post_tag","embeddable":true,"href":"https:\/\/www.diarioimagen.net\/index.php?rest_route=%2Fwp%2Fv2%2Ftags&post=557099"}],"curies":[{"name":"wp","href":"https:\/\/api.w.org\/{rel}","templated":true}]}}