{"id":557111,"date":"2022-08-19T00:03:48","date_gmt":"2022-08-19T05:03:48","guid":{"rendered":"https:\/\/www.diarioimagen.net\/?p=557111"},"modified":"2022-08-19T05:24:31","modified_gmt":"2022-08-19T10:24:31","slug":"presentara-el-prd-una-iniciativa-para-bajar-el-precio-de-la-tortilla-en-el-valle-de-mexico","status":"publish","type":"post","link":"https:\/\/www.diarioimagen.net\/?p=557111","title":{"rendered":"Presentar\u00e1 el PRD una iniciativa para bajar el precio de la tortilla\u00a0en el Valle de M\u00e9xico"},"content":{"rendered":"<p>&nbsp;<\/p>\n<ul>\n<li><em><strong>Preocupaci\u00f3n por el bienestar de los mexicanos<\/strong><\/em><\/li>\n<\/ul>\n<p>&nbsp;<\/p>\n<h6>Arturo Baena<\/h6>\n<p>&nbsp;<\/p>\n<div id=\"attachment_557182\" style=\"width: 470px\" class=\"wp-caption aligncenter\"><img loading=\"lazy\" decoding=\"async\" aria-describedby=\"caption-attachment-557182\" class=\"size-full wp-image-557182\" src=\"https:\/\/www.diarioimagen.net\/wp-content\/uploads\/2022\/08\/BAENA2-2.jpg\" alt=\"\" width=\"460\" height=\"270\" \/><p id=\"caption-attachment-557182\" class=\"wp-caption-text\">El diputado Omar Ortega indic\u00f3 que el objetivo del PRD es poder contribuir a la econom\u00eda de las familias mexicanas, as\u00ed como en favor de los productores de la tortilla.<\/p><\/div>\n<p>&nbsp;<\/p>\n<p><strong>Valle de M\u00e9xico.\u2014<\/strong> El PRD siempre ha actuado en favor de las familias m\u00e1s vulnerables del Estado de M\u00e9xico, prueba de ello es que, ante el incremento del precio de la tortilla, el diputado Omar Ortega \u00c1lvarez, junto con integrantes de la Direcci\u00f3n Nacional y Estatal, presentar\u00e1n una iniciativa a fin de poder aminorar el costo de este producto.<\/p>\n<p>Aseguraron militantes y simpatizantes de ese instituto pol\u00edtico en voz del consejero, Severiano Plata, mismo que destac\u00f3 que \u201cel sol azteca se preocupa y ocupa por el bienestar de los que menos tienen\u201d, dijo.<\/p>\n<p>En ese sentido, Omar Ortega, indic\u00f3 que \u201cel objetivo es poder contribuir a la econom\u00eda de las familias mexicanas, as\u00ed como en favor de los productores y comercializadores de este alimento, ya que ser\u00eda el gobierno federal el encargado de subsidiar el precio de las tortillas\u201d, dijo.<\/p>\n<p>Explic\u00f3 que en muchos lugares el precio de la tortilla sobrepasa los 25 pesos por kilogramo, precio que lacera la econom\u00eda de los hogares; por ello, insisti\u00f3 que la iniciativa propuesta por el PRD beneficiar\u00eda directamente los bolsillos de las familias, ya que con\u00a0 la iniciativa propuesta por el PRD se pretende que la\u00a0 tortilla tenga un precio de 10 pesos por kilo.<\/p>\n<p>Anunci\u00f3 que durante las pr\u00f3ximas semanas presentar\u00e1 en la C\u00e1mara de Diputados, la iniciativa para que tambi\u00e9n desde el gobierno del Estado de M\u00e9xico sean asignados recursos para aminorar el costo de la tortilla.<\/p>\n<p>Omar Ortega, quien recientemente fue nombrado coordinador de la Agenda Social Dem\u00f3crata del sol azteca, se\u00f1al\u00f3 que \u201c el Estado de M\u00e9xico al igual que en el resto del pa\u00eds, la tortilla es un alimento b\u00e1sico en la mesa de los mexiquenses, lo cual se puede ver reflejado en el gran n\u00famero de tortiller\u00edas que hay en la demarcaci\u00f3n, con poco m\u00e1s de 24 mil unidades de venta y producci\u00f3n\u201d.<\/p>\n","protected":false},"excerpt":{"rendered":"<p>El PRD siempre ha actuado en favor de las familias m\u00e1s vulnerables del Estado de M\u00e9xico, prueba de ello es que, ante el incremento del precio de la tortilla, el diputado Omar Ortega \u00c1lvarez, junto con integrantes de la Direcci\u00f3n Nacional y Estatal, presentar\u00e1n una iniciativa a fin de poder aminorar el costo de este producto.<\/p>\n","protected":false},"author":3,"featured_media":557182,"comment_status":"open","ping_status":"open","sticky":false,"template":"","format":"standard","meta":{"_monsterinsights_skip_tracking":false,"_monsterinsights_sitenote_active":false,"_monsterinsights_sitenote_note":"","_monsterinsights_sitenote_category":0,"footnotes":""},"categories":[5],"tags":[211,160,34],"class_list":["post-557111","post","type-post","status-publish","format-standard","has-post-thumbnail","hentry","category-estado-de-mexico","tag-prd","tag-tortilla","tag-valle-de-mexico"],"_links":{"self":[{"href":"https:\/\/www.diarioimagen.net\/index.php?rest_route=\/wp\/v2\/posts\/557111","targetHints":{"allow":["GET"]}}],"collection":[{"href":"https:\/\/www.diarioimagen.net\/index.php?rest_route=\/wp\/v2\/posts"}],"about":[{"href":"https:\/\/www.diarioimagen.net\/index.php?rest_route=\/wp\/v2\/types\/post"}],"author":[{"embeddable":true,"href":"https:\/\/www.diarioimagen.net\/index.php?rest_route=\/wp\/v2\/users\/3"}],"replies":[{"embeddable":true,"href":"https:\/\/www.diarioimagen.net\/index.php?rest_route=%2Fwp%2Fv2%2Fcomments&post=557111"}],"version-history":[{"count":0,"href":"https:\/\/www.diarioimagen.net\/index.php?rest_route=\/wp\/v2\/posts\/557111\/revisions"}],"wp:featuredmedia":[{"embeddable":true,"href":"https:\/\/www.diarioimagen.net\/index.php?rest_route=\/wp\/v2\/media\/557182"}],"wp:attachment":[{"href":"https:\/\/www.diarioimagen.net\/index.php?rest_route=%2Fwp%2Fv2%2Fmedia&parent=557111"}],"wp:term":[{"taxonomy":"category","embeddable":true,"href":"https:\/\/www.diarioimagen.net\/index.php?rest_route=%2Fwp%2Fv2%2Fcategories&post=557111"},{"taxonomy":"post_tag","embeddable":true,"href":"https:\/\/www.diarioimagen.net\/index.php?rest_route=%2Fwp%2Fv2%2Ftags&post=557111"}],"curies":[{"name":"wp","href":"https:\/\/api.w.org\/{rel}","templated":true}]}}