{"id":557117,"date":"2022-08-19T00:01:41","date_gmt":"2022-08-19T05:01:41","guid":{"rendered":"https:\/\/www.diarioimagen.net\/?p=557117"},"modified":"2022-08-19T05:27:00","modified_gmt":"2022-08-19T10:27:00","slug":"respaldo-total-de-morenistas-a-delfina-gomez-alvarez-eliseo-carmona-regidor-de-naucalpan","status":"publish","type":"post","link":"https:\/\/www.diarioimagen.net\/?p=557117","title":{"rendered":"Respaldo total de morenistas a Delfina G\u00f3mez \u00c1lvarez: Eliseo Carmona, regidor de Naucalpan"},"content":{"rendered":"<p>&nbsp;<\/p>\n<ul>\n<li><em><strong>Rumbo a la gubernatura del Edomex<\/strong><\/em><\/li>\n<\/ul>\n<p><strong>\u00a0<\/strong><\/p>\n<h6>Arturo Baena<\/h6>\n<p>&nbsp;<\/p>\n<div id=\"attachment_557186\" style=\"width: 470px\" class=\"wp-caption aligncenter\"><img loading=\"lazy\" decoding=\"async\" aria-describedby=\"caption-attachment-557186\" class=\"size-full wp-image-557186\" src=\"https:\/\/www.diarioimagen.net\/wp-content\/uploads\/2022\/08\/BAENA1-2.jpg\" alt=\"\" width=\"460\" height=\"270\" \/><p id=\"caption-attachment-557186\" class=\"wp-caption-text\">El regidor Eliseo Carmona D\u00edaz afirm\u00f3 que se demostrar\u00e1 que la unidad de Morena es su fortaleza, misma que llevar\u00e1 a la gubernatura a la maestra Delfina G\u00f3mez.<\/p><\/div>\n<p>&nbsp;<\/p>\n<p><strong>Naucalpan, Estado de M\u00e9xico.\u2014<\/strong> Est\u00e1n equivocados aquellos que le apuestan a la divisi\u00f3n y a la ruptura en Morena. Demostraremos que la unidad es nuestra fortaleza, misma que llevar\u00e1 a la gubernatura del Estado de M\u00e9xico, a la maestra Delfina G\u00f3mez.<\/p>\n<p>As\u00ed lo asegur\u00f3 en entrevista, el regidor Eliseo Carmona D\u00edaz, al destacar que \u201cDelfina G\u00f3mez, buscar\u00e1 terminar con la hegemon\u00eda del PRI en el Estado de M\u00e9xico, una de las pocas entidades en el pa\u00eds que no ha tenido alternancia pol\u00edtica, pero el pr\u00f3ximo a\u00f1o, Morena ganar\u00e1 la gubernatura mexiquense \u201c.<\/p>\n<p>El representante popular morenista destac\u00f3 que \u201cestamos haciendo una gran alianza en cada distrito, con ciudadanos de a pie, que son el respaldo de la verdadera izquierda, como lo ha mencionado desde el principio nuestro presidente Andr\u00e9s Manuel L\u00f3pez Obrador y no arribistas de otros partidos que ahora quieren hacerse de Morena sin tomar en cuenta a los verdaderos militantes y lopezobradoristas\u201d, asegur\u00f3.<\/p>\n<p>Eliseo Carmona, destac\u00f3 que \u201cel nuestro, es un movimiento serio en el que est\u00e1n abiertas las puertas a todos los j\u00f3venes, aqu\u00ed estamos profesionistas, deportistas, artistas, estudiantes, obreros y trabajadores, por lo que es importante apoyar a Morena y a la maestra Delfina G\u00f3mez, para gobernar el Estado de M\u00e9xico\u201d.<\/p>\n<p>Finalmente, el regidor asegur\u00f3 que \u201cdesde este momento, Delfina G\u00f3mez, cuenta con el respaldo de todos y cada uno de los morenistas en el estado de M\u00e9xico \u201c, concluy\u00f3.<\/p>\n","protected":false},"excerpt":{"rendered":"<p>Est\u00e1n equivocados aquellos que le apuestan a la divisi\u00f3n y a la ruptura en Morena. Demostraremos que la unidad es nuestra fortaleza, misma que llevar\u00e1 a la gubernatura del Estado de M\u00e9xico, a la maestra Delfina G\u00f3mez.<\/p>\n","protected":false},"author":3,"featured_media":557186,"comment_status":"open","ping_status":"open","sticky":false,"template":"","format":"standard","meta":{"_monsterinsights_skip_tracking":false,"_monsterinsights_sitenote_active":false,"_monsterinsights_sitenote_note":"","_monsterinsights_sitenote_category":0,"footnotes":""},"categories":[5],"tags":[43675,970,77755,85458],"class_list":["post-557117","post","type-post","status-publish","format-standard","has-post-thumbnail","hentry","category-estado-de-mexico","tag-estado-de-mexico","tag-naucalpan","tag-regidor","tag-respaldo"],"_links":{"self":[{"href":"https:\/\/www.diarioimagen.net\/index.php?rest_route=\/wp\/v2\/posts\/557117","targetHints":{"allow":["GET"]}}],"collection":[{"href":"https:\/\/www.diarioimagen.net\/index.php?rest_route=\/wp\/v2\/posts"}],"about":[{"href":"https:\/\/www.diarioimagen.net\/index.php?rest_route=\/wp\/v2\/types\/post"}],"author":[{"embeddable":true,"href":"https:\/\/www.diarioimagen.net\/index.php?rest_route=\/wp\/v2\/users\/3"}],"replies":[{"embeddable":true,"href":"https:\/\/www.diarioimagen.net\/index.php?rest_route=%2Fwp%2Fv2%2Fcomments&post=557117"}],"version-history":[{"count":0,"href":"https:\/\/www.diarioimagen.net\/index.php?rest_route=\/wp\/v2\/posts\/557117\/revisions"}],"wp:featuredmedia":[{"embeddable":true,"href":"https:\/\/www.diarioimagen.net\/index.php?rest_route=\/wp\/v2\/media\/557186"}],"wp:attachment":[{"href":"https:\/\/www.diarioimagen.net\/index.php?rest_route=%2Fwp%2Fv2%2Fmedia&parent=557117"}],"wp:term":[{"taxonomy":"category","embeddable":true,"href":"https:\/\/www.diarioimagen.net\/index.php?rest_route=%2Fwp%2Fv2%2Fcategories&post=557117"},{"taxonomy":"post_tag","embeddable":true,"href":"https:\/\/www.diarioimagen.net\/index.php?rest_route=%2Fwp%2Fv2%2Ftags&post=557117"}],"curies":[{"name":"wp","href":"https:\/\/api.w.org\/{rel}","templated":true}]}}