{"id":557189,"date":"2022-08-19T00:02:05","date_gmt":"2022-08-19T05:02:05","guid":{"rendered":"https:\/\/www.diarioimagen.net\/?p=557189"},"modified":"2022-08-19T05:37:20","modified_gmt":"2022-08-19T10:37:20","slug":"la-democracia-no-esta-en-riesgo-si-no-hay-reforma-electoral-lorenzo-cordova","status":"publish","type":"post","link":"https:\/\/www.diarioimagen.net\/?p=557189","title":{"rendered":"\u201cLa democracia no est\u00e1 en riesgo, si no hay reforma electoral\u201d: Lorenzo C\u00f3rdova"},"content":{"rendered":"<h2>La Retaguardia<\/h2>\n<h5>Adriana Moreno Cordero<\/h5>\n<p>&nbsp;<\/p>\n<ul>\n<li><strong><em>TV Azteca ser\u00e1 nuevamente \u201cEl canal de mundial\u201d<\/em><\/strong><\/li>\n<\/ul>\n<p>&nbsp;<\/p>\n<p>Ahora que la caracter\u00edstica de la semana que concluye ha sido que Morena presione, y fuerte, en una intentona por sacar adelante la regresiva reforma electoral del presidente <strong>Andr\u00e9s Manuel L\u00f3pez Obrador<\/strong>, bien vale la pena retomar lo dicho por el consejero-presidente del Instituto Nacional Electoral, (INE), <strong>Lorenzo C\u00f3rdova Vianello<\/strong>, en el foro Por el Fortalecimiento de la Democracia, que seguramente le sacar\u00e1 menudo coraje al inquilino de Palacio Nacional.<\/p>\n<p>Efectivamente, y como el propio consejero presidente lo dej\u00f3 sentado al participar en el Foro organizado por el bloque opositor en la C\u00e1mara de Diputados para analizar una reforma electoral viable: \u201cSi hay una reforma electoral, que sea producto de la cabeza y no del est\u00f3mago\u201d y en este sentido hay que recordar que lo que le gusta al jefe del Ejecutivo es la v\u00edscera, lo que le impide razonar con alguna claridad y como \u201cbot\u00f3n\u201d de muestra est\u00e1 que en su tan llevado y tra\u00eddo Parlamento Abierto, los diputados morenistas no invitaron al doctor C\u00f3rdova, entre otras razones, porque ya tuvieron una amarga experiencia, para ellos cuando el a\u00f1o pasado, el consejero presidente del INE fue a explicarles algo que por cierto, los morenistas no entendieron: el por qu\u00e9 solicitaba dicho Instituto ese presupuesto, as\u00ed que ahora que el pa\u00eds est\u00e1 -se supone- en \u201cpobreza franciscana\u201d.<\/p>\n<p>Contundente, C\u00f3rdova se\u00f1al\u00f3 que \u201cla democracia no est\u00e1 en riesgo si no hay reforma electoral\u201d, ya que el sistema puede perfeccionarse cumpliendo condiciones que no provoquen regresiones o dinamiten el sistema electoral. \u00a0Agreg\u00f3 que\u00a0 \u201csi hay algo que funciona en el pa\u00eds es el sistema electoral\u201d y as\u00ed se pueden organizar sin problema las elecciones federales de 2024.<\/p>\n<p>Y es en este punto donde hay que destacar que lo que ans\u00eda el inquilino de Palacio Nacional es precisamente eso, dinamitar el sistema electoral, regresarlo a la dorada \u00e9poca de cuando el gobierno controlaba las elecciones, justo cuando L\u00f3pez Obrador andaba tomando y quemando pozos en su natal Tabasco y encabezaba \u00e9xodos a la Ciudad de M\u00e9xico.<\/p>\n<p>En una franca alusi\u00f3n a la reforma electoral de esta errada y llamada Cuarta Transformaci\u00f3n, el doctor C\u00f3rdova Vianello alert\u00f3 sobre algunas caracter\u00edsticas de las propuestas de reformas electorales que se han planteado, incluyendo la presidencial: \u201ces la primera iniciativa, por lo menos en los \u00faltimos 30 a\u00f1os, que es presentada desde el gobierno y no como una demanda de la oposici\u00f3n\u201d; no est\u00e1 precedida por una amplia discusi\u00f3n p\u00fablica y el consenso; es la primera ocasi\u00f3n en la que se pondr\u00eda a prueba en elecciones presidenciales y no en intermedias y es refundacional, plantea la desaparici\u00f3n del INE en su estructura e integraci\u00f3n, en el que \u201cla operaci\u00f3n territorial no est\u00e9 centrada en la profesionalizaci\u00f3n de funcionarios, sino en funcionarios temporales\u201d.<\/p>\n<p>Hay que recordar en este orden de idas que la din\u00e1mica del Presidente ha sido contar con funcionarios que tengan 90 por ciento lealtad y 10 por ciento capacidad. Ah\u00ed est\u00e1 como prueba m\u00e1s reciente de ello, el nombramiento de <strong>Leticia Ram\u00edrez <\/strong>como nueva y flamante secretaria de Educaci\u00f3n P\u00fablica. Y otra m\u00e1s, la coordinadora de Protecci\u00f3n Civil, <strong>Laura Vel\u00e1zquez Alz\u00faa<\/strong>, ha demostrado su ineptitud total en el caso del rescate de los 10 mineros del pozo de carb\u00f3n en Agujitas. No podr\u00eda ser de otra manera si esta flamante funcionaria estudi\u00f3 Arte, pero eso s\u00ed, es tan ciega como leal.<\/p>\n<p>El Presidente del INE remat\u00f3 se\u00f1alando que si bien el sistema electoral puede perfeccionarse, se deben cumplir algunas condiciones como, que sea de consenso y refleje el pluralismo pol\u00edtico; racionalice el financiamiento p\u00fablico a los partidos pol\u00edticos; se disminuyan costos sin poner en riesgo la confianza; se elimine el secreto ministerial para el Instituto y eliminar algunas prohibiciones hoy existentes..<\/p>\n<p style=\"text-align: center;\"><strong>Municiones<\/strong><\/p>\n<p>*** TV Azteca ser\u00e1 nuevamente \u201cEl canal de mundial\u201d, Qatar 2022. En Qatar 2022, Azteca 7 volver\u00e1 a brillar como \u201cEl canal del mundial\u201d, con la cobertura apasionante y completa del evento futbol\u00edstico m\u00e1s importante del mundo. El equipo de Azteca Deportes, encabezado por <strong>Benjam\u00edn Salinas Sada<\/strong>, vicepresidente del Consejo de Administraci\u00f3n de Grupo Salinas, presentar\u00e1 lo que ser\u00e1 su ambicioso plan de cobertura que incluye transmisiones en vivo desde la sede, contenidos exclusivos para las diferentes plataformas y la apuesta m\u00e1s completa a los contenidos de color que nos llevar\u00e1n a conocer el estilo de vida de aquel pa\u00eds del Medio Oriente. Con un gran despliegue operativo de m\u00e1s de 100 personas y con el mejor grupo de analistas como <strong>Luis Garc\u00eda<\/strong>, <strong>Christian Martinoli<\/strong>, <strong>Luis Roberto Alves \u201cZague\u201d<\/strong>, <strong>Jorge Campos<\/strong>, <strong>Carlos Guerrero<\/strong>, <strong>In\u00e9s Sainz<\/strong> y <strong>Antonio Rosique<\/strong>, entre muchos otros; TV Azteca levantar\u00e1 una vez m\u00e1s la copa en cobertura, contenidos y por supuesto en audiencia. Todos los detalles de esta impresionante cobertura deportiva fueron presentados los presentar\u00e1 hoy TV Azteca en un programa especial que se transmitir\u00e1 este viernes 19 de agosto a las 11 de la noche.<\/p>\n<p>*** Cuando hace algunas semanas, la senadora morenista <strong>Mal\u00fa Micher<\/strong>, hizo p\u00fablico su apoyo, junto con el de otros senadores de su mismo partido al secretario de Relaciones Exteriores, <strong>Marcelo Ebrard<\/strong>, para 2024, por ah\u00ed surgi\u00f3 alguna voz -a lo mejor un rega\u00f1o- que la hizo quedarse quieta un rato y no salir m\u00e1s. Sin embargo, ahora en su calidad de coordinadora para el proceso interno del partido oficial por parte del canciller, entreg\u00f3 ayer al dirigente morenista, <strong>Mario Mart\u00edn Delgado<\/strong>, carpetas con algunas pruebas de espectaculares, bardas y mantas, a favor de quien no es solo contendiente del titular de la SRE, sino su m\u00e1s ac\u00e9rrima enemiga, la jefa de Gobierno de la Ciudad de M\u00e9xico, <strong>Claudia Sheinbaum <\/strong>y del gris secretario de Gobernaci\u00f3n, <strong>Ad\u00e1n Augusto L\u00f3pez<\/strong>. Con raz\u00f3n desde la v\u00edspera, tanto Ebrard como sus seguidores, exigieron piso parejo para elegir a quien ser\u00e1 el candidato presidencial morenista. El canciller no de soslayar que la elecci\u00f3n de congresistas de ese partido, result\u00f3 todo un cochinero. Tan es as\u00ed que dos semanas despu\u00e9s, los de Morena apenas publicaron los resultados de nueve de los 32 estados donde se eligieron a quienes estar\u00e1n en el Congreso Nacional de Morena. Por ello, la petici\u00f3n del equipo de Marcelo Ebrard y su equipo, es que la dirigencia nacional de Morena investigue el origen de los recursos para este despliegue de propaganda a lo largo y ancho del pa\u00eds. Pero es ah\u00ed donde Mario Delgado va a \u201cense\u00f1ar el cobre\u201d, como reza un popular refr\u00e1n, pues siendo inicialmente \u201cincondicional\u201d del titular de la SRE, ahora se ha decantado por Claudia Sheinbaum y su polarizantes seguidores y eso en la canciller\u00eda, lo consideran traici\u00f3n. \u00a1Qu\u00e9 tal!<\/p>\n<p><u><a href=\"mailto:morcora@gmail.com\" target=\"_blank\" rel=\"noopener noreferrer\"><em>morcora@gmail.com<\/em><\/a><\/u><\/p>\n","protected":false},"excerpt":{"rendered":"<p><span style=\"color: #005497;\"><strong>Adriana Moreno Cordero<\/strong><\/span><\/p>\n","protected":false},"author":3,"featured_media":0,"comment_status":"open","ping_status":"open","sticky":false,"template":"","format":"standard","meta":{"_monsterinsights_skip_tracking":false,"_monsterinsights_sitenote_active":false,"_monsterinsights_sitenote_note":"","_monsterinsights_sitenote_category":0,"footnotes":""},"categories":[69370],"tags":[69369,69368,43674],"class_list":["post-557189","post","type-post","status-publish","format-standard","hentry","category-adriana-moreno-cordero","tag-adriana-moreno-cordero","tag-la-retaguardia","tag-opinion"],"_links":{"self":[{"href":"https:\/\/www.diarioimagen.net\/index.php?rest_route=\/wp\/v2\/posts\/557189","targetHints":{"allow":["GET"]}}],"collection":[{"href":"https:\/\/www.diarioimagen.net\/index.php?rest_route=\/wp\/v2\/posts"}],"about":[{"href":"https:\/\/www.diarioimagen.net\/index.php?rest_route=\/wp\/v2\/types\/post"}],"author":[{"embeddable":true,"href":"https:\/\/www.diarioimagen.net\/index.php?rest_route=\/wp\/v2\/users\/3"}],"replies":[{"embeddable":true,"href":"https:\/\/www.diarioimagen.net\/index.php?rest_route=%2Fwp%2Fv2%2Fcomments&post=557189"}],"version-history":[{"count":0,"href":"https:\/\/www.diarioimagen.net\/index.php?rest_route=\/wp\/v2\/posts\/557189\/revisions"}],"wp:attachment":[{"href":"https:\/\/www.diarioimagen.net\/index.php?rest_route=%2Fwp%2Fv2%2Fmedia&parent=557189"}],"wp:term":[{"taxonomy":"category","embeddable":true,"href":"https:\/\/www.diarioimagen.net\/index.php?rest_route=%2Fwp%2Fv2%2Fcategories&post=557189"},{"taxonomy":"post_tag","embeddable":true,"href":"https:\/\/www.diarioimagen.net\/index.php?rest_route=%2Fwp%2Fv2%2Ftags&post=557189"}],"curies":[{"name":"wp","href":"https:\/\/api.w.org\/{rel}","templated":true}]}}