{"id":557198,"date":"2022-08-19T00:04:22","date_gmt":"2022-08-19T05:04:22","guid":{"rendered":"https:\/\/www.diarioimagen.net\/?p=557198"},"modified":"2022-08-19T05:39:51","modified_gmt":"2022-08-19T10:39:51","slug":"desacuerdos-en-morena","status":"publish","type":"post","link":"https:\/\/www.diarioimagen.net\/?p=557198","title":{"rendered":"Desacuerdos en Morena"},"content":{"rendered":"<h2>Desde el portal<\/h2>\n<h5>\u00c1ngel Soriano<\/h5>\n<p>&nbsp;<\/p>\n<p>De manera cordial podr\u00eda decirse que hay desacuerdos en Morena, los cuales son propios en organizaciones y partidos donde confluyen diversas formas de pensar y actuar, pero lo que ocurre ahora en la clase gobernante va m\u00e1s all\u00e1, pues se trata de enfrentamientos r\u00edspidos en los tres niveles de gobierno y en los tres poderes de la Uni\u00f3n.<\/p>\n<p>Desde la desautorizaci\u00f3n de los dichos del secretario de Gobernaci\u00f3n, Ad\u00e1n Augusto L\u00f3pez Hern\u00e1ndez por la alcaldesa de Tijuana, Monserrat Caballero, hasta las acusaciones del senador Jaime Bonilla a la gobernadora de Baja California, Marina del Pilar, de quien dijo supuestamente no cumpli\u00f3 con lo pactado con la delincuencia organizada lo que origin\u00f3 incendios en los 5 municipios de la entidad.<\/p>\n<p>A esto habr\u00eda que subrayar que la misma alcaldesa tijuanense advirti\u00f3 repetidamente a la delincuencia organizada que debe cobrar a quienes les deben pero no cobrar a las familias o ciudadanos del municipio, porque entonces se meten con la poblaci\u00f3n civil y no est\u00e1 de acuerdo en aceptarlo. \u201cA m\u00ed no me tiembla la mano\u201d, advirti\u00f3 la oaxaque\u00f1a.<\/p>\n<p>Mario Delgado, como l\u00edder nacional de Morena, suscribi\u00f3 un desplegado con las firmas de 21 de los gobernadores y gobernadores de extracci\u00f3n morenista en respaldo a Marina del Pilar, a quien Bonilla considera no apta para gobernar, porque el que toma las decisiones es su esposo. Si son o no disputas personales, no debe afectarse a la poblaci\u00f3n civil.<\/p>\n<p style=\"text-align: center;\"><strong>TURBULENCIAS<br \/>\nSiguen los conflictos en Oaxaca<\/strong><\/p>\n<p>Desde la invasi\u00f3n del Palacio Municipal por vendedores ambulantes que reclaman espacios en el Centro Hist\u00f3rico de la ciudad de Oaxaca, hasta bloqueos de colonos por el p\u00e9simo estado de las calles enfrenta el alcalde Francisco Mart\u00ednez Neri que sigue sin resolver ancestrales problemas citadinos. Ofreci\u00f3 solucionar todo y a ocho meses de transcurrida su administraci\u00f3n, todo sigue igual, o peor, pues varios de sus colaboradores han sido acusados de corruptos y a algunos los ha tenido que renunciar; nadie sabe si solucionar\u00e1 los conflictos o pasar\u00e1n otros tres a\u00f1os con los mismos problemas\u2026 El Congreso de Oaxaca hizo eco de las protestas de comunidades ind\u00edgenas que protestan por lo que consideran plagio de sus dise\u00f1os en la actividad textil: Valiosas prendas son acaparadas de las regiones productoras y llevadas a tiendas de Polanco y Nueva York en donde son cotizadas en d\u00f3lares, en tanto, los poseedores de la riqueza artesanal siguen en las mismas condiciones vulnerables. Los legisladores consideran injusto que el presupuesto estatal sirva para hacer negocios privados y plagiar la cultura oaxaque\u00f1a\u2026 En tanto, el Estado mexicano avanza en la prestaci\u00f3n de servicios que estaban en manos de potentados. Ofrecer\u00e1 servicios de telefon\u00eda e internet a precios accesibles y enfrentar\u00e1 al monopolio que ha hecho multimillonarios a unos cuantos, lo mismo que en el petr\u00f3leo y la electricidad. Se ver\u00e1 cu\u00e1l es la reacci\u00f3n de los otrora beneficiarios al cerr\u00e1rseles verdaderas minas de oro con los recursos del pueblo de M\u00e9xico del que s\u00f3lo han visto un atractivo mercado para acumular colosales ganancias\u2026 Y en el caso de la mina El Pinabete se descubre tambi\u00e9n que las concesiones son otorgadas sin cubrir las condiciones de seguridad necesarias para los trabajadores. Resulta incre\u00edble que exploren cerca de minas inundadas sin contar con los m\u00ednimos estudios orogr\u00e1ficos para conocer las condiciones de la tierra y se exponga a lo que ocurri\u00f3 con los trabajadores. Y se sigue insistiendo en tomar medidas que resultan il\u00f3gicas como el enterrar cemento en el \u00e1rea para impedir el paso del agua hacia la mina donde se supone est\u00e1n los mineros atrapados, sin tener la certeza de que as\u00ed ser\u00e1; esperemos que los t\u00e9cnicos extranjeros enderecen el rumbo.<\/p>\n<p><u><a href=\"mailto:asorianocarrasco@yahoo.com\" target=\"_blank\" rel=\"noopener noreferrer\"><em>asorianocarrasco@yahoo.com<\/em><\/a><br \/>\n<em><a href=\"https:\/\/revistabrecha.com\" target=\"_blank\" rel=\"noopener noreferrer\">www.revistabrecha.com<\/a><br \/>\n<\/em><\/u><em>facebook oficial <a href=\"https:\/\/es-la.facebook.com\/RevistaBrecha.Oficial\" target=\"_blank\" rel=\"noopener\">@BrechaRevista<\/a><\/em><\/p>\n","protected":false},"excerpt":{"rendered":"<p><span style=\"color: #005497;\"><strong>\u00c1ngel Soriano<\/strong><\/span><\/p>\n","protected":false},"author":3,"featured_media":0,"comment_status":"open","ping_status":"open","sticky":false,"template":"","format":"standard","meta":{"_monsterinsights_skip_tracking":false,"_monsterinsights_sitenote_active":false,"_monsterinsights_sitenote_note":"","_monsterinsights_sitenote_category":0,"footnotes":""},"categories":[135],"tags":[85,86,43674],"class_list":["post-557198","post","type-post","status-publish","format-standard","hentry","category-angel-soriano-opinion","tag-angel-soriano","tag-desde-el-portal","tag-opinion"],"_links":{"self":[{"href":"https:\/\/www.diarioimagen.net\/index.php?rest_route=\/wp\/v2\/posts\/557198","targetHints":{"allow":["GET"]}}],"collection":[{"href":"https:\/\/www.diarioimagen.net\/index.php?rest_route=\/wp\/v2\/posts"}],"about":[{"href":"https:\/\/www.diarioimagen.net\/index.php?rest_route=\/wp\/v2\/types\/post"}],"author":[{"embeddable":true,"href":"https:\/\/www.diarioimagen.net\/index.php?rest_route=\/wp\/v2\/users\/3"}],"replies":[{"embeddable":true,"href":"https:\/\/www.diarioimagen.net\/index.php?rest_route=%2Fwp%2Fv2%2Fcomments&post=557198"}],"version-history":[{"count":0,"href":"https:\/\/www.diarioimagen.net\/index.php?rest_route=\/wp\/v2\/posts\/557198\/revisions"}],"wp:attachment":[{"href":"https:\/\/www.diarioimagen.net\/index.php?rest_route=%2Fwp%2Fv2%2Fmedia&parent=557198"}],"wp:term":[{"taxonomy":"category","embeddable":true,"href":"https:\/\/www.diarioimagen.net\/index.php?rest_route=%2Fwp%2Fv2%2Fcategories&post=557198"},{"taxonomy":"post_tag","embeddable":true,"href":"https:\/\/www.diarioimagen.net\/index.php?rest_route=%2Fwp%2Fv2%2Ftags&post=557198"}],"curies":[{"name":"wp","href":"https:\/\/api.w.org\/{rel}","templated":true}]}}