{"id":557203,"date":"2022-08-19T00:08:59","date_gmt":"2022-08-19T05:08:59","guid":{"rendered":"https:\/\/www.diarioimagen.net\/?p=557203"},"modified":"2022-08-19T05:43:47","modified_gmt":"2022-08-19T10:43:47","slug":"morena-y-el-piso-parejo-2","status":"publish","type":"post","link":"https:\/\/www.diarioimagen.net\/?p=557203","title":{"rendered":"Morena y el \u201cpiso parejo\u201d"},"content":{"rendered":"<h2>Punto por punto<\/h2>\n<h5>Augusto Corro<\/h5>\n<p>&nbsp;<\/p>\n<p>S\u00f3lo es cuesti\u00f3n de tiempo para presenciar las pugnas internas en los partidos pol\u00edticos.<\/p>\n<p>Aunque en el presente hay calma, las batallas m\u00e1s importantes se dar\u00e1n conforme se acerque la designaci\u00f3n del candidato presidencial.<\/p>\n<p>En el partido Movimiento de Regeneraci\u00f3n Nacional (Morena) apenas si se notan las inconformidades de las llamadas \u201ccorcholatas\u201d.<\/p>\n<p>Las \u201ccorcholatas\u201d, para quien no lo sabe, son los aspirantes a la candidatura presidencial, destapados por el presidente y l\u00edder moral de Morana, Andr\u00e9s Manuel L\u00f3pez Obrador.<\/p>\n<p>Tres fueron los suertudos citados por el mandatario tabasque\u00f1o: Claudia Sheinbaum, jefa del Gobierno de la Ciudad de M\u00e9xico (CDMX); Marcelo Ebrard, secretario de Relaciones Exteriores (SRE); y Ad\u00e1n Augusto L\u00f3pez, secretario de Gobernaci\u00f3n.<\/p>\n<p>El cuarto aspirante morenista, Ricardo Monreal, no fue citado; pero el senador zacatecano no se anduvo con rodeos, \u00e9l se autodestap\u00f3. Dijo que estar\u00e1 en la boleta de los candidatos presidenciales en 2024.<\/p>\n<p>Ahora, lo importante ser\u00e1 saber si estar\u00e1 como representante morenista o por otra organizaci\u00f3n pol\u00edtica. Plantados en la realidad, todo hace suponer que el partido guinda no lo apoyar\u00e1. \u00bfO s\u00ed?<\/p>\n<p>La disputa por la designaci\u00f3n oficial del candidato ser\u00e1 resuelta por los jerarcas de Morena, encabezados por su l\u00edder moral, el presidente L\u00f3pez Obrador.<\/p>\n<p>En t\u00e9rminos generales se podr\u00eda decir que ya se decidi\u00f3 quien ser\u00e1 el sucesor, \u00fanicamente se espera que llegue el momento para conocerlo.<\/p>\n<p>En tanto, las \u201ccorcholatas\u201d tendr\u00e1n que participar en el juego democr\u00e1tico como ocurr\u00eda cuando gobernaban los priistas.<\/p>\n<p><strong>Las encuestas<\/strong><\/p>\n<p>Las \u201ccorcholatas\u201d realizan ya sus precampa\u00f1as pol\u00edticas. Los tres acuden a cuanto acto los inviten.\u00a0 El motivo es que los conozcan no \u00fanicamente los morenistas, sino tambi\u00e9n la poblaci\u00f3n en general.<\/p>\n<p>As\u00ed, las \u201ccorcholatas\u201d, incluido Ricardo Monreal, no esperaron m\u00e1s para promoverse, es importante que la gente los conozca.<\/p>\n<p>Esto \u00faltimo con el fin de que si participan en la encuesta definitiva para la designaci\u00f3n como candidato no se complique.<\/p>\n<p>As\u00ed, lo deseen o no, ser\u00e1 a trav\u00e9s del sondeo c\u00f3mo se determine la candidatura.<\/p>\n<p>\u00bfLos aspirantes presidenciales est\u00e1n de acuerdo con ese m\u00e9todo?<\/p>\n<p>Por ejemplo, el grupo \u201cProgresistas Por Unidad y Piso Parejo\u201d, encabezado por la senadora Mar\u00eda Luc\u00eda Micher Camarena, enviaron una carta a Mario Delgado y a Citlalli Hern\u00e1ndez, presidente y secretaria general de Morena, respectivamente, con el fin de solicitar lo siguiente:<\/p>\n<p>Que en el partido guinda se creen condiciones de igualdad para todos los aspirantes a la candidatura a la presidencia de la Rep\u00fablica de cara al pr\u00f3ximo proceso electoral.<\/p>\n<p>La facci\u00f3n cercana a Marcelo Ebrard se reuni\u00f3 para enviar una serie de peticiones, entre otras que se garanticen las condiciones de igualdad para todos los aspirantes a la candidatura presidencial, incluidas las \u201ccorcholatas\u201d.<\/p>\n<p>Se refirieron a la pertinencia de que se convoque a una reuni\u00f3n con los representantes de las y los interesados en ser la \u201ccorcholata\u201d de Morena para que se dise\u00f1en mecanismos ordenados, equitativos y justos, con el fin de que se demuestre ante la ciudadan\u00eda la calidad democr\u00e1tica de Regeneraci\u00f3n Nacional.<\/p>\n<p>No todo es conformidad y armon\u00eda en Morena. Las pugnas internas estar\u00e1n presentes. Se conocer\u00e1 de qu\u00e9 tama\u00f1o es la unidad de las disciplinas partidistas.<\/p>\n<p>Ya en otra ocasi\u00f3n se enfrentaron por la candidatura al gobierno de la CDMX. Aquella vez pelearon por la designaci\u00f3n Claudia Sheinbaum y Ricardo Monreal. Gan\u00f3 la doctora.<\/p>\n<p>Cabe se\u00f1alar que en el partido guinda cuenta con militantes que pertenecieron a partidos diferentes, muchos forjados en la lucha pol\u00edtica que no estar\u00e1n conformes con decisiones que no los tomen en cuenta. Ya veremos.<\/p>\n<p>\u00bfUsted qu\u00e9 opina amable lector?<\/p>\n<p><em><a href=\"mailto:aco2742@hotmail.com\" target=\"_blank\" rel=\"noopener noreferrer\">aco2742@hotmail.com<\/a><\/em><\/p>\n","protected":false},"excerpt":{"rendered":"<p><span style=\"color: #005497;\"><strong>Augusto Corro<\/strong><\/span><\/p>\n","protected":false},"author":3,"featured_media":0,"comment_status":"open","ping_status":"open","sticky":false,"template":"","format":"standard","meta":{"_monsterinsights_skip_tracking":false,"_monsterinsights_sitenote_active":false,"_monsterinsights_sitenote_note":"","_monsterinsights_sitenote_category":0,"footnotes":""},"categories":[157],"tags":[43686,43674,11515],"class_list":["post-557203","post","type-post","status-publish","format-standard","hentry","category-augusto-corro","tag-augusto-corro","tag-opinion","tag-punto-por-punto"],"_links":{"self":[{"href":"https:\/\/www.diarioimagen.net\/index.php?rest_route=\/wp\/v2\/posts\/557203","targetHints":{"allow":["GET"]}}],"collection":[{"href":"https:\/\/www.diarioimagen.net\/index.php?rest_route=\/wp\/v2\/posts"}],"about":[{"href":"https:\/\/www.diarioimagen.net\/index.php?rest_route=\/wp\/v2\/types\/post"}],"author":[{"embeddable":true,"href":"https:\/\/www.diarioimagen.net\/index.php?rest_route=\/wp\/v2\/users\/3"}],"replies":[{"embeddable":true,"href":"https:\/\/www.diarioimagen.net\/index.php?rest_route=%2Fwp%2Fv2%2Fcomments&post=557203"}],"version-history":[{"count":0,"href":"https:\/\/www.diarioimagen.net\/index.php?rest_route=\/wp\/v2\/posts\/557203\/revisions"}],"wp:attachment":[{"href":"https:\/\/www.diarioimagen.net\/index.php?rest_route=%2Fwp%2Fv2%2Fmedia&parent=557203"}],"wp:term":[{"taxonomy":"category","embeddable":true,"href":"https:\/\/www.diarioimagen.net\/index.php?rest_route=%2Fwp%2Fv2%2Fcategories&post=557203"},{"taxonomy":"post_tag","embeddable":true,"href":"https:\/\/www.diarioimagen.net\/index.php?rest_route=%2Fwp%2Fv2%2Ftags&post=557203"}],"curies":[{"name":"wp","href":"https:\/\/api.w.org\/{rel}","templated":true}]}}