{"id":557210,"date":"2022-08-19T00:08:21","date_gmt":"2022-08-19T05:08:21","guid":{"rendered":"https:\/\/www.diarioimagen.net\/?p=557210"},"modified":"2022-08-19T05:49:42","modified_gmt":"2022-08-19T10:49:42","slug":"adversarios-de-amlo-terquedad-narcisismo-y-mediania-2","status":"publish","type":"post","link":"https:\/\/www.diarioimagen.net\/?p=557210","title":{"rendered":"Adversarios de AMLO: terquedad, narcisismo y median\u00eda"},"content":{"rendered":"<h2>Detr\u00e1s del Poder<\/h2>\n<h5>Jos\u00e9 Antonio L\u00f3pez Sosa<\/h5>\n<p>&nbsp;<\/p>\n<p>Vivimos en el mundo al rev\u00e9s, ahora el presidente nacional del Partido Revolucionario Institucional (PRI), Alejandro Moreno, act\u00faa como un pr\u00f3cer de la democracia, insiste en ser un perseguido pol\u00edtico y pareciera enarbolar los valores de libertad y democracia en nuestro pa\u00eds.<\/p>\n<p>Parte de estos ins\u00f3litos hechos, son la constante campa\u00f1a del gobierno federal en su contra a trav\u00e9s de distintos mecanismos, esto lo aprovecha muy bien el propio Moreno para victimizarse pero bajo ninguna circunstancia, lo hace un pol\u00edtico que represente los valores democr\u00e1ticos.<\/p>\n<p>Aqu\u00ed hay varios aspectos que debemos analizar, en primer lugar, la extrema debilidad del PRI para mantener en su dirigencia al propio Alejandro Moreno a pesar de todo lo que se ha dado a conocer, de todas las investigaciones en su contra y sobre todo, a pesar de no permitir que la democracia fluya al interior de su propio partido. En segundo lugar, la constante del gobierno federal de acusar y generar campa\u00f1as contra pol\u00edticos corruptos sin someter las cosas a acusaciones formales, es decir, litigando en las plataformas electr\u00f3nicas, en la opini\u00f3n p\u00fablica, pero no en los tribunales, donde el caso deber\u00eda estar desde hace tiempo para determinar las responsabilidades que hubiese.<\/p>\n<p>El hecho es que el PRI impulsa a su nuevo pr\u00f3cer a pesar de todo lo que se ha dado a conocer, al mismo tiempo que el gobierno no acusa, pero s\u00ed fomenta las campa\u00f1as en redes, esto sin lugar a dudas est\u00e1 mermando cada d\u00eda m\u00e1s la democracia en M\u00e9xico, en ambos lados.<\/p>\n<p>Finalmente, el PRI pareciera que no tiene la capacidad de reinventarse, sigue atendiendo a sus or\u00edgenes antidemocr\u00e1ticos y esto rebasa sus propias fronteras, la gente que pas\u00f3 del PRI a Morena sigue esos mismos usos y costumbres, sin lugar a dudas.<\/p>\n<p><em><a href=\"http:\/\/www.lopezsosa.com\" target=\"_blank\" rel=\"noopener\">www.lopezsosa.com<\/a><\/em><br \/>\n<em><a href=\"mailto:joseantonio@lopezsosa.com\" target=\"_blank\" rel=\"noopener\">joseantonio@lopezsosa.com<\/a><\/em><br \/>\n<em><a href=\"http:\/\/twitter.com\/joseantonio1977\" target=\"_blank\" rel=\"noopener\">@joseantonio197<\/a><\/em><\/p>\n","protected":false},"excerpt":{"rendered":"<p><span style=\"color: #005497;\"><strong>Jos\u00e9 Antonio L\u00f3pez Sosa<\/strong><\/span><\/p>\n","protected":false},"author":3,"featured_media":0,"comment_status":"open","ping_status":"open","sticky":false,"template":"","format":"standard","meta":{"_monsterinsights_skip_tracking":false,"_monsterinsights_sitenote_active":false,"_monsterinsights_sitenote_note":"","_monsterinsights_sitenote_category":0,"footnotes":""},"categories":[637],"tags":[638,43690,43674],"class_list":["post-557210","post","type-post","status-publish","format-standard","hentry","category-jose-antonio-lopez-sosa","tag-detras-del-poder","tag-jose-antonio-lopez-sosa","tag-opinion"],"_links":{"self":[{"href":"https:\/\/www.diarioimagen.net\/index.php?rest_route=\/wp\/v2\/posts\/557210","targetHints":{"allow":["GET"]}}],"collection":[{"href":"https:\/\/www.diarioimagen.net\/index.php?rest_route=\/wp\/v2\/posts"}],"about":[{"href":"https:\/\/www.diarioimagen.net\/index.php?rest_route=\/wp\/v2\/types\/post"}],"author":[{"embeddable":true,"href":"https:\/\/www.diarioimagen.net\/index.php?rest_route=\/wp\/v2\/users\/3"}],"replies":[{"embeddable":true,"href":"https:\/\/www.diarioimagen.net\/index.php?rest_route=%2Fwp%2Fv2%2Fcomments&post=557210"}],"version-history":[{"count":0,"href":"https:\/\/www.diarioimagen.net\/index.php?rest_route=\/wp\/v2\/posts\/557210\/revisions"}],"wp:attachment":[{"href":"https:\/\/www.diarioimagen.net\/index.php?rest_route=%2Fwp%2Fv2%2Fmedia&parent=557210"}],"wp:term":[{"taxonomy":"category","embeddable":true,"href":"https:\/\/www.diarioimagen.net\/index.php?rest_route=%2Fwp%2Fv2%2Fcategories&post=557210"},{"taxonomy":"post_tag","embeddable":true,"href":"https:\/\/www.diarioimagen.net\/index.php?rest_route=%2Fwp%2Fv2%2Ftags&post=557210"}],"curies":[{"name":"wp","href":"https:\/\/api.w.org\/{rel}","templated":true}]}}