{"id":557219,"date":"2022-08-19T00:12:58","date_gmt":"2022-08-19T05:12:58","guid":{"rendered":"https:\/\/www.diarioimagen.net\/?p=557219"},"modified":"2022-08-19T05:55:46","modified_gmt":"2022-08-19T10:55:46","slug":"amlo-sin-verdad-historica-en-caso-de-los-43-de-ayotzinapa-solo-conjeturas-encinas","status":"publish","type":"post","link":"https:\/\/www.diarioimagen.net\/?p=557219","title":{"rendered":"AMLO sin \u201cverdad hist\u00f3rica\u201d en caso de los 43 de Ayotzinapa, s\u00f3lo conjeturas: Encinas"},"content":{"rendered":"<h2>Tras la puerta del poder<\/h2>\n<h5>Roberto Vizca\u00edno<\/h5>\n<p>&nbsp;<\/p>\n<p>Luego de 4 a\u00f1os de traer y llevar por medios y ma\u00f1aneras el expediente de los 43 de Ayotzinapa, ayer, <strong>Alejandro Encinas<\/strong> dijo que el gobierno de <strong>Andr\u00e9s Manuel L\u00f3pez Obrador<\/strong> a lo m\u00e1s que ha podido llegar es casi a las mismas conclusiones que <strong>Jes\u00fas Murillo Karam, titular de la PGR de Enrique Pe\u00f1a Nieto:<\/strong><\/p>\n<p>Que la desaparici\u00f3n de los 43 estudiantes de la Escuela Normal Rural \u201cRa\u00fal Isidro Burgos\u201d, ocurrida el 26 y 27 septiembre de 2014, <strong>fue cometido por el grupo de Guerreros Unidos con ayuda de diversos agentes del Estado, por lo cual se considera que fue un crimen de Estado.<\/strong><\/p>\n<p>Otra conclusi\u00f3n es la de que todas las evidencias indican que fueron asesinados.<\/p>\n<p>Sin ofrecer prueba alguna, asegur\u00f3 adem\u00e1s que los 43 nunca estuvieron en el basurero de Cocula.<\/p>\n<p>Que el soldado <strong>Julio C\u00e9sar L\u00f3pez Patolzin, <\/strong>del <strong>27 Batall\u00f3n<\/strong>, era un\u00a0 infiltrado del Ej\u00e9rcito quien <strong>informaba de todos los movimientos de los normalistas a sus superiores, y que su \u00faltimo reporte fue a las 09:00 horas del 26 de septiembre<\/strong> del 2014 lo cual presupone que toda la cadena de mando superior pudo haber intervenido y salvar los 43, pero no lo hizo y por ello ahora se presupone hubo negligencia y complicidad criminal.<\/p>\n<p>De todos los ejecutados, se mantiene s\u00f3lo la identificaci\u00f3n de 3 de los 43 estudiantes desaparecidos.<\/p>\n<p>Y <strong>no hay indicio alguno de que ninguno de los estudiantes se encuentran con vida.<\/strong><\/p>\n<p>Por el contrario, <strong>todos los testimonios evidencias acreditan que los estudiantes fueron alternamente ultimados y desaparecidos.<\/strong><\/p>\n<p><strong>Por todo lo anterior, y como en este gobierno no se cierra ninguna investigaci\u00f3n, el caso de los 43 de Ayotzinapa seguir\u00e1 abierto, afirm\u00f3 Encinas.<\/strong><\/p>\n<p>O sea, lo mismo que Murillo Karam y Pe\u00f1a Nieto.<\/p>\n<p><strong>Tom\u00e1s Zer\u00f3n, quien fuera titular de la Agencia de Investigaci\u00f3n Criminal <\/strong>en el sexenio pasado, y que se encuentra en Israel, no se dej\u00f3 convencer por <strong>Encinas<\/strong> de que se convirtiera en testigo protegido y se neg\u00f3 a colaborar con este r\u00e9gimen, dijo el subsecretario de Derechos Humanos de Gobernaci\u00f3n.<\/p>\n<p>Total, puro rollo.<\/p>\n<p style=\"text-align: center;\"><strong>Monreal sac\u00f3 el capote<\/strong><\/p>\n<p>Enfrentado a un grupo de reporteros que lo interrogaban sobre las declaraciones del senador <strong>Jaime Bonilla,<\/strong> quien desde la tribuna calific\u00f3 a su sucesora en la gubernatura de Baja California, la tambi\u00e9n morenista <strong>Marina del Pilar \u00c1vila<\/strong> de encabezar un \u201cnarcogobierno\u201d, <strong>Ricardo Monreal<\/strong> sac\u00f3 su capote de torero para evitar enredarse m\u00e1s en este tema.<\/p>\n<p><strong>Javier Bonilla<\/strong> es un hombre prudente, pero ha vivido agravios que quiz\u00e1 lo llevaron a estas declaraciones, advirti\u00f3 de entrada el presidente de la Junta de Coordinaci\u00f3n Pol\u00edtica de la C\u00e1mara alta.<\/p>\n<p>\u201cVoy a hablar con \u00e9l\u201d, agreg\u00f3, sin dar oportunidad a profundizar en la denuncia.<\/p>\n<p>El capote de torero le funcion\u00f3 adem\u00e1s para responder a otra interrogante que implicaba el uso de una t\u00f3mbola para de ah\u00ed sacar al pr\u00f3ximo presidente de la Mesa Directiva del Senado y ya no por voto, como lo propuso el ex jefe de delegados federales, <strong>Gabriel Garc\u00eda<\/strong>.<\/p>\n<p>En este punto, <strong>Monreal<\/strong> record\u00f3 que convers\u00f3 con <strong>Jos\u00e9 Narro<\/strong> y <strong>Alejandro Armenta<\/strong>, los dos aspirantes a ocupar ese cargo, quienes le indicaron que ellos prefieren competir en una elecci\u00f3n interna dentro del grupo parlamentario y no por sorteo.<\/p>\n<p>Respecto del rumor de que hab\u00eda presentado su renuncia a la Jucopo, sonriente revir\u00f3:<\/p>\n<p>\u201cEs una volada, es un borrego, borrego volador.<\/p>\n<p>\u201cNo, hombre, no ha pasado en mi cabeza nunca eso, yo no s\u00e9 qui\u00e9n lo filtra, pero quien se los filtr\u00f3 no le hagan caso, porque es inexacto. Nunca he presentado eso\u201d.<\/p>\n<p>En cuanto al se\u00f1alamiento del embajador de Estados Unidos en M\u00e9xico, <strong>Ken Salaza<\/strong>r respecto de que el tema de la inseguridad en M\u00e9xico es m\u00e1s importante que los desacuerdos en el T-MEC, <strong>Monreal <\/strong>indic\u00f3:<\/p>\n<p>\u201cSin duda la seguridad es un tema pendiente.<\/p>\n<p>\u201cNosotros en el Senado no vamos a renunciar a nuestra facultad constitucional establecida en el 76, como facultad exclusiva de revisar todos los planes de seguridad, incluyendo los de la Guardia Nacional. Vamos a ejercerlo con responsabilidad y obviamente es un tema pendiente, desde nuestro punto de vista, que no vamos a soslayarlo.<\/p>\n<p>\u201cEntonces, me parece que es un tema clave.<\/p>\n<p>El otro tema es el de la legalizaci\u00f3n de la mariguana. Yo s\u00ed creo que debe de salir, vamos a hacer un esfuerzo porque el pr\u00f3ximo periodo salga la iniciativa aprobada. Tenemos ah\u00ed un ator\u00f3n, que espero resolverlo en coordinaci\u00f3n con los grupos parlamentarios\u201d.<\/p>\n<p>Total, que ayer anduvo a puro capotazo para no enredarse en ninguna disputa indeseada.<\/p>\n<p><em><a href=\"mailto:rvizcainoa@gmail.com\" target=\"_blank\" rel=\"noopener noreferrer\">vizcainoa@gmail.com<\/a><a href=\"mailto:rvizcainoa@gmail.com\" target=\"_blank\" rel=\"noopener noreferrer\"><br \/>\n<\/a><a href=\"http:\/\/endirecto.mx\" target=\"_blank\" rel=\"noopener noreferrer\">www.endirecto.mx<\/a><a href=\"mailto:rvizcainoa@gmail.com\" target=\"_blank\" rel=\"noopener noreferrer\"><br \/>\n<\/a><a href=\"https:\/\/twitter.com\/_rvizcaino\" target=\"_blank\" rel=\"noopener noreferrer\">@_RVizcaino<\/a><a href=\"mailto:rvizcainoa@gmail.com\" target=\"_blank\" rel=\"noopener noreferrer\"><br \/>\n<\/a><a href=\"https:\/\/www.facebook.com\/rvizcainoa\" target=\"_blank\" rel=\"noopener noreferrer\">facebook.com\/rvizcainoa<\/a><\/em><\/p>\n","protected":false},"excerpt":{"rendered":"<p><span style=\"color: #005497;\"><strong>Roberto Vizca\u00edno<\/strong><\/span><\/p>\n","protected":false},"author":3,"featured_media":0,"comment_status":"open","ping_status":"open","sticky":false,"template":"","format":"standard","meta":{"_monsterinsights_skip_tracking":false,"_monsterinsights_sitenote_active":false,"_monsterinsights_sitenote_note":"","_monsterinsights_sitenote_category":0,"footnotes":""},"categories":[136],"tags":[43674,93,94],"class_list":["post-557219","post","type-post","status-publish","format-standard","hentry","category-roberto-vizcaino-opinion","tag-opinion","tag-roberto-vizcaino","tag-tras-la-puerta-del-poder"],"_links":{"self":[{"href":"https:\/\/www.diarioimagen.net\/index.php?rest_route=\/wp\/v2\/posts\/557219","targetHints":{"allow":["GET"]}}],"collection":[{"href":"https:\/\/www.diarioimagen.net\/index.php?rest_route=\/wp\/v2\/posts"}],"about":[{"href":"https:\/\/www.diarioimagen.net\/index.php?rest_route=\/wp\/v2\/types\/post"}],"author":[{"embeddable":true,"href":"https:\/\/www.diarioimagen.net\/index.php?rest_route=\/wp\/v2\/users\/3"}],"replies":[{"embeddable":true,"href":"https:\/\/www.diarioimagen.net\/index.php?rest_route=%2Fwp%2Fv2%2Fcomments&post=557219"}],"version-history":[{"count":0,"href":"https:\/\/www.diarioimagen.net\/index.php?rest_route=\/wp\/v2\/posts\/557219\/revisions"}],"wp:attachment":[{"href":"https:\/\/www.diarioimagen.net\/index.php?rest_route=%2Fwp%2Fv2%2Fmedia&parent=557219"}],"wp:term":[{"taxonomy":"category","embeddable":true,"href":"https:\/\/www.diarioimagen.net\/index.php?rest_route=%2Fwp%2Fv2%2Fcategories&post=557219"},{"taxonomy":"post_tag","embeddable":true,"href":"https:\/\/www.diarioimagen.net\/index.php?rest_route=%2Fwp%2Fv2%2Ftags&post=557219"}],"curies":[{"name":"wp","href":"https:\/\/api.w.org\/{rel}","templated":true}]}}