{"id":557220,"date":"2022-08-19T00:09:01","date_gmt":"2022-08-19T05:09:01","guid":{"rendered":"https:\/\/www.diarioimagen.net\/?p=557220"},"modified":"2022-08-19T06:37:01","modified_gmt":"2022-08-19T11:37:01","slug":"subsidios-a-gasolinas-imposible-contenerlo","status":"publish","type":"post","link":"https:\/\/www.diarioimagen.net\/?p=557220","title":{"rendered":"Subsidios a gasolinas, imposible contenerlo"},"content":{"rendered":"<h2>Poder y dinero<\/h2>\n<h5>V\u00edctor S\u00e1nchez Ba\u00f1os<\/h5>\n<p>&nbsp;<\/p>\n<ul>\n<li><em><strong>Disparan precio del combustible<\/strong><\/em><\/li>\n<li><em><strong>Carburante para la inflaci\u00f3n<\/strong><\/em><\/li>\n<li><em><strong>Premium, sin apoyo sustancial<\/strong><\/em><\/li>\n<li><em><strong>Temporal, la contenci\u00f3n de la crisis<\/strong><\/em><\/li>\n<li><em><strong>Ni idea en la 4T de contener alza de precios<\/strong><\/em><\/li>\n<li><em><strong>Juan Zepeda, crisis de MC en Edomex<\/strong><\/em><\/li>\n<li><em><strong>Mina El Pinabete: incompetencia y muerte<\/strong><\/em><\/li>\n<li><em><strong>Protecci\u00f3n Civil, sin dinero, ni experiencia<\/strong><\/em><\/li>\n<li><em><strong>Pesimismo sobre el destino de mineros<\/strong><\/em><\/li>\n<li><em><strong>Arajet, vuelos directos de Dominicana a Canc\u00fan<\/strong><\/em><\/li>\n<\/ul>\n<p>&nbsp;<\/p>\n<p style=\"text-align: right;\"><em>Si os hall\u00e1is precisado a oponeros al dictamen de otro, hacedlo<br \/>\n<\/em><strong>San Francisco de Sales<\/strong> (1567-1622), obispo y doctor de la Iglesia<\/p>\n<p>&nbsp;<\/p>\n<p>Los pol\u00edticos usan los precios de la gasolina para generar ingresos a sus presupuestos y usarlos para sus fines personales o de grupo. Esto ha ocurrido en sexenios pasados y, para aquellos que creen en los milagros, tambi\u00e9n ocurre en este \u201csexenio contra la corrupci\u00f3n\u201d.<\/p>\n<p>Pero los \u201cmasters\u201d de la manipulaci\u00f3n no han dicho que recibimos subsidios gubernamentales para que no paguemos precios elevados del combustible, lo que tiene un efecto doble: mantendr\u00edan relativamente estables los precios de las gasolinas y, por el otro, contienen el disparo inflacionario en periodos como los que actuales, de crisis econ\u00f3mica.<\/p>\n<p>Aunque inicialmente el gobierno federal hab\u00eda calculado destinar poco m\u00e1s de 328 mil millones de pesos de los gastos fiscales para los subsidios a las gasolinas, con la implementaci\u00f3n del PACIC se estima que en este a\u00f1o se dejar\u00e1n de recaudar en total 430 mil millones de pesos por concepto del IEPS.<\/p>\n<p>Esta es la justificaci\u00f3n de Hacienda para mantener los subsidios que, d\u00eda a d\u00eda, le es muy pesado para la administraci\u00f3n de Andr\u00e9s Manuel L\u00f3pez Obrador. Sin embargo, no es suficiente.<\/p>\n<p>Estimaciones realizadas por Hacienda a finales de junio, el esquema de tasas reducidas tendr\u00edan un gasto fiscal de 472,462 millones de pesos, de los cuales el 68.7% corresponden a los est\u00edmulos a combustibles.<\/p>\n<p>Sin embargo, como consecuencia de la implementaci\u00f3n del PACIC, el gasto fiscal en este rubro ser\u00e1 de casi 100 mil millones m\u00e1s de lo estimado inicialmente.<\/p>\n<p>Por ISR a personas f\u00edsicas, se dejar\u00e1n de cobrar 206 mil millones de pesos; por IVA, el gasto fiscal ascender\u00e1 a 472,462 millones de pesos, aunque se trate de tasas reducidas que se aplican para la compra de alimentos, medicinas, agua potable y libros.<\/p>\n<p>M\u00e9xico es uno de los poqu\u00edsimos pa\u00edses que no reconocen el precio real de los combustibles con fines pol\u00edticos.<\/p>\n<p>Naciones que realizan este tipo de pr\u00e1cticas como Venezuela, sus finanzas p\u00fablicas se desmoronan y frenan otro tipo de proyectos de infraestructura, educaci\u00f3n, salud y otras responsabilidades que tienen los gobiernos para sus gobernados.<\/p>\n<p>Es una acci\u00f3n muy arriesgada, pero AMLO contiene la inflaci\u00f3n y ello representa, al mismo tiempo, un respiro a la econom\u00eda. Pero sus efectos no son duraderos, ya que la estructuras tienden a ajustarse tarde o temprano.<\/p>\n<p>Esto significa que la inflaci\u00f3n se contiene un tiempo, pero al final de cuentas se ubica en su respectiva dimensi\u00f3n.<\/p>\n<p>Es como una aspirina ante una infecci\u00f3n. Al final de cuentas, la enfermedad que origina la infecci\u00f3n, destruye al paciente. Esto puede ocurrir con nuestra econom\u00eda. No se puede frenar una crisis con rollos pol\u00edticos o demag\u00f3gicos, sino con acciones realistas para evitar que millones, las mayor\u00edas sufran.<\/p>\n<p>La apuesta de AMLO es muy alta y ojal\u00e1 y los economistas gubernamentales sepan la trascendencia de las medidas que adopte.<\/p>\n<p style=\"text-align: center;\"><strong>PODEROSOS CABALLEROS<\/strong><\/p>\n<p><strong>JUAN ZEPEDA CREA CAOS A DANTE:<\/strong> El virtual candidato de Movimiento Ciudadano a la gubernatura del Estado de M\u00e9xico, Juan Zepeda, y su compa\u00f1era de f\u00f3rmula, Ruth Salinas, llegaron al partido que a nivel nacional encabeza Dante Delgado y se apoderaron de sus estructuras. Removieron cuadros regionales y estos buscan cobijo en el PAN, para apoyar a Enrique Vargas. Tiempos de cambio.<\/p>\n<p><strong>MINEROS ATRAPADOS, EL FRACASO DE PROTECCI\u00d3N CIVIL:<\/strong> \u00bfQui\u00e9n es el culpable de la incompetencia de funcionarios p\u00fablicos del gobierno federal? Pues, L\u00f3pez Obrador. Esto luego de la crisis que existe en Sabinas, Coahuila, donde 10 mineros est\u00e1n atrapados en una mina de carb\u00f3n que le surte a la CFE, de Manuel Bartlett. Laura Vel\u00e1zquez, coordinadora nacional de Protecci\u00f3n Civil inform\u00f3 que tienen cientos de horas de trabajo ininterrumpidos para el rescate de los mineros, en un trabajo coordinado entre Sedena, Protecci\u00f3n Civil, Guardia Nacional, las secretar\u00edas de Econom\u00eda y del Trabajo, as\u00ed como el gobierno de Coahuila. De todos no se hace uno eficaz. Se negaron a aceptar ayuda internacional desde el inicio y ahora imploran que los saquen del atolladero. La esperanza de encontrar vivos a los trabajadores, muy pobres trabajadores, se desvanece. Pero, aqu\u00ed hay culpables y esperamos que se den a conocer pronto. No s\u00f3lo de quienes ratificaron las concesiones de minas que son ratoneras morales. Sino, de los responsables del rescate que fueron incompetentes.<\/p>\n<p style=\"text-align: center;\"><strong>RESPONSABILIDAD SOCIAL CORPORATIVA<\/strong><\/p>\n<p><strong>ARAJET:<\/strong> Arajet, la aerol\u00ednea de bajo costo de Rep\u00fablica Dominicana que encabeza V\u00edctor Pacheco, inici\u00f3 operaciones desde aquella isla del Caribe a la Ciudad de M\u00e9xico y Monterrey. Adem\u00e1s abre otras rutas rumbo a Aruba, Colombia, Curazao, Ecuador, El Salvador, Guatemala y la isla de San Mart\u00edn, as\u00ed como Per\u00fa. Tambi\u00e9n ofrecer\u00e1 rutas a Toronto y Montreal, en Canad\u00e1, as\u00ed como a Costa Rica y Jamaica. Esto abre una puerta al turismo a Santo Domingo, San Mart\u00edn, Montego Bay y otros para\u00edsos del Caribe, sin tener que viajar a Miami como ahora ocurre. En un viaje r\u00e1pido de unas tres horas de Canc\u00fan a Dominicana, robar\u00e1 mucho turismo a la Riviera Maya.<\/p>\n<p>&nbsp;<\/p>\n<blockquote>\n<p style=\"text-align: right;\">Esc\u00fachame lunes, martes, mi\u00e9rcoles y viernes,<br \/>\nen <strong><em>El Heraldo Radio<\/em><\/strong>, desde las 22 horas.<\/p>\n<\/blockquote>\n<p>&nbsp;<\/p>\n<p><em><a href=\"http:\/\/poderydinero.mx\/\" target=\"_blank\" rel=\"noopener\">poderydinero.mx<\/a><br \/>\n<\/em><em><a href=\"mailto:vsb@poderydinero.mx\" target=\"_blank\" rel=\"noopener noreferrer\">vsb@poderydinero.mx<\/a><br \/>\n<\/em><em><a href=\"https:\/\/twitter.com\/vsanchezbanos\" target=\"_blank\" rel=\"noopener noreferrer\">@vsanchezbanos<\/a><\/em><\/p>\n","protected":false},"excerpt":{"rendered":"<p><span style=\"color: #005497;\"><strong>V\u00edctor S\u00e1nchez Ba\u00f1os<\/strong><\/span><\/p>\n","protected":false},"author":3,"featured_media":0,"comment_status":"open","ping_status":"open","sticky":false,"template":"","format":"standard","meta":{"_monsterinsights_skip_tracking":false,"_monsterinsights_sitenote_active":false,"_monsterinsights_sitenote_note":"","_monsterinsights_sitenote_category":0,"footnotes":""},"categories":[38844],"tags":[43674,38847,38848],"class_list":["post-557220","post","type-post","status-publish","format-standard","hentry","category-victor-sanchez-banos","tag-opinion","tag-poder-y-dinero","tag-victor-sanchez-banos"],"_links":{"self":[{"href":"https:\/\/www.diarioimagen.net\/index.php?rest_route=\/wp\/v2\/posts\/557220","targetHints":{"allow":["GET"]}}],"collection":[{"href":"https:\/\/www.diarioimagen.net\/index.php?rest_route=\/wp\/v2\/posts"}],"about":[{"href":"https:\/\/www.diarioimagen.net\/index.php?rest_route=\/wp\/v2\/types\/post"}],"author":[{"embeddable":true,"href":"https:\/\/www.diarioimagen.net\/index.php?rest_route=\/wp\/v2\/users\/3"}],"replies":[{"embeddable":true,"href":"https:\/\/www.diarioimagen.net\/index.php?rest_route=%2Fwp%2Fv2%2Fcomments&post=557220"}],"version-history":[{"count":0,"href":"https:\/\/www.diarioimagen.net\/index.php?rest_route=\/wp\/v2\/posts\/557220\/revisions"}],"wp:attachment":[{"href":"https:\/\/www.diarioimagen.net\/index.php?rest_route=%2Fwp%2Fv2%2Fmedia&parent=557220"}],"wp:term":[{"taxonomy":"category","embeddable":true,"href":"https:\/\/www.diarioimagen.net\/index.php?rest_route=%2Fwp%2Fv2%2Fcategories&post=557220"},{"taxonomy":"post_tag","embeddable":true,"href":"https:\/\/www.diarioimagen.net\/index.php?rest_route=%2Fwp%2Fv2%2Ftags&post=557220"}],"curies":[{"name":"wp","href":"https:\/\/api.w.org\/{rel}","templated":true}]}}