{"id":557245,"date":"2022-08-22T00:02:46","date_gmt":"2022-08-22T05:02:46","guid":{"rendered":"https:\/\/www.diarioimagen.net\/?p=557245"},"modified":"2022-08-23T01:17:37","modified_gmt":"2022-08-23T06:17:37","slug":"suman-esfuerzos-fundacion-uaemex-y-cmic-a-favor-de-la-investigacion-y-educacion-que-imparte-la-universidad","status":"publish","type":"post","link":"https:\/\/www.diarioimagen.net\/?p=557245","title":{"rendered":"Suman esfuerzos Fundaci\u00f3n UAEM\u00e9x y CMIC a favor de la investigaci\u00f3n y educaci\u00f3n que imparte la universidad"},"content":{"rendered":"<p><em>\u00a0<\/em><\/p>\n<ul>\n<li><strong><em>El rector de la UAEM\u00e9x, Carlos Eduardo Barrera D\u00edaz, firm\u00f3 un convenio de colaboraci\u00f3n con el vicepresidente del Consejo Directivo de la Fundaci\u00f3n UAEM\u00e9x, Heberto Guzm\u00e1n G\u00f3mez<\/em><\/strong><\/li>\n<\/ul>\n<p><strong>\u00a0<\/strong><\/p>\n<div id=\"attachment_557303\" style=\"width: 470px\" class=\"wp-caption aligncenter\"><img loading=\"lazy\" decoding=\"async\" aria-describedby=\"caption-attachment-557303\" class=\"size-full wp-image-557303\" src=\"https:\/\/www.diarioimagen.net\/wp-content\/uploads\/2022\/08\/uaem-10.jpg\" alt=\"\" width=\"460\" height=\"270\" \/><p id=\"caption-attachment-557303\" class=\"wp-caption-text\">El rector de la UAEM\u00e9x, Carlos Eduardo Barrera D\u00edaz, atestigu\u00f3 el convenio que firmaron el vicepresidente del Consejo Directivo de la Fundaci\u00f3n UAEM\u00e9x, Heberto Guzm\u00e1n G\u00f3mez, y el presidente de CMIC Delegaci\u00f3n Estado de M\u00e9xico, Enrique Maza Cotero.<\/p><\/div>\n<p>&nbsp;<\/p>\n<p><strong>Toluca, Estado de M\u00e9xico.\u2014<\/strong> Con el prop\u00f3sito de generar recursos econ\u00f3micos para incrementar las becas y proyectos de investigaci\u00f3n de estudiantes y acad\u00e9micos de la Universidad Aut\u00f3noma del Estado de M\u00e9xico (UAEM\u00e9x), el rector Carlos Eduardo Barrera D\u00edaz firm\u00f3 un convenio de colaboraci\u00f3n con la Fundaci\u00f3n UAEM\u00e9x y atestigu\u00f3 la alianza que sign\u00f3 esta \u00faltima instituci\u00f3n con la C\u00e1mara Mexicana de la Industria de la Construcci\u00f3n (CMIC) Delegaci\u00f3n Estado de M\u00e9xico.<\/p>\n<p>El convenio de colaboraci\u00f3n entre la UAEM\u00e9x y la Fundaci\u00f3n UAEM\u00e9x, a trav\u00e9s del vicepresidente de su consejo directivo, Heberto Guzm\u00e1n G\u00f3mez, permitir\u00e1 que esta instituci\u00f3n siga siendo el enlace para que la M\u00e1xima Casa de Estudios mexiquense obtenga recursos, a trav\u00e9s de donativos significativos y pueda otorgar mayor cantidad de becas e impulsar proyectos espec\u00edficos de investigaci\u00f3n.<\/p>\n<p>Mientras que el convenio de colaboraci\u00f3n que sign\u00f3 el vicepresidente del Consejo Directivo de la Fundaci\u00f3n UAEM\u00e9x con el presidente de CMIC Delegaci\u00f3n Estado de M\u00e9xico, Enrique Maza Cotero, es una alianza que permitir\u00e1 obtener los donativos.<\/p>\n<p>Al respecto, en la Sala de Consejo Universitario \u201cBenito Ju\u00e1rez Garc\u00eda\u201d, sede de la firma de los convenios, Barrera D\u00edaz reconoci\u00f3 la solidaridad y apoyo hist\u00f3ricos de ambas instituciones a favor de la educaci\u00f3n e investigaci\u00f3n que se impulsa y realiza en la UAEM\u00e9x, al buscar y generar fondos para desarrollar proyectos espec\u00edficos.<\/p>\n<p>\u201cAs\u00ed, nuestra casa verde y oro ser\u00e1 la beneficiaria de los donativos que la CMIC aporte para la realizaci\u00f3n de proyectos que atraigan el inter\u00e9s de sus agremiados, particularmente lo tocante a la investigaci\u00f3n, las instalaciones deportivas, la conservaci\u00f3n del medio ambiente y el equipamiento de espacios universitarios, adem\u00e1s del otorgamiento de becas a estudiantes y el apoyo para que estos participen en encuentros acad\u00e9micos nacionales e internacionales\u201d, explic\u00f3.<\/p>\n<p>En su oportunidad, Guzm\u00e1n G\u00f3mez refiri\u00f3 que el convenio, adem\u00e1s de buscar generar fondos y donativos, tiene como prop\u00f3sito materializar el compromiso filantr\u00f3pico que caracteriza a la comunidad universitaria.<\/p>\n<p>\u201cSe\u00f1or rector, cuente con nosotros, cuente con nuestra entrega, con nuestra\u00a0responsabilidad, solidaridad y tambi\u00e9n lealtad de la Fundaci\u00f3n\u201d, afirm\u00f3.<\/p>\n<p>En tanto, Maza Cotero dijo que la alianza entre la Fundaci\u00f3n UAEM\u00e9x y la CMIC fortalece las oportunidades para los estudiantes de la UAEM\u00e9x de acceder a recursos que les permitan seguir con sus estudios y proyectos acad\u00e9micos.<\/p>\n<p>\u201cSeguimos sumados a la Fundaci\u00f3n, sumados a la universidad, a estos objetivos y al cumplimiento de sus finalidades\u201d, agreg\u00f3.<\/p>\n<p>A la firma de convenios acudieron el tesorero de la Fundaci\u00f3n UAEM\u00e9x, Ignacio Rub\u00ed Salazar; el secretario de la CMIC Delegaci\u00f3n Estado de M\u00e9xico, Arnulfo Mart\u00ednez S\u00e1nchez; el secretario de Extensi\u00f3n y Vinculaci\u00f3n de la UAEM\u00e9x, Francisco Zepeda Mondrag\u00f3n; la Abogada General de esta casa de estudios, Luz Mar\u00eda Jaimes Legorreta, integrantes del gabinete y comunidad universitaria.<\/p>\n","protected":false},"excerpt":{"rendered":"<p>Con el prop\u00f3sito de generar recursos econ\u00f3micos para incrementar las becas y proyectos de investigaci\u00f3n de estudiantes y acad\u00e9micos de la Universidad Aut\u00f3noma del Estado de M\u00e9xico (UAEM\u00e9x), el rector Carlos Eduardo Barrera D\u00edaz firm\u00f3 un convenio de colaboraci\u00f3n con la Fundaci\u00f3n UAEM\u00e9x y atestigu\u00f3 la alianza que sign\u00f3 esta \u00faltima instituci\u00f3n con la C\u00e1mara Mexicana de la Industria de la Construcci\u00f3n (CMIC) Delegaci\u00f3n Estado de M\u00e9xico.<\/p>\n","protected":false},"author":3,"featured_media":557303,"comment_status":"open","ping_status":"open","sticky":false,"template":"","format":"standard","meta":{"_monsterinsights_skip_tracking":false,"_monsterinsights_sitenote_active":false,"_monsterinsights_sitenote_note":"","_monsterinsights_sitenote_category":0,"footnotes":""},"categories":[5],"tags":[92667,96232,67878],"class_list":["post-557245","post","type-post","status-publish","format-standard","has-post-thumbnail","hentry","category-estado-de-mexico","tag-carlos-eduardo-barrera-diaz","tag-imparte","tag-uaemex"],"_links":{"self":[{"href":"https:\/\/www.diarioimagen.net\/index.php?rest_route=\/wp\/v2\/posts\/557245","targetHints":{"allow":["GET"]}}],"collection":[{"href":"https:\/\/www.diarioimagen.net\/index.php?rest_route=\/wp\/v2\/posts"}],"about":[{"href":"https:\/\/www.diarioimagen.net\/index.php?rest_route=\/wp\/v2\/types\/post"}],"author":[{"embeddable":true,"href":"https:\/\/www.diarioimagen.net\/index.php?rest_route=\/wp\/v2\/users\/3"}],"replies":[{"embeddable":true,"href":"https:\/\/www.diarioimagen.net\/index.php?rest_route=%2Fwp%2Fv2%2Fcomments&post=557245"}],"version-history":[{"count":0,"href":"https:\/\/www.diarioimagen.net\/index.php?rest_route=\/wp\/v2\/posts\/557245\/revisions"}],"wp:featuredmedia":[{"embeddable":true,"href":"https:\/\/www.diarioimagen.net\/index.php?rest_route=\/wp\/v2\/media\/557303"}],"wp:attachment":[{"href":"https:\/\/www.diarioimagen.net\/index.php?rest_route=%2Fwp%2Fv2%2Fmedia&parent=557245"}],"wp:term":[{"taxonomy":"category","embeddable":true,"href":"https:\/\/www.diarioimagen.net\/index.php?rest_route=%2Fwp%2Fv2%2Fcategories&post=557245"},{"taxonomy":"post_tag","embeddable":true,"href":"https:\/\/www.diarioimagen.net\/index.php?rest_route=%2Fwp%2Fv2%2Ftags&post=557245"}],"curies":[{"name":"wp","href":"https:\/\/api.w.org\/{rel}","templated":true}]}}