{"id":557250,"date":"2022-08-22T00:01:46","date_gmt":"2022-08-22T05:01:46","guid":{"rendered":"https:\/\/www.diarioimagen.net\/?p=557250"},"modified":"2022-08-23T01:17:45","modified_gmt":"2022-08-23T06:17:45","slug":"tania-contreras-fotoperiodista-egresada-de-la-uaemex-ha-logrado-romper-estereotipos-de-genero","status":"publish","type":"post","link":"https:\/\/www.diarioimagen.net\/?p=557250","title":{"rendered":"Tania Contreras, fotoperiodista egresada de la UAEM\u00e9x, ha logrado romper estereotipos de g\u00e9nero"},"content":{"rendered":"<p>&nbsp;<\/p>\n<div id=\"attachment_557305\" style=\"width: 470px\" class=\"wp-caption aligncenter\"><img loading=\"lazy\" decoding=\"async\" aria-describedby=\"caption-attachment-557305\" class=\"size-full wp-image-557305\" src=\"https:\/\/www.diarioimagen.net\/wp-content\/uploads\/2022\/08\/uaem2-6.jpg\" alt=\"\" width=\"460\" height=\"270\" \/><p id=\"caption-attachment-557305\" class=\"wp-caption-text\">Tania Contreras afirm\u00f3 que en 11 a\u00f1os de desempe\u00f1ar esta profesi\u00f3n ha logrado ganar terreno en un \u00e1mbito que se manten\u00eda reservado mayoritariamente para hombres.<\/p><\/div>\n<p>&nbsp;<\/p>\n<p><strong>Toluca, Estado de M\u00e9xico.\u2014 <\/strong>Tania Contreras, comunic\u00f3loga egresada de la Facultad de Ciencias Pol\u00edticas y Sociales de la Universidad Aut\u00f3noma del Estado de M\u00e9xico (UAEM\u00e9x) se desempe\u00f1a desde hace 11 a\u00f1os en el fotoperiodismo, actividad que, consider\u00f3, le ha permitido romper con estereotipos de g\u00e9nero, al ganar terreno en un \u00e1mbito que se manten\u00eda reservado mayoritariamente para hombres.<\/p>\n<p>Proviene de una familia donde le ense\u00f1aron que ten\u00eda la capacidad de lograr lo que se propusiera. \u201cMi mam\u00e1 jam\u00e1s me dijo \u2018este espacio es de hombres y este es de mujeres\u2019, incluso, por ejemplo, a mi me gusta mucho el f\u00fatbol. Siento que eso me ayud\u00f3 mucho para llegar a este espacio y decir, \u2018si \u00e9l se puede trepar a una barda, posiblemente a mi me va a costar lo doble porque \u00e9l es m\u00e1s alto que yo, pero lo voy a hacer o lo voy a intentar\u2019\u201d, apunt\u00f3.<\/p>\n<p>La fotoperiodista de medios locales y nacionales afirm\u00f3 que sus propios compa\u00f1eros han roto esquemas machistas al caer en cuenta de que las mujeres tambi\u00e9n son capaces y valientes para desempe\u00f1arse en su profesi\u00f3n. A\u00f1adi\u00f3 que ha encontrado algunas ventajas en sus caracter\u00edsticas f\u00edsicas, ya que al ser m\u00e1s peque\u00f1a logra ingresar a lugares donde sus compa\u00f1eros no pueden.<\/p>\n<p>Comparti\u00f3 que entre las satisfacciones que ha obtenido en su trayectoria, destaca la posibilidad de dar voz a la ciudadan\u00eda a trav\u00e9s de la imagen. \u201cPara m\u00ed es un reto porque debo desprenderme de mis prejuicios y emociones y creo que eso me ha hecho crecer mucho como persona, en tanto a tener empat\u00eda con los otros, pero tambi\u00e9n tienes que tener, pues esta objetividad de la que tanto se habla en ciencias sociales y que aparte de ser un reto pues es parte de la herramienta del periodismo.\u201d<\/p>\n<p>Con un gran gusto por la escritura, refiere que disfruta sus recorridos y viajes que demanda su trabajo.<\/p>\n<p>La egresada auriverde hizo un llamado a las y los interesados en el fotoperiodismo a intentarlo hasta lograr su mejor imagen. \u201cQue no se desesperen porque muchas veces creemos que sabemos hacer las cosas y entonces sales y haces tu primer fotorreportaje cuando llevas un mes trabajando y no te sale como t\u00fa quieres\u201d.<\/p>\n<p>Actualmente, Tania Contreras expone en la galer\u00eda externa del Museo Universitario \u201cLeopoldo Flores\u201d su obra titulada \u201cLa Otra Pandemia\u201d, mediante la cual retrata a aquellas mujeres que no pararon la lucha feminista a pesar de la pandemia de Covid 19 y que han logrado mantener vigente el tema en la opini\u00f3n p\u00fablica, ya que asegura hay temas que no pueden parar y es debido a la violencia ejercida sobre las mujeres de forma personal, estructural y pol\u00edtica.<\/p>\n","protected":false},"excerpt":{"rendered":"<p>Tania Contreras, comunic\u00f3loga egresada de la Facultad de Ciencias Pol\u00edticas y Sociales de la Universidad Aut\u00f3noma del Estado de M\u00e9xico (UAEM\u00e9x) se desempe\u00f1a desde hace 11 a\u00f1os en el fotoperiodismo, actividad que, consider\u00f3, le ha permitido romper con estereotipos de g\u00e9nero, al ganar terreno en un \u00e1mbito que se manten\u00eda reservado mayoritariamente para hombres.\u00a0<\/p>\n","protected":false},"author":3,"featured_media":557305,"comment_status":"open","ping_status":"open","sticky":false,"template":"","format":"standard","meta":{"_monsterinsights_skip_tracking":false,"_monsterinsights_sitenote_active":false,"_monsterinsights_sitenote_note":"","_monsterinsights_sitenote_category":0,"footnotes":""},"categories":[5],"tags":[96234,96233,67878],"class_list":["post-557250","post","type-post","status-publish","format-standard","has-post-thumbnail","hentry","category-estado-de-mexico","tag-comunicologa","tag-tania-contreras","tag-uaemex"],"_links":{"self":[{"href":"https:\/\/www.diarioimagen.net\/index.php?rest_route=\/wp\/v2\/posts\/557250","targetHints":{"allow":["GET"]}}],"collection":[{"href":"https:\/\/www.diarioimagen.net\/index.php?rest_route=\/wp\/v2\/posts"}],"about":[{"href":"https:\/\/www.diarioimagen.net\/index.php?rest_route=\/wp\/v2\/types\/post"}],"author":[{"embeddable":true,"href":"https:\/\/www.diarioimagen.net\/index.php?rest_route=\/wp\/v2\/users\/3"}],"replies":[{"embeddable":true,"href":"https:\/\/www.diarioimagen.net\/index.php?rest_route=%2Fwp%2Fv2%2Fcomments&post=557250"}],"version-history":[{"count":0,"href":"https:\/\/www.diarioimagen.net\/index.php?rest_route=\/wp\/v2\/posts\/557250\/revisions"}],"wp:featuredmedia":[{"embeddable":true,"href":"https:\/\/www.diarioimagen.net\/index.php?rest_route=\/wp\/v2\/media\/557305"}],"wp:attachment":[{"href":"https:\/\/www.diarioimagen.net\/index.php?rest_route=%2Fwp%2Fv2%2Fmedia&parent=557250"}],"wp:term":[{"taxonomy":"category","embeddable":true,"href":"https:\/\/www.diarioimagen.net\/index.php?rest_route=%2Fwp%2Fv2%2Fcategories&post=557250"},{"taxonomy":"post_tag","embeddable":true,"href":"https:\/\/www.diarioimagen.net\/index.php?rest_route=%2Fwp%2Fv2%2Ftags&post=557250"}],"curies":[{"name":"wp","href":"https:\/\/api.w.org\/{rel}","templated":true}]}}