{"id":557279,"date":"2022-08-22T00:01:42","date_gmt":"2022-08-22T05:01:42","guid":{"rendered":"https:\/\/www.diarioimagen.net\/?p=557279"},"modified":"2022-08-22T05:17:33","modified_gmt":"2022-08-22T10:17:33","slug":"la-union-mexicana-de-asociaciones-de-ingenieros-celebro-70-anos-de-existencia","status":"publish","type":"post","link":"https:\/\/www.diarioimagen.net\/?p=557279","title":{"rendered":"La Uni\u00f3n Mexicana de Asociaciones de Ingenieros celebr\u00f3 70 a\u00f1os de existencia"},"content":{"rendered":"<h2>De cinco estrellas<\/h2>\n<h5>Victoria Gonz\u00e1lez Prado<\/h5>\n<p>&nbsp;<\/p>\n<ul>\n<li><strong><em>Invitan a la AFEET a participar en el Houston Travel Fest e inscribirse en el Marriott Bonvoy<\/em><\/strong><\/li>\n<\/ul>\n<p>&nbsp;<\/p>\n<div id=\"attachment_557328\" style=\"width: 470px\" class=\"wp-caption aligncenter\"><img loading=\"lazy\" decoding=\"async\" aria-describedby=\"caption-attachment-557328\" class=\"size-full wp-image-557328\" src=\"https:\/\/www.diarioimagen.net\/wp-content\/uploads\/2022\/08\/turismo-8.jpg\" alt=\"\" width=\"460\" height=\"208\" \/><p id=\"caption-attachment-557328\" class=\"wp-caption-text\">Miembros de la UMAI con su presidente Jos\u00e9 Alfonso Dom\u00ednguez Gil.<\/p><\/div>\n<p>&nbsp;<\/p>\n<p>La Uni\u00f3n Mexicana de Asociaciones de Ingenieros A.C. (UMAI), que preside <strong>Jos\u00e9 Alfonso Dom\u00ednguez Gil<\/strong>, celebr\u00f3 70 a\u00f1os de existencia y a lo largo de esos a\u00f1os, la UMAI ha sido art\u00edfice en grandes obras del pa\u00eds, desde 400 mil kil\u00f3metros de la red de carreteras, hasta la construcci\u00f3n de 25 mil hoteles, m\u00e1s de 70 aeropuertos, casi mil 500 aer\u00f3dromos y 545 helipuertos.<\/p>\n<p>La UMAI que representa a toda la ingenier\u00eda organizada del pa\u00eds, ha sido y es eje fundamental en el desarrollo nacional y quiere ser un lazo de comunicaci\u00f3n con todos los sectores productivos y el gobierno.<\/p>\n<p>Bajo esa premisa, <strong>Dom\u00ednguez Gil<\/strong>, exhort\u00f3 al presidente <strong>Andr\u00e9s Manuel L\u00f3pez Obrador<\/strong> para que escuche a la ingenier\u00eda nacional, en todas sus especialidades y extern\u00f3: \u201clos ingenieros quieren participar en las construcciones de la actual administraci\u00f3n federal para mejorar y demostrar que se pueden reducir presupuestos, bajar el programa de obras y corregir algunos puntos no considerados, como los estudios previos de planeaci\u00f3n o los de impacto ambiental\u201d.<\/p>\n<p>Insisti\u00f3 en que no tienen mucha actuaci\u00f3n en las grandes obras del gobierno porque \u201chace falta m\u00e1s comunicaci\u00f3n\u201d, y reiter\u00f3 que la ingenier\u00eda no tiene colores, ni banderas.<\/p>\n<p>Finalmente, el presidente de la UMAI dijo que M\u00e9xico tiene ingenieros que han participado en la NASA y en agrupaciones internacionales. Es organizaci\u00f3n que representa a toda la ingenier\u00eda organizada en el pa\u00eds y agrupa a 30 asociaciones y sociedades de ingenieros, 17 colegios de ingenieros y cuatro federaciones nacionales de colegios de ingenieros y otras nueve organizaciones que se cuentan como academias, asambleas, comit\u00e9s, consejos, fundaciones, institutos y uniones.<\/p>\n<p>En su oportunidad la ingeniero <strong>Eloisa D\u00e1valos<\/strong>, presidente de la Asociaci\u00f3n de Ingenieros Universitarios Mec\u00e1nicos Electricistas (AIUME), asegur\u00f3 que la incursi\u00f3n de las mujeres en la ingenier\u00eda ha sido dif\u00edcil, pero poco a poco han ido ganando terreno debido a que se comprende que tienen las mismas capacidades y talentos. Sin embargo, a\u00fan se demanda igualdad llegue en materia de salarios.<\/p>\n<p>\u201cLos retos principales que enfrentan las mujeres ingenieros es que perciben salarios entre 20 y 30 por ciento menos que los hombres. Pero no solo en esta \u00e1rea productiva, sino en todas las profesiones, simplemente por ser mujeres. Tambi\u00e9n, las contrataciones est\u00e1n condicionadas a su estado civil, si est\u00e1n solteras o casadas, si tienen hijos o no. Muchos puestos directivos resultan inaccesibles por su condici\u00f3n y eso debe cambiar\u201d.<\/p>\n<p>Por lo anterior, <strong>D\u00e1valos<\/strong> subray\u00f3 que se requieren pol\u00edticas p\u00fablicas que permitan mejor desarrollo profesional de las mujeres.\u201cEn las organizaciones p\u00fablicas y privadas las ingenieros se convierten en elementos clave, pero no llegan a puestos directivos por el hecho de ser mujeres, porque se piensa que descuidar\u00e1n el trabajo por el embarazo, la maternidad o el cuidado de una familia. Se requieren m\u00e1s apoyos para que las profesionistas sigan creciendo. Por eso deben fortalecerse las pol\u00edticas p\u00fablicas enfocadas a la equidad de g\u00e9nero\u201d.<\/p>\n<p>Destac\u00f3 el papel de las facultades de la Universidad Aut\u00f3noma de M\u00e9xico (UNAM) y del Instituto Polit\u00e9cnico Nacional (IPN) en materia de prevenci\u00f3n de la violencia contra la mujer. \u201cConsidero que esta educaci\u00f3n se debe dar desde las instancias de educaci\u00f3n b\u00e1sica. Hay que educar a la sociedad sobre estos temas, que son tan delicados. La violencia se combate desde la infancia, en el d\u00eda a d\u00eda, y la \u00fanica forma en que la derrotaremos es con la educaci\u00f3n y la denuncia\u201d, concluy\u00f3.<\/p>\n<p>\u2730\u2730\u2730\u2730\u2730 La Asociaci\u00f3n Femenil de Ejecutivas de Empresas Tur\u00edsticas (AFEET) que preside <strong>Mariana P\u00e9rez<\/strong>, reuni\u00f3 a las socias, en <em>Le Meridien,<\/em> para llevar a cabo su asamblea mensual en la que se tocaron distintos puntos como la apertura de la nueva filial, con 13 socias, en Baja California y presidida por <strong>Ang\u00e9lica Ru\u00edz<\/strong>.<\/p>\n<p>Record\u00f3 que para la Convenci\u00f3n Internacional se anunci\u00f3 la convocatoria del comit\u00e9 de la Convenci\u00f3n que busca la participaci\u00f3n activa de las socias. Se instalar\u00e1n las bases para lograr que m\u00e1s agremiadas participen y por medio de licitaci\u00f3n se conviertan en proveedores en la convenci\u00f3n para este a\u00f1o 2022.<\/p>\n<p>La presidenta de la AFEET dijo, \u201cel comit\u00e9 debe tener conocimiento para establecer las bases de una buena convenci\u00f3n y hacer que el proceso sea transparente. Se revisar\u00e1n las propuestas y dar\u00e1 a conocer, en redes sociales, quienes ser\u00e1n asociadas de la empresa elegida para la convenci\u00f3n que se llevar\u00e1 a cabo en noviembre pr\u00f3ximo\u201d.<\/p>\n<p>Luego toc\u00f3 turno a <strong>Carmen Julia Corrales<\/strong>, presidente ejecutivo del Consejo Nacional Empresarial Tur\u00edstico (CNET) y <strong>Alejandro Linares<\/strong>, <em>Chief Marketing Officer<\/em> del <em>Houston Travel Fest<\/em> presentaron el primer evento tur\u00edstico, cultural, gastron\u00f3mico y de negocios entre M\u00e9xico y Estados Unidos que se llevar\u00e1 a cabo del 29 de septiembre al 1 de octubre pr\u00f3ximos, en el Centro de Convenciones GRB en Houston, Texas. Con este festival el CNET busca que participen tour-operadores mayoristas de ambos pa\u00edses para lograr <em>networking <\/em>que resulte ben\u00e9fico para ambos pa\u00edses adem\u00e1s de que se espera la participaci\u00f3n de 15 mil personas<\/p>\n<p>El <em>Houston Travel Fest<\/em> estar\u00e1 abierto al p\u00fablico en general con la intenci\u00f3n de dar a conocer la oferta tur\u00edstica con la que cuentan ambas naciones. Habr\u00e1 pabellones de turismo m\u00e9dico, de romance, entretenimiento, pueblos m\u00e1gicos, \u00e1rea de degustaci\u00f3n gastron\u00f3mica, artesan\u00edas y otros. Michoac\u00e1n llevar\u00e1 representaci\u00f3n del D\u00eda de Muertos, con desfile de catrinas.<\/p>\n<p>Por \u00faltimo, <strong>Blanca Castillo<\/strong>, <em>Account Sales Manager \u2013 Leisure Mexico Market Sales<\/em>, habl\u00f3 de las 30 distintas marcas que pertenecen a la cadena hotelera que cuenta con m\u00e1s de 8 mil hoteles en m\u00e1s de 130 ciudades en el mundo.<\/p>\n<p>Explic\u00f3 que tienen desde su marca de lujo: <em>The Ritz Carlton Ciudad de M\u00e9xico<\/em>, hasta marcas como <em>St Regis, W Hotels<\/em> y <em>JW Marriott<\/em>; su marca Premium con <em>Westin, Le Meridien<\/em>, y la nueva que lleg\u00f3 a Punta Mita, <em>Delta Hotels;<\/em> adem\u00e1s de <em>Select <\/em>con <em>Alof, Residence Inn, Courtyard<\/em> y <em>Four Points;<\/em> y <em>Fairfield<\/em> para estancias largas<em>,<\/em> entre otras.<\/p>\n<p>Tambi\u00e9n se refiri\u00f3 al programa de lealtad, <em>Marriott Bonvoy<\/em> e invit\u00f3 a las socias a inscribirse para estar informadas de los detalles y beneficios de las diferentes marcas de la cadena hotelera.<\/p>\n<p>&nbsp;<\/p>\n<blockquote>\n<p style=\"text-align: right;\">\u201c<strong>El<\/strong> <strong>\u00e1ngel de la fama tiene sus alas hechas de papel&#8230; peri\u00f3dico\u201d.<br \/>\n<\/strong><\/p>\n<\/blockquote>\n<p>&nbsp;<\/p>\n<p><em><span class=\"Apple-converted-space\"><a href=\"mailto:victoriagprado@gmail.com\" target=\"_blank\" rel=\"noopener noreferrer\">victoriagprado@gmail.com<\/a><br \/>\nTwitter: <a href=\"https:\/\/twitter.com\/victoriagprado\" target=\"_blank\" rel=\"noopener noreferrer\">@victoriagprado<\/a><\/span><\/em><\/p>\n","protected":false},"excerpt":{"rendered":"<p>La Uni\u00f3n Mexicana de Asociaciones de Ingenieros A.C. (UMAI), que preside <strong>Jos\u00e9 Alfonso Dom\u00ednguez Gil<\/strong>, celebr\u00f3 70 a\u00f1os de existencia y a lo largo de esos a\u00f1os, la UMAI ha sido art\u00edfice en grandes obras del pa\u00eds, desde 400 mil kil\u00f3metros de la red de carreteras, hasta la construcci\u00f3n de 25 mil hoteles, m\u00e1s de 70 aeropuertos, casi mil 500 aer\u00f3dromos y 545 helipuertos.<\/p>\n","protected":false},"author":3,"featured_media":557329,"comment_status":"open","ping_status":"open","sticky":false,"template":"","format":"standard","meta":{"_monsterinsights_skip_tracking":false,"_monsterinsights_sitenote_active":false,"_monsterinsights_sitenote_note":"","_monsterinsights_sitenote_category":0,"footnotes":""},"categories":[11],"tags":[107,43674,43681,106],"class_list":["post-557279","post","type-post","status-publish","format-standard","has-post-thumbnail","hentry","category-turismo","tag-de-cinco-estrellas","tag-opinion","tag-turismo","tag-victoria-gonzalez-prado"],"_links":{"self":[{"href":"https:\/\/www.diarioimagen.net\/index.php?rest_route=\/wp\/v2\/posts\/557279","targetHints":{"allow":["GET"]}}],"collection":[{"href":"https:\/\/www.diarioimagen.net\/index.php?rest_route=\/wp\/v2\/posts"}],"about":[{"href":"https:\/\/www.diarioimagen.net\/index.php?rest_route=\/wp\/v2\/types\/post"}],"author":[{"embeddable":true,"href":"https:\/\/www.diarioimagen.net\/index.php?rest_route=\/wp\/v2\/users\/3"}],"replies":[{"embeddable":true,"href":"https:\/\/www.diarioimagen.net\/index.php?rest_route=%2Fwp%2Fv2%2Fcomments&post=557279"}],"version-history":[{"count":0,"href":"https:\/\/www.diarioimagen.net\/index.php?rest_route=\/wp\/v2\/posts\/557279\/revisions"}],"wp:featuredmedia":[{"embeddable":true,"href":"https:\/\/www.diarioimagen.net\/index.php?rest_route=\/wp\/v2\/media\/557329"}],"wp:attachment":[{"href":"https:\/\/www.diarioimagen.net\/index.php?rest_route=%2Fwp%2Fv2%2Fmedia&parent=557279"}],"wp:term":[{"taxonomy":"category","embeddable":true,"href":"https:\/\/www.diarioimagen.net\/index.php?rest_route=%2Fwp%2Fv2%2Fcategories&post=557279"},{"taxonomy":"post_tag","embeddable":true,"href":"https:\/\/www.diarioimagen.net\/index.php?rest_route=%2Fwp%2Fv2%2Ftags&post=557279"}],"curies":[{"name":"wp","href":"https:\/\/api.w.org\/{rel}","templated":true}]}}