{"id":557345,"date":"2022-08-22T00:02:15","date_gmt":"2022-08-22T05:02:15","guid":{"rendered":"https:\/\/www.diarioimagen.net\/?p=557345"},"modified":"2022-08-22T05:44:49","modified_gmt":"2022-08-22T10:44:49","slug":"no-es-casualidad-la-liberacion-de-rosario-robles-y-la-aprehension-de-jesus-murillo-karam","status":"publish","type":"post","link":"https:\/\/www.diarioimagen.net\/?p=557345","title":{"rendered":"No es casualidad la liberaci\u00f3n de Rosario Robles\u00a0 y la aprehensi\u00f3n de Jes\u00fas Murillo Karam"},"content":{"rendered":"<h2>La Retaguardia<\/h2>\n<h5>Adriana Moreno Cordero<\/h5>\n<p>&nbsp;<\/p>\n<ul>\n<li><strong><em>Diputados morenistas, \u00bfse inclinan por Ad\u00e1n Augusto L\u00f3pez?<\/em><\/strong><\/li>\n<\/ul>\n<p>&nbsp;<\/p>\n<p>Por qu\u00e9 ser\u00e1 que siempre en pol\u00edtica hay que estar repitiendo la frase: Nada es una casualidad y esto viene a cuento por lo ocurrido el viernes pasado: la aprehensi\u00f3n del ex procurador General de la Rep\u00fablica, <strong>Jes\u00fas Murillo Karam,<\/strong> por el caso de los 43 estudiantes de Ayotzinapa desaparecidos y la liberaci\u00f3n de <strong>Rosario Robles Berlanga<\/strong>, que seguir\u00e1 en libertad, un proceso que sus abogados dicen ser\u00e1 muy complicado y\u00a0 a quien por las redes sociales ya andan placeando para 2024.<\/p>\n<p>Si nos atenemos al video que anduvo circulando por esa misma v\u00eda, sobre c\u00f3mo se dio la detenci\u00f3n del tambi\u00e9n ex gobernador de Hidalgo, bien puede concluirse que pudo haberse tratado de una acci\u00f3n concertada; un intercambio del cual Murillo Karam ya sab\u00eda con cierta antelaci\u00f3n que ser\u00eda parte, aunque ello no fue obst\u00e1culo para que durante la audiencia, se le viera cabizbajo y deprimido.<\/p>\n<p>En este sentido, ser\u00e1 este mi\u00e9rcoles cuando los padres de los 43 estudiantes de Ayotzinapa fijen una postura. No obstante, hay que tener muy en cuenta que\u00a0 no les interesa mayormente que a Jes\u00fas Murillo se le haya dictado prisi\u00f3n preventiva porque ellos lo que quieren, es saber qu\u00e9 ocurri\u00f3 con sus hijos y eso es algo a lo que esta errada y llamada Cuarta Transformaci\u00f3n no les ha podido dar respuesta.<\/p>\n<p>Tambi\u00e9n est\u00e1 la versi\u00f3n de que dicha aprehensi\u00f3n sirve para cubrir la evidente ineficiencia que ha tenido esta errada y llamada Cuarta Transformaci\u00f3n para resolver el expediente Ayotzinapa. Recu\u00e9rdese que hace unos d\u00edas, el subsecretario de Derechos Humanos de la Secretar\u00eda de Gobernaci\u00f3n, <strong>Alejandro Encinas<\/strong>, inform\u00f3 que los estudiantes est\u00e1n muertos, lo que produjo inconformidad por parte de los padres de estos porque esta administraci\u00f3n ha utilizado el caso con fines pol\u00edticos y al final, se les sali\u00f3 de las manos.<\/p>\n<p>Luego de una prolongada audiencia, el juez federal\u00a0<strong>Marco Antonio Fuerte<\/strong>\u00a0<strong>Tapia<\/strong>\u00a0impuso la prisi\u00f3n preventiva justificada a Murillo Karam, quien ya fue enviado al Reclusorio Norte hasta que se determine su situaci\u00f3n jur\u00eddica, porque de acuerdo al juez es la medida cautelar id\u00f3nea para el\u00a0ex<strong>\u00a0<\/strong>procurador, porque existe el riesgo de que pueda darse a la fuga.<\/p>\n<p>Lo que hay que tener muy en consideraci\u00f3n, es que ampli\u00f3 el t\u00e9rmino constitucional a 144 horas para que la defensa aporte pruebas en favor de Murillo Karam y es ah\u00ed donde podr\u00edan saltar nuevas sorpresas.<\/p>\n<p style=\"text-align: center;\"><strong>Municiones<\/strong><\/p>\n<p>*** Se sabe que presuntas irregularidades se han estado presentando en la Subdelegaci\u00f3n M\u00e9dica de la Delegaci\u00f3n Estatal Guerrero, a cargo de <strong>Jos\u00e9 Luis Morales Alvarado<\/strong>, mismas que habr\u00edan empezado desde su arribo, en 2018. El doctor Morales es identificado como gente allegada y por ende, impuesta, por el SINTISSSTE y su puesto le permite tener el pleno control de los movimientos m\u00e1s importantes en la delegaci\u00f3n, entre ellos, los contratos de los servicios m\u00e9dicos subrogados que en dicho estado, dan ganancias millonarias a todos aquellos que intervienen en su adjudicaci\u00f3n, as\u00ed como los de compras directas de medicamento, material de curaci\u00f3n, medicamento y material de curaci\u00f3n del Covid, como por ejemplo los cubrebocas y material de protecci\u00f3n personal. La alianza de Jos\u00e9 Luis Morales con el sindicato mayoritario, v\u00eda la enfermera <strong>Edilma Galeana Mellin<\/strong>, es evidente porque, seg\u00fan se sabe, tiene como segundo de a bordo al cu\u00f1ado de la referida enfermera, de nombre <strong>Jes\u00fas David Adame Avila<\/strong>, a su vez gente muy cercana a <strong>Guadalupe Patricia Galeana Mellin<\/strong>, secretaria general del SNTISSSTE. Se comenta por aquellos lares que con esta combinaci\u00f3n de funcionarios, y con la complicidad del \u00e1rea m\u00e9dica, se habr\u00edan hecho contratos millonarios con empresas como: Operadora de Servicios Santa Luc\u00eda; Laboratorios Unidos del Sur, empresas de hemodi\u00e1lisis de Chilpancingo, que ser\u00edan propiedad de la actual l\u00edder sindical de la secretaria de Salud, <strong>Beatriz V\u00e9lez N\u00fa\u00f1ez<\/strong> y en Iguala, a quienes les solicitaban el 20% del monto de su contrato para poder tenerlos en cuenta, habr\u00eda tambi\u00e9n contubernio con diversas empresas de medicamentos y de material de curaci\u00f3n para la compra de cubrebocas hasta en m\u00e1s de 300 pesos la pieza, imponi\u00e9ndose sobre las irregularidades en las adjudicaciones de contratos.<\/p>\n<p>*** De manteles largos estar\u00e1n los diputados de Morena que coordina <strong>Ignacio Mier Velazco<\/strong>, quien dio a conocer que su plenaria que arrancar\u00e1 el pr\u00f3ximo jueves, se convertir\u00e1 en una pasarela por la que desfilar\u00e1n, plenos y felices, \u201ccorcholatas y corcholatos\u201d que aspiran a llegar a ser el candidato o candidata presidencial de Morena. Sin embargo, podr\u00eda interpretarse como que los diputados est\u00e1n inclinando la balanza porque ser\u00e1 el flamante secretario de Gobernaci\u00f3n, <strong>Ad\u00e1n Augusto L\u00f3pez<\/strong> el que estar\u00e1 a cargo de inaugurar los trabajos. Tambi\u00e9n estar\u00e1n con los diputados del partido oficial, el secretario de Hacienda, <strong>Rogelio Ram\u00edrez de la O<\/strong>, por aquello de que se abordar\u00e1 el tema del paquete econ\u00f3mico que para el a\u00f1o entrante, que sigue teniendo como objetivo principal, continuar regalando dinero para la compra de votos. Pero adem\u00e1s, desde hace alg\u00fan tiempo, se comenta en los corrillos de la secretar\u00eda que de un momento a otro,\u00a0 Ram\u00edrez de la O podr\u00eda irse de la dependencia. Tambi\u00e9n se reunir\u00e1 con los diputados la no menos flamante secretaria de Seguridad P\u00fablica y Protecci\u00f3n Ciudadana, <strong>Rosa Icela Rodr\u00edguez<\/strong>, pero ni ella ni el responsable de las finanzas p\u00fablicas pueden ser considerados \u201ccorcholatas\u201d, m\u00e1s bien van de relleno y seguramente la secretaria de Seguridad, ir\u00e1 a repetir lo que dice en el gustad\u00edsimo \u201cstand up\u201d ma\u00f1anero de L\u00f3pez Obrador: cifras y cifras huecas que con mucho, no reflejan la sangrienta realidad que vive el pa\u00eds. Por cierto y en este tema, hay que recordar lo que dicen los especialistas: que quienes acusan exageraci\u00f3n en cuanto a la inseguridad, son parte de la descomposici\u00f3n y normalizaci\u00f3n de la violencia por la que desafortunadamente transita M\u00e9xico.<\/p>\n<p>*** El presidente <strong>Andr\u00e9s Manuel L\u00f3pez Obrador<\/strong> estuvo ayer de gira en Sonora, donde anunci\u00f3 a las comunidades de aquella entidad que les llevar\u00e1 los programas sociales que han caracterizado su gesti\u00f3n. El tabasque\u00f1o dijo que \u201cse busca terminar con el rezago hist\u00f3rico en el norte del pa\u00eds\u201d. Claro que ah\u00ed estuvo acompa\u00f1\u00e1ndolo el gobernador <strong>Alfonso Durazo<\/strong>, portando una reluciente texana y que seguramente se torci\u00f3 el cuello de tanto asentir con la cabeza a todo lo que dijo y prometi\u00f3 su jefe. Tambi\u00e9n acompa\u00f1\u00f3 al de Tepetit\u00e1n la secretaria del Bienestar, <strong>Ariadna Montiel<\/strong>. De entre las demag\u00f3gicas frases que pronunci\u00f3 el tabasque\u00f1o est\u00e1 que \u00e9l requiere funcionarios \u201cque le tengan amor al pueblo, qu\u00e9 bueno, pues yo espero eso, que los que nos releven (en el 2024), sea gente que le tenga amor al pueblo, no politiqueros y mucho menos corruptos\u201d. Como dice una popular y actual frase: \u201cpero si \u00a1achu\u00fa!\u201d.<\/p>\n<p><u><a href=\"mailto:morcora@gmail.com\" target=\"_blank\" rel=\"noopener noreferrer\"><em>morcora@gmail.com<\/em><\/a><\/u><\/p>\n","protected":false},"excerpt":{"rendered":"<p><span style=\"color: #005497;\"><strong>Adriana Moreno Cordero<\/strong><\/span><\/p>\n","protected":false},"author":3,"featured_media":0,"comment_status":"open","ping_status":"open","sticky":false,"template":"","format":"standard","meta":{"_monsterinsights_skip_tracking":false,"_monsterinsights_sitenote_active":false,"_monsterinsights_sitenote_note":"","_monsterinsights_sitenote_category":0,"footnotes":""},"categories":[69370],"tags":[69369,69368,43674],"class_list":["post-557345","post","type-post","status-publish","format-standard","hentry","category-adriana-moreno-cordero","tag-adriana-moreno-cordero","tag-la-retaguardia","tag-opinion"],"_links":{"self":[{"href":"https:\/\/www.diarioimagen.net\/index.php?rest_route=\/wp\/v2\/posts\/557345","targetHints":{"allow":["GET"]}}],"collection":[{"href":"https:\/\/www.diarioimagen.net\/index.php?rest_route=\/wp\/v2\/posts"}],"about":[{"href":"https:\/\/www.diarioimagen.net\/index.php?rest_route=\/wp\/v2\/types\/post"}],"author":[{"embeddable":true,"href":"https:\/\/www.diarioimagen.net\/index.php?rest_route=\/wp\/v2\/users\/3"}],"replies":[{"embeddable":true,"href":"https:\/\/www.diarioimagen.net\/index.php?rest_route=%2Fwp%2Fv2%2Fcomments&post=557345"}],"version-history":[{"count":0,"href":"https:\/\/www.diarioimagen.net\/index.php?rest_route=\/wp\/v2\/posts\/557345\/revisions"}],"wp:attachment":[{"href":"https:\/\/www.diarioimagen.net\/index.php?rest_route=%2Fwp%2Fv2%2Fmedia&parent=557345"}],"wp:term":[{"taxonomy":"category","embeddable":true,"href":"https:\/\/www.diarioimagen.net\/index.php?rest_route=%2Fwp%2Fv2%2Fcategories&post=557345"},{"taxonomy":"post_tag","embeddable":true,"href":"https:\/\/www.diarioimagen.net\/index.php?rest_route=%2Fwp%2Fv2%2Ftags&post=557345"}],"curies":[{"name":"wp","href":"https:\/\/api.w.org\/{rel}","templated":true}]}}