{"id":557348,"date":"2022-08-22T00:04:52","date_gmt":"2022-08-22T05:04:52","guid":{"rendered":"https:\/\/www.diarioimagen.net\/?p=557348"},"modified":"2022-08-22T05:47:06","modified_gmt":"2022-08-22T10:47:06","slug":"quadri-oaxaca-y-don-porfirio","status":"publish","type":"post","link":"https:\/\/www.diarioimagen.net\/?p=557348","title":{"rendered":"Quadri, Oaxaca y don Porfirio"},"content":{"rendered":"<h2>Desde el portal<\/h2>\n<h5>\u00c1ngel Soriano<\/h5>\n<p>&nbsp;<\/p>\n<p>En un mensaje insolente, el diputado Gabril Quadri desde\u00f1\u00f3 al sureste de M\u00e9xico al se\u00f1alar que sin Chiapas, Guerrero y Oaxaca M\u00e9xico ser\u00eda una potencia, ignorando la vasta riqueza que posee la regi\u00f3n en todos los aspectos y que, por s\u00ed solos, cada uno de los estados podr\u00eda ser una potencia con sus grandes recursos naturales y humanos.<\/p>\n<p>La irreflexiva declaraci\u00f3n del supuesto ambientalista constituye una ofensa para los habitantes de esa porci\u00f3n del pa\u00eds, cuyos hombres y mujeres han aportado tanto a la Patria en todas las \u00e9pocas y cuya potencialidad podr\u00e1 reflejarse con las grandes obras que impulsa la actual administraci\u00f3n, entre ellas el proyecto trans\u00edstmico que unir\u00e1 dos oc\u00e9anos.<\/p>\n<p>Ahora, desde Par\u00eds, Gabriel Quadri, en su af\u00e1n de llamar la atenci\u00f3n, reconoce el aporte del general oaxaque\u00f1o Porfirio D\u00edaz al desarrollo de M\u00e9xico y ofrece la repatriaci\u00f3n de sus restos para 2024, en el a\u00f1o electoral en puerta y al que una docena de mexicanos aspira a llegar a la Presidencia de M\u00e9xico.<\/p>\n<p>En favor o en contra, no se puede negar la vasta riqueza de esa porci\u00f3n de M\u00e9xico y que fue calumniada por un cl\u00e1sico oportunista en su intenci\u00f3n de colocarse en la contienda electoral para ocupar cargos p\u00fablicos en beneficio personal, nunca en beneficio colectivo, y para lo cual se valen de todos los recursos para ganar notoriedad y seguir viviendo del presupuesto.<\/p>\n<p style=\"text-align: center;\"><strong>TURBULENCIAS<br \/>\nReivindican a los pueblos yaquis<\/strong><\/p>\n<p>El presidente Andr\u00e9s Manuel L\u00f3pez Obrador ofreci\u00f3 regresar a la regi\u00f3n yaqui en noviembre pr\u00f3ximo a entregar m\u00e1s de 30 mil hect\u00e1reas que pasar\u00e1n a formar parte de la propiedad colectiva de los pueblos originarios, como parte del compromiso de reivindicaci\u00f3n despu\u00e9s de d\u00e9cadas de abandono; tambi\u00e9n se har\u00e1n obras de infraestructura para dotar de agua, cl\u00ednicas y carreteras para mejorar sus condiciones de vida\u2026 La \u201cVerdad hist\u00f3rica\u201d, m\u00e1s que una conspiraci\u00f3n, es un t\u00e9rmino jur\u00eddico que utiliz\u00f3 el ex titular de la PGR, Jes\u00fas Murillo Karam, para decir que el caso de Ayotzinapa estaba ya concluido, al culpar de la desaparici\u00f3n de los 43 estudiantes a los Guerreros Unidos. Ahora se maneja como un complot en el que particip\u00f3 el secretario de Seguridad Ciudadana de la CDMX, Omar Garc\u00eda Harfuch, esto con el objeto de descalificarlo en sus intenciones de ser candidato a la jefatura de gobierno capitalino, pero m\u00e1s que todo a la aspirante presidencial Claudia Sheinbaum, esto como parte de la lucha pol\u00edtica por las candidaturas en puerta\u2026Y el rector de la UABJO,\u00a0 Eder Carre\u00f1o, tom\u00f3 partido ya con Claudia Sheinbaum, de lo contrario, tendr\u00e1 que dar las mismas facilidades al resto de los aspirantes o candidatos presidenciales para entrar a la m\u00e1xima casa de estudios en campa\u00f1a pol\u00edtica lo cual es un grave riesgo porque la convertir\u00eda en ariete de pasiones pol\u00edticas. Esto est\u00e1 por verse en las pr\u00f3ximas semanas\u2026 La alianza del senador Jaime Bonilla y la alcaldesa de Tijuana, Monserrat Caballero, qued\u00f3 al descubierto al lanzarse ambos en contra de la gobernadora Marina del Pilar \u00c1vila Olmeda (los tres de Morena) y que fue echada abajo por el presidente L\u00f3pez Obrador al ofrecerle todo su apoyo a la mandataria estatal, de quien dijo que no est\u00e1 sola. Y esto apenas comienza, pues los primeros resultados son en el sentido de que grupos de la delincuencia organizada han tomado el dicho de la alcaldesa de que se debe cobrar derecho de piso a quienes no han pagado, justificando una ilegalidad, en lugar de combatirlo. El problema es que en esta disputa es el pueblo en general, el afectado. Ya el embajador estadunidense Ken Salazar ofreci\u00f3 ir a las regiones v\u00edctimas de la violencia a ofrecer su solidaridad para encontrar los caminos para la pacificaci\u00f3n y tranquilidad de los mexicanos.<\/p>\n<p><u><a href=\"mailto:asorianocarrasco@yahoo.com\" target=\"_blank\" rel=\"noopener noreferrer\"><em>asorianocarrasco@yahoo.com<\/em><\/a><br \/>\n<em><a href=\"https:\/\/revistabrecha.com\" target=\"_blank\" rel=\"noopener noreferrer\">www.revistabrecha.com<\/a><br \/>\n<\/em><\/u><em>facebook oficial <a href=\"https:\/\/es-la.facebook.com\/RevistaBrecha.Oficial\" target=\"_blank\" rel=\"noopener\">@BrechaRevista<\/a><\/em><\/p>\n","protected":false},"excerpt":{"rendered":"<p><span style=\"color: #005497;\"><strong>\u00c1ngel Soriano<\/strong><\/span><\/p>\n","protected":false},"author":3,"featured_media":0,"comment_status":"open","ping_status":"open","sticky":false,"template":"","format":"standard","meta":{"_monsterinsights_skip_tracking":false,"_monsterinsights_sitenote_active":false,"_monsterinsights_sitenote_note":"","_monsterinsights_sitenote_category":0,"footnotes":""},"categories":[135],"tags":[],"class_list":["post-557348","post","type-post","status-publish","format-standard","hentry","category-angel-soriano-opinion"],"_links":{"self":[{"href":"https:\/\/www.diarioimagen.net\/index.php?rest_route=\/wp\/v2\/posts\/557348","targetHints":{"allow":["GET"]}}],"collection":[{"href":"https:\/\/www.diarioimagen.net\/index.php?rest_route=\/wp\/v2\/posts"}],"about":[{"href":"https:\/\/www.diarioimagen.net\/index.php?rest_route=\/wp\/v2\/types\/post"}],"author":[{"embeddable":true,"href":"https:\/\/www.diarioimagen.net\/index.php?rest_route=\/wp\/v2\/users\/3"}],"replies":[{"embeddable":true,"href":"https:\/\/www.diarioimagen.net\/index.php?rest_route=%2Fwp%2Fv2%2Fcomments&post=557348"}],"version-history":[{"count":0,"href":"https:\/\/www.diarioimagen.net\/index.php?rest_route=\/wp\/v2\/posts\/557348\/revisions"}],"wp:attachment":[{"href":"https:\/\/www.diarioimagen.net\/index.php?rest_route=%2Fwp%2Fv2%2Fmedia&parent=557348"}],"wp:term":[{"taxonomy":"category","embeddable":true,"href":"https:\/\/www.diarioimagen.net\/index.php?rest_route=%2Fwp%2Fv2%2Fcategories&post=557348"},{"taxonomy":"post_tag","embeddable":true,"href":"https:\/\/www.diarioimagen.net\/index.php?rest_route=%2Fwp%2Fv2%2Ftags&post=557348"}],"curies":[{"name":"wp","href":"https:\/\/api.w.org\/{rel}","templated":true}]}}