{"id":557349,"date":"2022-08-22T00:05:46","date_gmt":"2022-08-22T05:05:46","guid":{"rendered":"https:\/\/www.diarioimagen.net\/?p=557349"},"modified":"2022-08-22T05:48:28","modified_gmt":"2022-08-22T10:48:28","slug":"fin-del-caso-ayotzinapa","status":"publish","type":"post","link":"https:\/\/www.diarioimagen.net\/?p=557349","title":{"rendered":"\u00bfFin del caso Ayotzinapa?"},"content":{"rendered":"<h2>Perfil de M\u00e9xico<\/h2>\n<h5>Armando R\u00edos Ruiz<\/h5>\n<p>&nbsp;<\/p>\n<p>Poco despu\u00e9s del 26 de septiembre de 2014, un pol\u00edtico muy destacado me dijo: Pe\u00f1a Nieto va a tener que cargar en su espalda, toda su vida, con la desaparici\u00f3n de los 43 normalistas de Ayotzinapa. En esa \u00e9poca el Presidente se atrevi\u00f3 a reclamar a los familiares guerrerenses, que se olvidaran ya del asunto. Como si fuera tan f\u00e1cil. Los hechos llegaron finalmente a una etapa en la que se pretende tener la soluci\u00f3n definitiva.<\/p>\n<p>La figura m\u00e1s destacada que pertenece a esos d\u00edas, es la de quien ocupaba el cargo de Procurador General de la Rep\u00fablica, Jes\u00fas Murillo Karam. El primer mandatario debi\u00f3 decirle desesperado: \u201c\u00a1Haga algo! \u00a1Investigue! \u00a1Solucione! \u00a1Invente! \u00a1Ya no aguanto a esos desgraciados!\u201d<\/p>\n<p>Hoy, el gobierno da la noticia sensacional de que el mismo d\u00eda, Rosario Robles recuper\u00f3 su libertad y Murillo K\u00e1ram es detenido, como el principal responsable de lo que ocurri\u00f3 la fat\u00eddica noche del 26 de septiembre y la madrugada del d\u00eda siguiente. Los estudiantes fueron incinerados en un basurero de Cocula, lugar cercano a Iguala, durante una noche lluviosa que hubiera apagado cualquier fuego.<\/p>\n<p>Qued\u00f3 impresa con el fant\u00e1stico nombre de \u201cVerdad Hist\u00f3rica\u201d. Algo as\u00ed como la verdad absoluta que no admite reclamaci\u00f3n y que se impondr\u00eda sobre cualquier argumento. S\u00f3lo que sustentada en bases demasiado fr\u00e1giles que fueron desmentidas paulatinamente, por la ausencia de pruebas contundentes y con la presencia en ese lugar, de Tom\u00e1s Zer\u00f3n de Lucio.<\/p>\n<p>Este personaje fue director de la Agencia de Investigaci\u00f3n Criminal, utilizado por el Procurador hoy detenido, para alterar la supuesta escena del crimen, con la siembra de se\u00f1ales indicadoras de su uso sacrificador. Por ello, hoy m\u00e1s que nunca resulta imprescindible su presencia, que podr\u00eda aportar datos muy valiosos para conocer la verdad en su m\u00e1s certera expresi\u00f3n.<\/p>\n<p>Est\u00e1 en Israel, temeroso de ser aprehendido, toda vez que Alejandro Gertz Manero, Fiscal General de la Rep\u00fablica, ha pregonado a los cuatro vientos que podr\u00eda pasar hasta 60 a\u00f1os de prisi\u00f3n por delitos de tortura y desaparici\u00f3n forzada. Adem\u00e1s, por ser obediente ejecutor de los planes del gobierno, como participante en la fabricaci\u00f3n de la conclusi\u00f3n de un crimen masivo que qued\u00f3 m\u00e1s confuso.<\/p>\n<p>Pero fue capturado Murillo y puesta en libertad Rosario Robles, en un acto que se antoja m\u00e1s publicidad con fines electorales que sirvan para enriquecer las filas de votantes a favor de Morena, tanto el a\u00f1o entrante como el que le sigue. Con lo expresado, se pone un freno definitivo a las familias de los desaparecidos en la demanda \u201cvivos se lo llevaron, vivos los queremos\u201d.<\/p>\n<p>Rosario ya no ten\u00eda qu\u00e9 hacer encerrada. Para muchos, su reclusi\u00f3n obedec\u00eda a una venganza ejercida por el mismo primer mandatario. Durante el proceso a que fue sometida se demostr\u00f3 que deber\u00eda haber abandonado la c\u00e1rcel hace mucho tiempo. El mismo d\u00eda de su liberaci\u00f3n es detenido Murillo, como para dar doble golpe a dos actos diferentes de justicia.<\/p>\n<p>No es que el ex procurador sea inocente. Tuvo una participaci\u00f3n destacada en contra de los normalistas mencionados, que lo convirtieron en sujeto de investigaci\u00f3n. En otros pa\u00edses obedientes de la ley hubiera sido detenido inmediatamente, junto con otros que hoy est\u00e1n en fuga.<\/p>\n<p>Pero se hace necesaria una pregunta: \u00bfPor qu\u00e9 se ha dicho que no existe absolutamente nada que vincule al ex Presidente Pe\u00f1a Nieto con el caso, en el que forzosamente debe ser el principal responsable? \u00bfLo defiende el pacto entre \u00e9l y el actual mandatario, que abarca lo electoral y cualquiera otro delito, frente a la decisi\u00f3n de no intervenir en la elecci\u00f3n de 2018?<\/p>\n<p>Por cierto, tampoco se ha mencionado la responsabilidad del ex gobernador, \u00c1ngel Aguirre Rivero, quien tuvo conocimiento de primera mano, de lo que ocurr\u00eda en Iguala. \u00bfHay algo que nunca se mencion\u00f3, entre los dos funcionarios (Pe\u00f1a y Aguirre), que obligue al silencio sobre su omisi\u00f3n o su aparente falta de inter\u00e9s en el asunto? \u00bfPor qu\u00e9 no se habla de ellos?<\/p>\n<p>Aquella vez, ambos se echaron culpas: \u201cyo cre\u00ed que iba a intervenir el gobernador\u201d y viceversa. La verdad es que ambos deber\u00edan ser llamados a cuentas y pagar sus respectivos delitos. El caso no debe ser cerrado.<\/p>\n<p><a href=\"mailto:ariosruiz@gmail.com\" target=\"_blank\" rel=\"noopener noreferrer\"><em>ariosruiz@gmail.com<\/em><\/a><\/p>\n","protected":false},"excerpt":{"rendered":"<p><span style=\"color: #005497;\"><strong>Armando R\u00edos Ruiz<\/strong><\/span><\/p>\n","protected":false},"author":3,"featured_media":0,"comment_status":"open","ping_status":"open","sticky":false,"template":"","format":"standard","meta":{"_monsterinsights_skip_tracking":false,"_monsterinsights_sitenote_active":false,"_monsterinsights_sitenote_note":"","_monsterinsights_sitenote_category":0,"footnotes":""},"categories":[88405],"tags":[88407,43674,91193],"class_list":["post-557349","post","type-post","status-publish","format-standard","hentry","category-armando-rios-ruiz","tag-armando-rios-ruiz","tag-opinion","tag-perfil-de-mexico"],"_links":{"self":[{"href":"https:\/\/www.diarioimagen.net\/index.php?rest_route=\/wp\/v2\/posts\/557349","targetHints":{"allow":["GET"]}}],"collection":[{"href":"https:\/\/www.diarioimagen.net\/index.php?rest_route=\/wp\/v2\/posts"}],"about":[{"href":"https:\/\/www.diarioimagen.net\/index.php?rest_route=\/wp\/v2\/types\/post"}],"author":[{"embeddable":true,"href":"https:\/\/www.diarioimagen.net\/index.php?rest_route=\/wp\/v2\/users\/3"}],"replies":[{"embeddable":true,"href":"https:\/\/www.diarioimagen.net\/index.php?rest_route=%2Fwp%2Fv2%2Fcomments&post=557349"}],"version-history":[{"count":0,"href":"https:\/\/www.diarioimagen.net\/index.php?rest_route=\/wp\/v2\/posts\/557349\/revisions"}],"wp:attachment":[{"href":"https:\/\/www.diarioimagen.net\/index.php?rest_route=%2Fwp%2Fv2%2Fmedia&parent=557349"}],"wp:term":[{"taxonomy":"category","embeddable":true,"href":"https:\/\/www.diarioimagen.net\/index.php?rest_route=%2Fwp%2Fv2%2Fcategories&post=557349"},{"taxonomy":"post_tag","embeddable":true,"href":"https:\/\/www.diarioimagen.net\/index.php?rest_route=%2Fwp%2Fv2%2Ftags&post=557349"}],"curies":[{"name":"wp","href":"https:\/\/api.w.org\/{rel}","templated":true}]}}