{"id":557355,"date":"2022-08-22T00:03:11","date_gmt":"2022-08-22T05:03:11","guid":{"rendered":"https:\/\/www.diarioimagen.net\/?p=557355"},"modified":"2022-08-22T05:52:35","modified_gmt":"2022-08-22T10:52:35","slug":"mas-distractores-presidenciales","status":"publish","type":"post","link":"https:\/\/www.diarioimagen.net\/?p=557355","title":{"rendered":"M\u00e1s distractores presidenciales"},"content":{"rendered":"<h2>Espacio Electoral<\/h2>\n<h5>Eleazar Flores<\/h5>\n<p><strong>\u00a0<\/strong><\/p>\n<p><strong>SINCRONIZACI\u00d3N PUNTUAL-.<\/strong> Partiendo de que en pol\u00edtica nada sucede por la sospechosa CASUALIDAD, cuando menos resulta curioso que el mismo d\u00eda y casi a la misma hora se evidenciara una vez m\u00e1s la docilidad al padre de la Cuarta Transformaci\u00f3n para impartir justicia.<\/p>\n<p>Esto, dado que el pasado viernes 19 las distintas instancias judiciales al servicio de quien usted ya sabe bien, anuncian dos noticias, la excarcelaci\u00f3n de la se\u00f1ora Rosario Robles Berlanga y la detenci\u00f3n del ex Procurador General de la Rep\u00fablica, Jes\u00fas Murillo Karam.<\/p>\n<p>Ignoto de la profundidad legal de ambos casos, s\u00ed puede recordarse que es una opini\u00f3n casi generalizada, la sa\u00f1a con la que un juez de apellido Padierna, pariente de la hoy legisladora Lolita, que lleva tres lustros, aproximadamente en cargos bien remunerados del sector p\u00fablico, quien dict\u00f3 la sentencia m\u00e1s dr\u00e1stica contra la ex secretaria de Desarrollo Social y tambi\u00e9n de\u00a0 desarrollo Territorial y Urbano, Sedatu, todo en tiempo del presidente Pe\u00f1a Nieto.<\/p>\n<p>Por principio de cuentas, el juez no debi\u00f3 conocer y menos sentenciar a do\u00f1a Rosario por aquello del CONFLICTO DE INTER\u00c9S, pero como en este gobierno \u201cya no son como antes\u201d todo se permiti\u00f3, hasta la drasticidad legaloide.<\/p>\n<p>En cuanto al hidalguense ex titular de la ex PGR, hay muchos bemoles en esta partitura legal, pues si de culpar a la cabeza de todo lo que hacen los dem\u00e1s miembros del cuerpo jur\u00eddico-administrativo en este caso, habr\u00eda que preguntarnos si castigar o no a quien orden\u00f3 dejar en libertad y sin rasgu\u00f1o alguno a Ovidio, para evitar quejas posteriores de Derechos Humanos.<\/p>\n<p>A primera vista, y que todo mundo vio, fue el \u201cpecado\u201d de Murillo Karam el de confesarse \u201ccansado\u201d despu\u00e9s de una marat\u00f3nica conferencia de prensa justamente para relatar todo en torno al caso de los 43 normalistas de Ayotzinapa, cuyo caso estaba fresco. En ese tiempo a los hombres del poder no se les permit\u00edan \u201ctantos\u201d errores en micr\u00f3fono abierto, ahora, usted juzgue.<\/p>\n<p>En tan poco espacio ser\u00eda irresponsable opinar a favor o en contra de Murillo y su presunta culpabilidad o inocencia, pues un caso que lleva a\u00f1os no es tan f\u00e1cil resolver, pero el t\u00e9rmino VERDAD HIST\u00d3RICA no ha encontrado los elementos suficientes de contradicci\u00f3n, mientras no se encuentren con vida a los 43 estudiantes.<\/p>\n<p>Por cierto, tampoco jam\u00e1s se pudo explicar qu\u00e9 hac\u00edan los estudiantes en ese viaje fuera de horarios. Para defenderlos surgi\u00f3 hasta un vocero, que al parecer no es ni padre de familia de ninguna de las v\u00edctimas, de nombre Vidulfo, y con quien han viajado a varios pa\u00edses para decir su verdad, y est\u00e1n en su derecho.<\/p>\n<p>S\u00f3lo recuerde que son tiempos electorales.<\/p>\n<p><em><a href=\"mailto:elefa44@gmail.com\" target=\"_blank\" rel=\"noopener noreferrer\">elefa44@gmail.com<\/a><\/em><\/p>\n","protected":false},"excerpt":{"rendered":"<p><span style=\"color: #005497;\"><strong>Eleazar Flores<\/strong><\/span><\/p>\n","protected":false},"author":3,"featured_media":0,"comment_status":"open","ping_status":"open","sticky":false,"template":"","format":"standard","meta":{"_monsterinsights_skip_tracking":false,"_monsterinsights_sitenote_active":false,"_monsterinsights_sitenote_note":"","_monsterinsights_sitenote_category":0,"footnotes":""},"categories":[81743],"tags":[81744,81776,43674],"class_list":["post-557355","post","type-post","status-publish","format-standard","hentry","category-eleazar-flores","tag-eleazar-flores","tag-espacio-electoral","tag-opinion"],"_links":{"self":[{"href":"https:\/\/www.diarioimagen.net\/index.php?rest_route=\/wp\/v2\/posts\/557355","targetHints":{"allow":["GET"]}}],"collection":[{"href":"https:\/\/www.diarioimagen.net\/index.php?rest_route=\/wp\/v2\/posts"}],"about":[{"href":"https:\/\/www.diarioimagen.net\/index.php?rest_route=\/wp\/v2\/types\/post"}],"author":[{"embeddable":true,"href":"https:\/\/www.diarioimagen.net\/index.php?rest_route=\/wp\/v2\/users\/3"}],"replies":[{"embeddable":true,"href":"https:\/\/www.diarioimagen.net\/index.php?rest_route=%2Fwp%2Fv2%2Fcomments&post=557355"}],"version-history":[{"count":0,"href":"https:\/\/www.diarioimagen.net\/index.php?rest_route=\/wp\/v2\/posts\/557355\/revisions"}],"wp:attachment":[{"href":"https:\/\/www.diarioimagen.net\/index.php?rest_route=%2Fwp%2Fv2%2Fmedia&parent=557355"}],"wp:term":[{"taxonomy":"category","embeddable":true,"href":"https:\/\/www.diarioimagen.net\/index.php?rest_route=%2Fwp%2Fv2%2Fcategories&post=557355"},{"taxonomy":"post_tag","embeddable":true,"href":"https:\/\/www.diarioimagen.net\/index.php?rest_route=%2Fwp%2Fv2%2Ftags&post=557355"}],"curies":[{"name":"wp","href":"https:\/\/api.w.org\/{rel}","templated":true}]}}