{"id":557371,"date":"2022-08-22T00:09:53","date_gmt":"2022-08-22T05:09:53","guid":{"rendered":"https:\/\/www.diarioimagen.net\/?p=557371"},"modified":"2022-08-22T06:04:21","modified_gmt":"2022-08-22T11:04:21","slug":"los-secretos-de-amlo-y-pena-nieto","status":"publish","type":"post","link":"https:\/\/www.diarioimagen.net\/?p=557371","title":{"rendered":"Los secretos de AMLO y Pe\u00f1a Nieto"},"content":{"rendered":"<h2>Poder y dinero<\/h2>\n<h5>V\u00edctor S\u00e1nchez Ba\u00f1os<\/h5>\n<p>&nbsp;<\/p>\n<ul>\n<li><em><strong>Jes\u00fas Murillo, el silencio de los inocentes<\/strong><\/em><\/li>\n<li><em><strong>Los 43, pol\u00edtica, \u201cnarco\u201d e impunidad<\/strong><\/em><\/li>\n<li><em><strong>Morena deja vivo el mito<\/strong><\/em><\/li>\n<li><em><strong>Muerto el lobo, se acaba el cuento<\/strong><\/em><\/li>\n<li><em><strong>Los tiempos electorales lo exigen<\/strong><\/em><\/li>\n<li><em><strong>A la c\u00e1rcel, \u201ccharales\u201d<\/strong><\/em><\/li>\n<li><em><strong>Los mal vistos de Videgaray<\/strong><\/em><\/li>\n<li><em><strong>Salpican a Garc\u00eda Harfuch<\/strong><\/em><\/li>\n<li><em><strong>FAM necesita m\u00e1s aviones<\/strong><\/em><\/li>\n<li><em><strong>Sanulac, apoyo a viejitos<\/strong><\/em><\/li>\n<\/ul>\n<p>&nbsp;<\/p>\n<p style=\"text-align: right;\"><em>La moral se esgrime cuando se est\u00e1 en la oposici\u00f3n;<br \/>\nla pol\u00edtica, cuando se ha obtenido el poder<br \/>\n<\/em><strong>Jos\u00e9 Lu\u00eds L\u00f3pez Aranguren<\/strong> (1909-1996), fil\u00f3sofo espa\u00f1ol<\/p>\n<p>&nbsp;<\/p>\n<p>Jes\u00fas Murillo Karam sab\u00eda perfectamente, desde el inicio de sexenio, que en el tiempo electoral pertinente ser\u00eda detenido por el caso de la desaparici\u00f3n de los 43 estudiantes de la Normal de Ayotzinapa a finales de septiembre del 2014. Hace casi 8 a\u00f1os.<\/p>\n<p>Es el chivo expiatorio de un sistema pol\u00edtico repleto de componendas, acuerdos en lo oscuro, intereses pol\u00edticos y econ\u00f3micos, de corrupci\u00f3n, poder y dinero.<\/p>\n<p>Lo acusan de tortura y obstrucci\u00f3n de la justica, dos delitos que son totalmente absurdos.<\/p>\n<p>Y que conste que no es ni mi amigo, ni me interesa lo que le pase a ese pol\u00edtico hidalguense. Sin embargo, se tiene que hablar con la justicia, no con el caudal de imputaciones que realiza el gobierno y los opositores al sistema pol\u00edtico anterior al de la llamada Cuarta Transformaci\u00f3n. La justicia a secas, como dir\u00eda Benito Ju\u00e1rez.<\/p>\n<p>\u00bfTortura? Es un tema realmente incre\u00edble que un procurador est\u00e9 en un interrogatorio donde se torture. S\u00f3lo un enfermo mental. Quiz\u00e1 ah\u00ed estuvo Tom\u00e1s Zer\u00f3n de Lucio, quien supuestamente hab\u00eda grabado videos de torturas a los detenidos del caso Ayotzinapa. Muchos de los testigos, al paso de la historia, est\u00e1n en la c\u00e1rcel o muertos. Ninguno en la calle. Adem\u00e1s, Zer\u00f3n quer\u00eda dar resultados a como diera lugar. Incluso mediante torturas e invenci\u00f3n de responsables. Pero que ah\u00ed estuviera el procurador o que fuera informado de ello, es completamente inveros\u00edmil.<\/p>\n<p>Obstrucci\u00f3n de la justicia es otro delito, pues es el Procurador y para salvarle el pellejo a su jefe, el presidente Enrique Pe\u00f1a Nieto, necesitaba dar con los responsables. No pod\u00eda obstruir la justicia bajo la pena que ser\u00eda se\u00f1alado con el paso del tiempo.<\/p>\n<p>Ahora bien, en ninguno de los delitos, la Fiscal\u00eda General de la Rep\u00fablica, que encabeza Alejandro Gertz, present\u00f3 alguna prueba, pero a Murillo, de 71 a\u00f1os de edad, lo encarcelan por motivos pol\u00edticos y propagand\u00edsticos del gobierno de Andr\u00e9s Manuel L\u00f3pez Obrador.<\/p>\n<p>No hay la menor duda que detr\u00e1s de la muerte, como por fin acept\u00f3 el gobierno (tanto el de Pe\u00f1a como el de L\u00f3pez), estaba el Estado. Alejandro Encinas, el subsecretario encargado del caso por la 4T, aport\u00f3 en el dictamen final casi nada a la \u201cverdad hist\u00f3rica\u201d de Murillo Karam. Fueron varios grupos de criminales y narcotraficantes, que en aquella noche infernal mataron a varios j\u00f3venes del equipo de futbol \u201cLos Avispones\u201d de Iguala (ni\u00f1os entre 14 y 17 a\u00f1os de edad) y en esa noche de lujuria asesina, polic\u00edas municipales del gobierno del perredista y simpatizante de AMLO, Jos\u00e9 Luis Abarca, aliados a grupos de narcotraficantes de la regi\u00f3n, polic\u00edas federales, estatales y del Ej\u00e9rcito, sab\u00edan lo que ocurr\u00eda esa noche.<\/p>\n<p>Estamos conscientes que ni Pe\u00f1a Nieto, ni nadie de su gabinete estaba enterado de lo que ah\u00ed ocurr\u00eda, ni mucho menos la manera como deb\u00edan controlar a aquellos criminales que buscaban varias toneladas de droga que llevaba el autob\u00fas, que desafortunadamente, minutos antes hab\u00edan secuestrado los j\u00f3venes normalistas (como es una costumbre antes de hacer manifestaciones de apoyo a la izquierda, como el caso del 2 de octubre, muy cercano a la fecha de la masacre).<\/p>\n<p>Polic\u00edas y narcotraficantes, en una noche de terror, masacraron a aquellos j\u00f3venes, producto de la ambici\u00f3n de poder y dinero de maestros y pol\u00edticos, ambiciosos de poder y dinero. Jovencitos que no deb\u00edan haber muerto.<\/p>\n<p>S\u00ed fue un crimen de Estado. No del gobierno federal, sino del gobierno estatal, municipal, aliado a criminales. De un Ej\u00e9rcito, que a pesar de tener un infiltrado en esa escuela normal, lo dejaron morir aquella noche, es otro acto criminal y traicionero para sus propias filas.<\/p>\n<p>La captura de Murillo Karam se da en un momento que est\u00e1n cerca las elecciones del Estado de M\u00e9xico, donde Morena podr\u00e1 perder los comicios, por una parte, y la crisis de seguridad que vive el pa\u00eds, donde no hay regi\u00f3n en la Rep\u00fablica que no se escape de la violencia.<\/p>\n<p>Sin embargo, este caso salpica a Omar Garc\u00eda Harfuch, ex delegado de la polic\u00eda federal en Guerrero, actual jefe de la polic\u00eda en el gobierno de Claudia Sheinbaum, por una presunta reuni\u00f3n de un \u201ctestigo protegido\u201d que no est\u00e1 \u201cprotegido\u201d, el secretario particular de Zeron, Bernardo Cano, que supuestamente grab\u00f3 las torturas, pero nunca acus\u00f3 ni a Murillo, ni a Harfuch.<\/p>\n<p>El asesinato de los 43 de Ayotzinapa no lo acabar\u00e1 la izquierda, ya que es una fuerte de ingresos para los dirigentes de la izquierda en Guerrero. Saben que si matan el asunto con el agotamiento de la averiguaci\u00f3n, no tienen la escopeta cargada contra los enemigos de la izquierda beligerante, detr\u00e1s de la puerta. Muerto el lobo, se acaba el cuento.<\/p>\n<p style=\"text-align: center;\"><strong>PODEROSOS CABALLEROS<\/strong><\/p>\n<p><strong>SIN TECNOLOG\u00cdA PARA INTERCEPTAR AVIONES:<\/strong> De diciembre de 2018 a noviembre de 2021, se emitieron 720 alertamientos para la intercepci\u00f3n y seguimiento de aeronaves sospechosas de actividades il\u00edcitas. As\u00ed se puso en alerta a la Fuerza A\u00e9rea Mexicana, que encabeza Gerardo Vega, pero sin las herramientas necesarias, ni mucho menos con tecnolog\u00eda suficiente.<\/p>\n<p style=\"text-align: center;\"><strong>RESPONSABILIDAD SOCIAL CORPORATIVA<\/strong><\/p>\n<p><strong>SANULAC:<\/strong> Sanulac Nutici\u00f3n de M\u00e9xico, que dirige Mario S\u00e1nchez, puso en marcha un plan integral de atenci\u00f3n a la poblaci\u00f3n adulta mayor, ante el abandono y desnutrici\u00f3n que sufren m\u00e1s de un mill\u00f3n de adultos mayores.\u00a0 De esa forma sac\u00f3 al mercado Delicalpro, suplemento alimenticio para pacientes mayores.<\/p>\n<p>&nbsp;<\/p>\n<blockquote>\n<p style=\"text-align: right;\">Esc\u00fachame lunes, martes, mi\u00e9rcoles y viernes,<br \/>\nen <strong><em>El Heraldo Radio<\/em><\/strong>, desde las 22 horas.<\/p>\n<\/blockquote>\n<p>&nbsp;<\/p>\n<p><em><a href=\"http:\/\/poderydinero.mx\/\" target=\"_blank\" rel=\"noopener\">poderydinero.mx<\/a><br \/>\n<\/em><em><a href=\"mailto:vsb@poderydinero.mx\" target=\"_blank\" rel=\"noopener noreferrer\">vsb@poderydinero.mx<\/a><br \/>\n<\/em><em><a href=\"https:\/\/twitter.com\/vsanchezbanos\" target=\"_blank\" rel=\"noopener noreferrer\">@vsanchezbanos<\/a><\/em><\/p>\n","protected":false},"excerpt":{"rendered":"<p><span style=\"color: #005497;\"><strong>V\u00edctor S\u00e1nchez Ba\u00f1os<\/strong><\/span><\/p>\n","protected":false},"author":3,"featured_media":0,"comment_status":"open","ping_status":"open","sticky":false,"template":"","format":"standard","meta":{"_monsterinsights_skip_tracking":false,"_monsterinsights_sitenote_active":false,"_monsterinsights_sitenote_note":"","_monsterinsights_sitenote_category":0,"footnotes":""},"categories":[38844],"tags":[43674,38847,38848],"class_list":["post-557371","post","type-post","status-publish","format-standard","hentry","category-victor-sanchez-banos","tag-opinion","tag-poder-y-dinero","tag-victor-sanchez-banos"],"_links":{"self":[{"href":"https:\/\/www.diarioimagen.net\/index.php?rest_route=\/wp\/v2\/posts\/557371","targetHints":{"allow":["GET"]}}],"collection":[{"href":"https:\/\/www.diarioimagen.net\/index.php?rest_route=\/wp\/v2\/posts"}],"about":[{"href":"https:\/\/www.diarioimagen.net\/index.php?rest_route=\/wp\/v2\/types\/post"}],"author":[{"embeddable":true,"href":"https:\/\/www.diarioimagen.net\/index.php?rest_route=\/wp\/v2\/users\/3"}],"replies":[{"embeddable":true,"href":"https:\/\/www.diarioimagen.net\/index.php?rest_route=%2Fwp%2Fv2%2Fcomments&post=557371"}],"version-history":[{"count":0,"href":"https:\/\/www.diarioimagen.net\/index.php?rest_route=\/wp\/v2\/posts\/557371\/revisions"}],"wp:attachment":[{"href":"https:\/\/www.diarioimagen.net\/index.php?rest_route=%2Fwp%2Fv2%2Fmedia&parent=557371"}],"wp:term":[{"taxonomy":"category","embeddable":true,"href":"https:\/\/www.diarioimagen.net\/index.php?rest_route=%2Fwp%2Fv2%2Fcategories&post=557371"},{"taxonomy":"post_tag","embeddable":true,"href":"https:\/\/www.diarioimagen.net\/index.php?rest_route=%2Fwp%2Fv2%2Ftags&post=557371"}],"curies":[{"name":"wp","href":"https:\/\/api.w.org\/{rel}","templated":true}]}}