{"id":557394,"date":"2022-08-23T00:06:04","date_gmt":"2022-08-23T05:06:04","guid":{"rendered":"https:\/\/www.diarioimagen.net\/?p=557394"},"modified":"2022-08-24T02:30:12","modified_gmt":"2022-08-24T07:30:12","slug":"reconocen-labor-social-y-calidad-academica-de-estudiantes-de-la-uaemex-en-el-premio-estatal-de-la-juventud-2022","status":"publish","type":"post","link":"https:\/\/www.diarioimagen.net\/?p=557394","title":{"rendered":"Reconocen labor social y calidad acad\u00e9mica de estudiantes de la UAEM\u00e9x en el Premio Estatal de la Juventud 2022"},"content":{"rendered":"<p><em>\u00a0<\/em><\/p>\n<ul>\n<li><strong><em>Universitarios estudiantes y egresados de la UAEM\u00e9x fueron reconocidos con el Premio Estatal de la Juventud 2022 que otorga el gobierno mexiquense a trav\u00e9s del Instituto Mexiquense de la Juventud<\/em><\/strong><\/li>\n<\/ul>\n<p><strong>\u00a0<\/strong><\/p>\n<p><img loading=\"lazy\" decoding=\"async\" class=\"aligncenter wp-image-557476\" src=\"https:\/\/www.diarioimagen.net\/wp-content\/uploads\/2022\/08\/uaem-11.jpg\" alt=\"\" width=\"420\" height=\"354\" \/><\/p>\n<p>&nbsp;<\/p>\n<p><strong>Toluca, Estado de M\u00e9xico.\u2014<\/strong> Estudiantes y egresados de la Universidad Aut\u00f3noma del Estado de M\u00e9xico (UAEM\u00e9x) fueron galardonados con el Premio Estatal de la Juventud 2022 que otorga el gobierno de la entidad a trav\u00e9s del Instituto Mexiquense de la Juventud por acciones destacadas en el rubro social y trayectoria acad\u00e9mica.<\/p>\n<p>Acatzin Ben\u00edtez Salgado, originario de Tejupilco y estudiante de la licenciatura en Bioingenier\u00eda M\u00e9dica de la Facultad de Medicina de la Universidad Aut\u00f3noma del Estado de M\u00e9xico (UAEM\u00e9x) gan\u00f3 el premio en la modalidad de \u201cTrayectoria Acad\u00e9mica\u201d en la categor\u00eda B.<\/p>\n<p>Ben\u00edtez Salgado es el primer astronauta an\u00e1logo del Estado de M\u00e9xico para MMAARS-USA, AdvancingX-USA y H\u00e1bitat Marte Brazil, es el \u00fanico investigador latinoamericano en la primera misi\u00f3n espacial an\u00e1loga del Reino Unido, fue seleccionado como uno de los 100 educadores del espacio de NASA-SEEC a nivel mundial, tambi\u00e9n fue mentor del NASA SPARKS Challenge, colabor\u00f3 con el Laboratorio de Instrumentaci\u00f3n Espacial-UNAM. Es autor de 3 art\u00edculos cient\u00edficos en el International Astronautical Congress 2022, Par\u00eds.<\/p>\n<p>Actualmente es miembro de COSMOBLASTOS AAFI-UNAM, equipo desarrollador del primer robot para la salud en el espacio y la tierra. Fund\u00f3 Grupo BENACK para desarrollar actividades de divulgaci\u00f3n de la ciencia y tecnolog\u00eda al servicio de la salud, el deporte y la cultura en favor de la calidad de vida en la regi\u00f3n y oportunidades para las juventudes mexiquenses, coautor del libro infantil \u201cHasta las estrellas\u201d.<\/p>\n<p>\u201cMe siento muy emocionado de ser el primer joven de Tejupilco en ser reconocido con este premio. Con una gran responsabilidad de seguir impulsando a las juventudes mexiquenses a so\u00f1ar con las estrellas\u201d, expres\u00f3 el universitario.<\/p>\n<p>Natali Ixchel T\u00e9llez Col\u00edn, originaria de Atlacomulco, egresada de la licenciatura en Comunicaci\u00f3n de la Facultad de Ciencias Pol\u00edticas y Sociales de la UAEM\u00e9x gan\u00f3 el premio en la modalidad de \u201cLabor Social\u201d, categor\u00eda B, en representaci\u00f3n de la comunidad virtual el \u201cTaller de Metzli\u201d, iniciativa que surge de la necesidad de crear un espacio seguro para la reflexi\u00f3n de temas de g\u00e9nero en torno a las problem\u00e1ticas sociales.<\/p>\n<p>La iniciativa autogestiva est\u00e1 conformada por Ariadna Calzada Vel\u00e1squez, Iris Monserrat Carrillo Hern\u00e1ndez y Mariana Camacho Oloarte, quienes han impartido m\u00e1s de 39 talleres gratuitos con perspectiva de g\u00e9nero en distintas \u00e1reas disciplinarias con un alcance de adolescentes y j\u00f3venes de entre 15 a 29 a\u00f1os, principalmente, mexiquenses y con la participaci\u00f3n de juventudes de otras entidades de M\u00e9xico y pa\u00edses como Per\u00fa\u0301, Canad\u00e1\u0301 y Espa\u00f1a.<\/p>\n<p>Su iniciativa m\u00e1s reciente fue la colecta de toallas sanitarias en colaboraci\u00f3n con OEPSA, la Facultad de Ciencias Pol\u00edticas y Sociales de la UAEM\u00e9x, la Uni\u00f3n de Mujeres Activistas de la Universidad Iberoamericana y el Instituto Municipal de Juventud de Atlacomulco, donde se colectaron 6056 toallas sanitarias que fueron donadas a la Coordinaci\u00f3n de Capacitaci\u00f3n y Formaci\u00f3n Penitenciaria estatal.<\/p>\n<p>\u201cPara m\u00ed es un honor poder representar a las j\u00f3venes mexiquenses que luchan todos los d\u00edas por sus derechos desde la perspectiva de g\u00e9nero con la creaci\u00f3n de espacios seguros para todas y todos\u201d, dijo la universitaria.<\/p>\n<p>Tambi\u00e9n fueron galardonados Mar\u00eda Guadalupe Goytia Rivas, originaria de Acolman y egresada de la licenciatura en Ciencias Pol\u00edticas y Administraci\u00f3n P\u00fablica del Centro Universitario de Texcoco de la UAEM\u00e9x quien gan\u00f3 en la modalidad \u201cArte popular\u201d; del Centro Universitario Ecatepec, la universitaria Sharon Hern\u00e1ndez del Valle, originaria de Tultitl\u00e1n ganadora en la modalidad \u201cJ\u00f3venes Emprendedores\u201d.<\/p>\n<p>As\u00ed como\u00a0Rene L\u00f3pez de la Torre, originario de Texcoco y egresado, en 2012, del Plantel \u201cTexcoco\u201d de la Escuela Preparatoria ganador de la modalidad \u201cCultura Pol\u00edtica y Democracia y Nallely Plaza Laguna, originaria de Jocotitl\u00e1n, en la modalidad \u201cLabor Social\u201d.<\/p>\n<p>Para esta edici\u00f3n del Premio Estatal de la Juventud 2022 se registraron 3 mil 786 j\u00f3venes de los 125 municipios de la entidad en la que se reconocieron a 33 j\u00f3venes por su trayectoria y aportaciones en distintos rubros que impactan a la sociedad.<\/p>\n","protected":false},"excerpt":{"rendered":"<p>Estudiantes y egresados de la Universidad Aut\u00f3noma del Estado de M\u00e9xico (UAEM\u00e9x) fueron galardonados con el Premio Estatal de la Juventud 2022 que otorga el gobierno de la entidad a trav\u00e9s del Instituto Mexiquense de la Juventud por acciones destacadas en el rubro social y trayectoria acad\u00e9mica.<\/p>\n","protected":false},"author":3,"featured_media":557477,"comment_status":"open","ping_status":"open","sticky":false,"template":"","format":"standard","meta":{"_monsterinsights_skip_tracking":false,"_monsterinsights_sitenote_active":false,"_monsterinsights_sitenote_note":"","_monsterinsights_sitenote_category":0,"footnotes":""},"categories":[5],"tags":[761,67878],"class_list":["post-557394","post","type-post","status-publish","format-standard","has-post-thumbnail","hentry","category-estado-de-mexico","tag-premio-estatal-de-la-juventud","tag-uaemex"],"_links":{"self":[{"href":"https:\/\/www.diarioimagen.net\/index.php?rest_route=\/wp\/v2\/posts\/557394","targetHints":{"allow":["GET"]}}],"collection":[{"href":"https:\/\/www.diarioimagen.net\/index.php?rest_route=\/wp\/v2\/posts"}],"about":[{"href":"https:\/\/www.diarioimagen.net\/index.php?rest_route=\/wp\/v2\/types\/post"}],"author":[{"embeddable":true,"href":"https:\/\/www.diarioimagen.net\/index.php?rest_route=\/wp\/v2\/users\/3"}],"replies":[{"embeddable":true,"href":"https:\/\/www.diarioimagen.net\/index.php?rest_route=%2Fwp%2Fv2%2Fcomments&post=557394"}],"version-history":[{"count":0,"href":"https:\/\/www.diarioimagen.net\/index.php?rest_route=\/wp\/v2\/posts\/557394\/revisions"}],"wp:featuredmedia":[{"embeddable":true,"href":"https:\/\/www.diarioimagen.net\/index.php?rest_route=\/wp\/v2\/media\/557477"}],"wp:attachment":[{"href":"https:\/\/www.diarioimagen.net\/index.php?rest_route=%2Fwp%2Fv2%2Fmedia&parent=557394"}],"wp:term":[{"taxonomy":"category","embeddable":true,"href":"https:\/\/www.diarioimagen.net\/index.php?rest_route=%2Fwp%2Fv2%2Fcategories&post=557394"},{"taxonomy":"post_tag","embeddable":true,"href":"https:\/\/www.diarioimagen.net\/index.php?rest_route=%2Fwp%2Fv2%2Ftags&post=557394"}],"curies":[{"name":"wp","href":"https:\/\/api.w.org\/{rel}","templated":true}]}}