{"id":557396,"date":"2022-08-23T00:05:34","date_gmt":"2022-08-23T05:05:34","guid":{"rendered":"https:\/\/www.diarioimagen.net\/?p=557396"},"modified":"2022-08-24T02:30:49","modified_gmt":"2022-08-24T07:30:49","slug":"invitan-uaemex-a-exposicion-paisajismo-sin-paisaje","status":"publish","type":"post","link":"https:\/\/www.diarioimagen.net\/?p=557396","title":{"rendered":"Invitan UAEM\u00e9x a exposici\u00f3n \u201cPaisajismo sin paisaje\u201d"},"content":{"rendered":"<p><em>\u00a0<\/em><\/p>\n<ul>\n<li><strong><em>Durante agosto y septiembre, la Galer\u00eda Universitaria \u201cFernando Cano\u201d ser\u00e1 sede de la exposici\u00f3n individual del artista pl\u00e1stico David Octavio Morales Soto<\/em><\/strong><\/li>\n<\/ul>\n<p><strong>\u00a0<\/strong><\/p>\n<div id=\"attachment_557481\" style=\"width: 470px\" class=\"wp-caption aligncenter\"><img loading=\"lazy\" decoding=\"async\" aria-describedby=\"caption-attachment-557481\" class=\"wp-image-557481 size-full\" src=\"https:\/\/www.diarioimagen.net\/wp-content\/uploads\/2022\/08\/uaem-2-3.jpg\" alt=\"\" width=\"460\" height=\"270\" \/><p id=\"caption-attachment-557481\" class=\"wp-caption-text\">El artista pl\u00e1stico David Octavio Morales Soto, egresado de la Licenciatura en Artes Pl\u00e1sticas de la Facultad de Artes de la UAEM\u00e9x, ha sido acreedor a distintos premios, reconocimientos y foros de exposici\u00f3n a nivel nacional e internacional por su trabajo pict\u00f3rico.<\/p><\/div>\n<p>&nbsp;<\/p>\n<p><strong>Toluca, Estado de M\u00e9xico<\/strong>.\u2014 Como parte del compromiso de la Universidad Aut\u00f3noma del Estado de M\u00e9xico (UAEM\u00e9x) de impulsar y abrir espacios para nuevos talentos universitarios en las artes, la exposici\u00f3n individual \u201cPaisajismo sin paisaje\u201d obra del artista pl\u00e1stico David Octavio Morales Soto fue inaugurada en la galer\u00eda universitaria \u201cFernando Cano\u201d que se ubica en el Edificio de Rector\u00eda.<\/p>\n<p>La muestra est\u00e1 conformada por 38 im\u00e1genes hiperrealistas que fragmentan las fronteras del detalle t\u00e9cnico, conceptual y espont\u00e1neo.\u00a0 A trav\u00e9s del \u00f3leo expone los efectos tecnol\u00f3gicos\u00a0 y demogr\u00e1ficos en el entorno.<\/p>\n<p>La secretaria de Difusi\u00f3n Cultural de la UAEM\u00e9x, Mar\u00eda de las Mercedes Portilla Luja, quien encabez\u00f3 la inauguraci\u00f3n, explic\u00f3 que dentro de la agenda de exposiciones en la galer\u00eda universitaria \u201cFernando Cano\u201d se contempla una muestra anual que busca reconocer las producciones art\u00edsticas de universitarias y universitarios destacados que han consolidado su quehacer con reconocimiento a nivel nacional e internacional como lo es el trabajo de Morales Soto.<\/p>\n<p>\u201cSu obra hiperrealista, casi fotogr\u00e1fica nos invita a la reflexi\u00f3n en entornos sociales y culturales donde los efectos tecnol\u00f3gicos y demogr\u00e1ficos de la sociedad actual est\u00e1n dando como consecuencia cambios en los paisajes actuales\u201d, indic\u00f3.<\/p>\n<p>En su oportunidad, el artista pl\u00e1stico explic\u00f3 que su obra est\u00e1 inspirada en su deseo de una relaci\u00f3n sana entre hombre y naturaleza, por lo que sus pinturas, adem\u00e1s de evidenciar el enorme impacto social de la sobre explotaci\u00f3n del entorno, tambi\u00e9n invitan a cuidar los recursos naturales.<\/p>\n<p>\u201cMucho de mi trabajo aborda la sobreexplotaci\u00f3n de los recursos naturales en el Valle del Mezquital en el estado de Hidalgo y proponen una v\u00eda que permita la contemplaci\u00f3n de paisajes transformados\u201d, detall\u00f3.<\/p>\n<p>De las 38 obras expuestas, una de ellas, intitulada \u201cCuando la morena descansa\u201d, un \u00f3leo sobre tela, fue donada por el artista\u00a0 al acervo de la UAEM\u00e9x.<\/p>\n<p>David Octavio Morales Soto egres\u00f3 en 2013 de la Licenciatura en Artes Pl\u00e1sticas de la Facultad de Artes de la UAEM\u00e9x. Su trabajo pict\u00f3rico le ha permitido ganar distintos premios y reconocimientos como la Beca J\u00f3venes Creadores del FONCAEM 2017-2018; menci\u00f3n honor\u00edfica en el \u201cConcurso estatal de arte joven\u201d en 2013 y 2016, Beca J\u00f3venes Creadores del FONCA 2015-2016, entre otros.<\/p>\n<p>Asimismo, su obra ha sido expuesta y adquirida por m\u00faltiples espacios muse\u00edsticos a nivel nacional e internacional.<\/p>\n<p>Al acto inaugural de la exposici\u00f3n acudieron la directora de Patrimonio Cultural de la UAEM\u00e9x, Yuriko Elizabeth Rojas Moriyama; el coordinador de Cultura y Turismo del Ayuntamiento de Toluca, Jorge Fuentes Zepeda; integrantes del gabinete y comunidad universitaria.<\/p>\n<p>La muestra individual se mantendr\u00e1\u00a0 abierta a la comunidad universitaria y p\u00fablico en general hasta septiembre pr\u00f3ximo en la Galer\u00eda Universitaria \u201cFernando Cano\u201d. Puede ser visitada de lunes a viernes en un horario de 9 a 19 horas y los s\u00e1bados y domingos de 10 a 17 horas.<\/p>\n","protected":false},"excerpt":{"rendered":"<p>Como parte del compromiso de la Universidad Aut\u00f3noma del Estado de M\u00e9xico (UAEM\u00e9x) de impulsar y abrir espacios para nuevos talentos universitarios en las artes, la exposici\u00f3n individual \u201cPaisajismo sin paisaje\u201d obra del artista pl\u00e1stico David Octavio Morales Soto fue inaugurada en la galer\u00eda universitaria \u201cFernando Cano\u201d que se ubica en el Edificio de Rector\u00eda.\u00a0<\/p>\n","protected":false},"author":3,"featured_media":557481,"comment_status":"open","ping_status":"open","sticky":false,"template":"","format":"standard","meta":{"_monsterinsights_skip_tracking":false,"_monsterinsights_sitenote_active":false,"_monsterinsights_sitenote_note":"","_monsterinsights_sitenote_category":0,"footnotes":""},"categories":[5],"tags":[43675,46918,452,67878],"class_list":["post-557396","post","type-post","status-publish","format-standard","has-post-thumbnail","hentry","category-estado-de-mexico","tag-estado-de-mexico","tag-exposicion","tag-toluca","tag-uaemex"],"_links":{"self":[{"href":"https:\/\/www.diarioimagen.net\/index.php?rest_route=\/wp\/v2\/posts\/557396","targetHints":{"allow":["GET"]}}],"collection":[{"href":"https:\/\/www.diarioimagen.net\/index.php?rest_route=\/wp\/v2\/posts"}],"about":[{"href":"https:\/\/www.diarioimagen.net\/index.php?rest_route=\/wp\/v2\/types\/post"}],"author":[{"embeddable":true,"href":"https:\/\/www.diarioimagen.net\/index.php?rest_route=\/wp\/v2\/users\/3"}],"replies":[{"embeddable":true,"href":"https:\/\/www.diarioimagen.net\/index.php?rest_route=%2Fwp%2Fv2%2Fcomments&post=557396"}],"version-history":[{"count":0,"href":"https:\/\/www.diarioimagen.net\/index.php?rest_route=\/wp\/v2\/posts\/557396\/revisions"}],"wp:featuredmedia":[{"embeddable":true,"href":"https:\/\/www.diarioimagen.net\/index.php?rest_route=\/wp\/v2\/media\/557481"}],"wp:attachment":[{"href":"https:\/\/www.diarioimagen.net\/index.php?rest_route=%2Fwp%2Fv2%2Fmedia&parent=557396"}],"wp:term":[{"taxonomy":"category","embeddable":true,"href":"https:\/\/www.diarioimagen.net\/index.php?rest_route=%2Fwp%2Fv2%2Fcategories&post=557396"},{"taxonomy":"post_tag","embeddable":true,"href":"https:\/\/www.diarioimagen.net\/index.php?rest_route=%2Fwp%2Fv2%2Ftags&post=557396"}],"curies":[{"name":"wp","href":"https:\/\/api.w.org\/{rel}","templated":true}]}}