{"id":557398,"date":"2022-08-23T00:02:47","date_gmt":"2022-08-23T05:02:47","guid":{"rendered":"https:\/\/www.diarioimagen.net\/?p=557398"},"modified":"2022-08-23T02:58:01","modified_gmt":"2022-08-23T07:58:01","slug":"delfina-gomez-sera-la-primera-mujer-en-gobernar-edomex-regidora-alexis-santos","status":"publish","type":"post","link":"https:\/\/www.diarioimagen.net\/?p=557398","title":{"rendered":"Delfina G\u00f3mez ser\u00e1 la primera mujer en gobernar Edomex: regidora Alexis Santos"},"content":{"rendered":"<p>&nbsp;<\/p>\n<ul>\n<li><strong><em>Llamado a cerrar filas en Morena<\/em><\/strong><\/li>\n<\/ul>\n<p><strong>\u00a0<\/strong><\/p>\n<h6>Arturo Baena<\/h6>\n<p>&nbsp;<\/p>\n<div id=\"attachment_557509\" style=\"width: 470px\" class=\"wp-caption aligncenter\"><img loading=\"lazy\" decoding=\"async\" aria-describedby=\"caption-attachment-557509\" class=\"size-full wp-image-557509\" src=\"https:\/\/www.diarioimagen.net\/wp-content\/uploads\/2022\/08\/delfina.jpg\" alt=\"\" width=\"460\" height=\"270\" \/><p id=\"caption-attachment-557509\" class=\"wp-caption-text\">Delfina G\u00f3mez ser\u00e1 la primera mujer en gobernar al Estado de M\u00e9xico, manifest\u00f3 la regidora Graciela Alexis Santos\u00a0Garc\u00eda.<\/p><\/div>\n<p>&nbsp;<\/p>\n<p><strong>Naucalpan, Estado de M\u00e9xico.\u2014<\/strong> Todos y cada uno de los militantes de Movimiento Regeneraci\u00f3n Nacional (Morena), no s\u00f3lo de Naucalpan, sino de todo el territorio mexiquense, cerramos filas en torno a nuestra inminente candidata a la gubernatura, Delfina G\u00f3mez, quien ser\u00e1, por primera vez en la historia de la entidad, la primera mujer en gobernar al Estado de M\u00e9xico.<\/p>\n<p>As\u00ed lo manifest\u00f3 en entrevista, la joven regidora Graciela Alexis Santos \u00a0Garc\u00eda, al tiempo de destacar que \u201cpese a que todas las encuestas serias ubican a la maestra Delfina G\u00f3mez como la pr\u00f3xima gobernadora, no nos confiamos y seguiremos trabajando para que la Cuarta Transformaci\u00f3n sea una realidad en el Estado de M\u00e9xico\u201d.<\/p>\n<p>Por otra parte, Alexis Santos destac\u00f3 que \u201csaludamos y celebramos el resultado de la consulta que recientenme dio a conocer la dirigencia nacional, porque mostr\u00f3, sin lugar a duda, la calidad moral y pol\u00edtica de nuestra compa\u00f1era Delfina G\u00f3mez. Con ella al frente, fortaleceremos la vida interna de nuestro partido y podremos asegurar, junto con nuestros aliados naturales, un triunfo electoral inobjetable\u201d, asegur\u00f3<\/p>\n<p>\u201cMorena es un instrumento del pueblo mexiquense para la construcci\u00f3n de su transformaci\u00f3n. Su dirigencia estatal debe ser espacio privilegiado para la construcci\u00f3n de consensos y debe representar a todas las voces y expresiones\u201d, reiter\u00f3.<\/p>\n<p>La dos veces representante popular de ese instituto pol\u00edtico en esta localidad, puntualiz\u00f3 que \u201c hoy es tiempo de la unidad, el di\u00e1logo y la suma de esfuerzos en beneficio de las familias mexiquenses\u201d.<\/p>\n<p>Finalmente, Santos Garc\u00eda destac\u00f3 la trayectoria pol\u00edtica de la maestra Delfina G\u00f3mez, es y ser\u00e1 fundamental para su triunfo electoral el pr\u00f3ximo a\u00f1o en la entidad mexiquense.<\/p>\n","protected":false},"excerpt":{"rendered":"<p>Todos y cada uno de los militantes de Movimiento Regeneraci\u00f3n Nacional (Morena), no s\u00f3lo de Naucalpan, sino de todo el territorio mexiquense, cerramos filas en torno a nuestra inminente candidata a la gubernatura, Delfina G\u00f3mez, quien ser\u00e1, por primera vez en la historia de la entidad, la primera mujer en gobernar al Estado de M\u00e9xico.<\/p>\n","protected":false},"author":3,"featured_media":557509,"comment_status":"open","ping_status":"open","sticky":false,"template":"","format":"standard","meta":{"_monsterinsights_skip_tracking":false,"_monsterinsights_sitenote_active":false,"_monsterinsights_sitenote_note":"","_monsterinsights_sitenote_category":0,"footnotes":""},"categories":[5],"tags":[96241,57859,43675,970],"class_list":["post-557398","post","type-post","status-publish","format-standard","has-post-thumbnail","hentry","category-estado-de-mexico","tag-cerrar-filas","tag-delfina-gomez-alvarez","tag-estado-de-mexico","tag-naucalpan"],"_links":{"self":[{"href":"https:\/\/www.diarioimagen.net\/index.php?rest_route=\/wp\/v2\/posts\/557398","targetHints":{"allow":["GET"]}}],"collection":[{"href":"https:\/\/www.diarioimagen.net\/index.php?rest_route=\/wp\/v2\/posts"}],"about":[{"href":"https:\/\/www.diarioimagen.net\/index.php?rest_route=\/wp\/v2\/types\/post"}],"author":[{"embeddable":true,"href":"https:\/\/www.diarioimagen.net\/index.php?rest_route=\/wp\/v2\/users\/3"}],"replies":[{"embeddable":true,"href":"https:\/\/www.diarioimagen.net\/index.php?rest_route=%2Fwp%2Fv2%2Fcomments&post=557398"}],"version-history":[{"count":0,"href":"https:\/\/www.diarioimagen.net\/index.php?rest_route=\/wp\/v2\/posts\/557398\/revisions"}],"wp:featuredmedia":[{"embeddable":true,"href":"https:\/\/www.diarioimagen.net\/index.php?rest_route=\/wp\/v2\/media\/557509"}],"wp:attachment":[{"href":"https:\/\/www.diarioimagen.net\/index.php?rest_route=%2Fwp%2Fv2%2Fmedia&parent=557398"}],"wp:term":[{"taxonomy":"category","embeddable":true,"href":"https:\/\/www.diarioimagen.net\/index.php?rest_route=%2Fwp%2Fv2%2Fcategories&post=557398"},{"taxonomy":"post_tag","embeddable":true,"href":"https:\/\/www.diarioimagen.net\/index.php?rest_route=%2Fwp%2Fv2%2Ftags&post=557398"}],"curies":[{"name":"wp","href":"https:\/\/api.w.org\/{rel}","templated":true}]}}