{"id":557404,"date":"2022-08-23T00:01:51","date_gmt":"2022-08-23T05:01:51","guid":{"rendered":"https:\/\/www.diarioimagen.net\/?p=557404"},"modified":"2022-08-23T02:59:04","modified_gmt":"2022-08-23T07:59:04","slug":"el-suteym-trabaja-para-y-por-naucalpan-afirma-el-dirigente-tomas-palomares-parra","status":"publish","type":"post","link":"https:\/\/www.diarioimagen.net\/?p=557404","title":{"rendered":"El SUTEyM trabaja para y por Naucalpan, afirma el dirigente Tom\u00e1s Palomares\u00a0Parra"},"content":{"rendered":"<p>&nbsp;<\/p>\n<ul>\n<li><em><strong>Conmemoran D\u00eda del Servidor P\u00fablico Municipal<\/strong><\/em><\/li>\n<\/ul>\n<p><strong>\u00a0<\/strong><\/p>\n<h6>Arturo Baena<\/h6>\n<p>&nbsp;<\/p>\n<div id=\"attachment_557511\" style=\"width: 470px\" class=\"wp-caption aligncenter\"><img loading=\"lazy\" decoding=\"async\" aria-describedby=\"caption-attachment-557511\" class=\"size-full wp-image-557511\" src=\"https:\/\/www.diarioimagen.net\/wp-content\/uploads\/2022\/08\/suteym.jpg\" alt=\"\" width=\"460\" height=\"270\" \/><p id=\"caption-attachment-557511\" class=\"wp-caption-text\">El lider del SUTEyM-Nuacalpan, Tom\u00e1s Palomares Parra, reiter\u00f3 ante la alcaldesa Ang\u00e9lica Moya, el compromiso de trabajar como siempre lo han hecho por Naucalpan.<\/p><\/div>\n<p>&nbsp;<\/p>\n<p><strong>Naucalpan, Estado de M\u00e9xico.\u2014<\/strong> En el marco del D\u00eda del Servidor P\u00fablico Municipal y del Organismo de Agua (OAPAS), llevado a cabo en la Plaza Central del Parque Naucalli, Tom\u00e1s Palomares Parra reiter\u00f3 el compromiso de la organizaci\u00f3n sindical de trabajar como siempre lo han hecho por Naucalpan y los naucalpenses.<\/p>\n<p>Frente a la alcaldesa Ang\u00e9lica Moya Mar\u00edn; del diputado local, David Parra S\u00e1nchez; de regidores; de directores de gobierno y m\u00e1s de 2 mil trabajadores sindicalizados, Palomares Parra destac\u00f3 que siga dando curso a las denuncias en contra de los funcionarios de la administraci\u00f3n anterior para que la justicia los alcance y paguen por el da\u00f1o que han hecho a los naucalpenses y a la base laboral.<\/p>\n<p>El l\u00edder del gremio\u00a0tambi\u00e9n reconoci\u00f3 a la presidenta municipal, Ang\u00e9lica Moya Mar\u00edn, como una mujer de palabra, estratega pol\u00edtica y con la experiencia necesaria para sacar adelante a esta demarcaci\u00f3n de la mano de sus trabajadores. Palomares Parra subray\u00f3 de manera especial, las acciones que la alcaldesa Moya est\u00e1 tomando para que las cosas no queden impunes, y consider\u00f3 que son precisas y contundentes, tan es as\u00ed\u00a0 como fue la destituci\u00f3n del contralor municipal, porque estaba aletargado los procesos en contra de la ex alcaldesa, Patricia Dur\u00e1n y sus funcionarios.<\/p>\n<p>\u201cAplaudo esa decisi\u00f3n y eso me da la certeza de que cumplir\u00e1 \u00a0los compromisos con la base laboral. \u00a0Cuente con nosotros, porque el trabajador es institucional, \u00a0el trabajador es empleado del municipio\u201d, apunt\u00f3.<\/p>\n<p>Finalmente, la alaldesa Moya Mar\u00edn, dijo que \u201cno cabe duda que el trabajo que tenemos es el mejor y el m\u00e1s gratificante: si hay pandemia, nosotros estamos ah\u00ed; cuando hay tiempos dif\u00edciles, nosotros estamos ah\u00ed, esa es la realidad que vivimos todos los d\u00edas\u201d.<\/p>\n","protected":false},"excerpt":{"rendered":"<p>En el marco del D\u00eda del Servidor P\u00fablico Municipal y del Organismo de Agua (OAPAS), llevado a cabo en la Plaza Central del Parque Naucalli, Tom\u00e1s Palomares Parra reiter\u00f3 el compromiso de la organizaci\u00f3n sindical de trabajar como siempre lo han hecho por Naucalpan y los naucalpenses.<\/p>\n","protected":false},"author":3,"featured_media":557511,"comment_status":"open","ping_status":"open","sticky":false,"template":"","format":"standard","meta":{"_monsterinsights_skip_tracking":false,"_monsterinsights_sitenote_active":false,"_monsterinsights_sitenote_note":"","_monsterinsights_sitenote_category":0,"footnotes":""},"categories":[5],"tags":[43675,970,56429],"class_list":["post-557404","post","type-post","status-publish","format-standard","has-post-thumbnail","hentry","category-estado-de-mexico","tag-estado-de-mexico","tag-naucalpan","tag-tomas-palomares-parra"],"_links":{"self":[{"href":"https:\/\/www.diarioimagen.net\/index.php?rest_route=\/wp\/v2\/posts\/557404","targetHints":{"allow":["GET"]}}],"collection":[{"href":"https:\/\/www.diarioimagen.net\/index.php?rest_route=\/wp\/v2\/posts"}],"about":[{"href":"https:\/\/www.diarioimagen.net\/index.php?rest_route=\/wp\/v2\/types\/post"}],"author":[{"embeddable":true,"href":"https:\/\/www.diarioimagen.net\/index.php?rest_route=\/wp\/v2\/users\/3"}],"replies":[{"embeddable":true,"href":"https:\/\/www.diarioimagen.net\/index.php?rest_route=%2Fwp%2Fv2%2Fcomments&post=557404"}],"version-history":[{"count":0,"href":"https:\/\/www.diarioimagen.net\/index.php?rest_route=\/wp\/v2\/posts\/557404\/revisions"}],"wp:featuredmedia":[{"embeddable":true,"href":"https:\/\/www.diarioimagen.net\/index.php?rest_route=\/wp\/v2\/media\/557511"}],"wp:attachment":[{"href":"https:\/\/www.diarioimagen.net\/index.php?rest_route=%2Fwp%2Fv2%2Fmedia&parent=557404"}],"wp:term":[{"taxonomy":"category","embeddable":true,"href":"https:\/\/www.diarioimagen.net\/index.php?rest_route=%2Fwp%2Fv2%2Fcategories&post=557404"},{"taxonomy":"post_tag","embeddable":true,"href":"https:\/\/www.diarioimagen.net\/index.php?rest_route=%2Fwp%2Fv2%2Ftags&post=557404"}],"curies":[{"name":"wp","href":"https:\/\/api.w.org\/{rel}","templated":true}]}}