{"id":557435,"date":"2022-08-23T00:02:55","date_gmt":"2022-08-23T05:02:55","guid":{"rendered":"https:\/\/www.diarioimagen.net\/?p=557435"},"modified":"2022-08-23T01:35:34","modified_gmt":"2022-08-23T06:35:34","slug":"cada-vez-mas-aversion-de-sheinbaum-a-marcelo-ebrard","status":"publish","type":"post","link":"https:\/\/www.diarioimagen.net\/?p=557435","title":{"rendered":"Cada vez, m\u00e1s aversi\u00f3n de Sheinbaum a Marcelo Ebrard"},"content":{"rendered":"<h2>La Retaguardia<\/h2>\n<h5>Adriana Moreno Cordero<\/h5>\n<p>&nbsp;<\/p>\n<ul>\n<li><strong><em>Caso de rescate de mineros en Coahuila, relegado por Ayotzinapa<\/em><\/strong><\/li>\n<\/ul>\n<p>&nbsp;<\/p>\n<p>En una de sus ocurrencias, el presidente <strong>Andr\u00e9s Manuel L\u00f3pez Obrador<\/strong> mand\u00f3 llamar a sus queridas \u201ccorcholatas\u201d a Palacio Nacional y para la foto, el de Tepetit\u00e1n se coloc\u00f3 enfrente, as\u00ed como enviar el mensaje de que aunque cada vez le falta menos tiempo para finalizar su gesti\u00f3n, esta errada y llamada Cuarta Transformaci\u00f3n, todav\u00eda tiene el control y \u00e9l es quien concentra el poder.<\/p>\n<p>Como siempre, la jefa de Gobierno de la Ciudad de M\u00e9xico, <strong>Claudia Sheinbaum<\/strong>, le hizo al secretario de Relaciones, <strong>Marcelo Ebrard<\/strong>, la cara m\u00e1s larga que pudo, en se\u00f1al de disgusto de que todav\u00eda el canciller est\u00e1 imbuido en la carrera presidencial y gana, d\u00eda a d\u00eda, m\u00e1s adeptos; es m\u00e1s, se dice que el canciller es el candidato de los aspiracionistas. \u00bfSer\u00e1?<\/p>\n<p>Bueno, de qu\u00e9 tama\u00f1o ser\u00eda el enojo de la se\u00f1ora Sheinbaum, que sin importarle guardar la menor norma diplom\u00e1tica, le volte\u00f3 la cara al titular de la SRE, a quien por cierto, no le interesa en lo m\u00e1s m\u00ednimo la molestia de la flamante funcionaria capitalina.<\/p>\n<p>A lo mejor, la jefa del Gobierno de la CDMX supone que ya tiene suficientemente rebasado ni m\u00e1s ni menos que al flamante secretario de Gobernaci\u00f3n, <strong>Ad\u00e1n Augusto L\u00f3pez<\/strong>, quien pese a ser el \u201ccaballo negro\u201d de L\u00f3pez Obrador, va muy abajo en las encuestas con eso de que no conf\u00eda en nadie y menos si se trata de mujeres y se ve dif\u00edcil que pueda revertir tendencia, por eso hasta le sonri\u00f3 y le hizo la pl\u00e1tica \u201ctirando de a loco\u201d al canciller Ebrard.<\/p>\n<p>Pero lo m\u00e1s probable es que el enojo de Sheinbaum responda a que el titular de la SRE, va avanzando y bien, incluso por las \u201cex benditas redes sociales\u201d, mientras de la jefa de Gobierno viola una y otra vez la ley electoral y se placea por todo el pa\u00eds, b\u00e1sicamente en los estados a los que llegar\u00e1 a gobernar Morena, como fue el caso este fin de semana de Oaxaca, a donde estuvo acompa\u00f1ada todo el tiempo por el gobernador electo, <strong>Salom\u00f3n Jara<\/strong>, su esposa y hasta el mandatario estatal saliente, <strong>Alejandro Murat.<\/strong><\/p>\n<p>Pese a lo anterior, es un hecho que Claudia Sheinbaum no es conocida en el interior del pa\u00eds, por eso, apur\u00f3 el paso y de Oaxaca, se fue a Campeche, a donde fue recibida por la gobernadora Layda Sansores, que se la pasa en el \u201cshow\u201d.<\/p>\n<p>Bueno, ya tan metida est\u00e1 la funcionaria capitalina en su adelantada campa\u00f1a, que inform\u00f3 que contrat\u00f3 ni m\u00e1s ni menos que a <strong>Antonio Guti\u00e9rrez-Rub\u00ed<\/strong>, que para mayor referencia es el publicista que llev\u00f3 a Colombia al primer presidente de izquierda, <strong>Gustavo Petro<\/strong>.<\/p>\n<p>El caso es que estas tres \u201ccorcholatas\u201d fueron distinguidas con la invitaci\u00f3n presidencial a la reinauguraci\u00f3n del recinto parlamentario, otra convocatoria m\u00e1s, por cierto, a la que no fue requerido el presidente de la Junta de Coordinaci\u00f3n Pol\u00edtica del Senado de la Rep\u00fablica, <strong>Ricardo Monreal<\/strong>, quien ya se encuentra \u201cdeshojando la margarita\u201d que medir\u00e1 su permanencia en Morena, ante tanto desaire recibido por parte del tabasque\u00f1o, con todo y que el zacatecano se ha distinguido por manifestar su apoyo a las iniciativas presidenciales, sin embargo, ante la v\u00edscera presidencial, tal parece que nada funciona.<\/p>\n<p>Tambi\u00e9n estuvieron en dicho recinto, la presidenta de la Mesa Directiva de la C\u00e1mara alta, <strong>Olga S\u00e1nchez Cordero<\/strong>, en la cuenta regresiva para que deje ese cargo, que se tom\u00f3 \u201cselfies\u201d junto a todas las pinturas que visten el lugar, pero no solo eso, ah\u00ed estuvo ni m\u00e1s ni menos que la secretaria del Trabajo y Previsi\u00f3n Social, <strong>Luisa Mar\u00eda Alcalde<\/strong>, que no dijo \u201cni p\u00edo\u201d sobre el rescate de los 10 mineros del pozo de carb\u00f3n de Agujitas, en Coahuila.<\/p>\n<p>Aqu\u00ed hay que recordar cuando la flamante funcionaria, dijo que no se presentaba en el lugar de esta tragedia porque ella no era experta y a tres semanas de distancia, s\u00f3lo la Coordinadora Nacional de Protecci\u00f3n Civil, Laura Vel\u00e1zquez, ha tenido que sacar la cara para decir que especialistas internacionales han aprobado la estrategia que ha seguido esta errada y llamada cuarta transformaci\u00f3n para rescatar a dichos mineros.<\/p>\n<p>Sobre este mismo tema, hoy, algunos de los familiares de los mineros en Sabinas, Coahuila, empezaron a retirarse del campamento con una profunda tristeza al ver que este caso ha quedado relegado a un muy secundario lugar porque ahorita el inquilino de Palacio Nacional, se ha \u201ccolgado\u201d de otro expediente, el de los 43 estudiantes desaparecidos de la Normal de Ayotzinapa; la aprehensi\u00f3n del ex titular de la PGR, <strong>Jes\u00fas Murillo Karam<\/strong> y de la liberaci\u00f3n de <strong>Rosario Robles<\/strong>.<\/p>\n<p style=\"text-align: center;\"><strong>Municiones<\/strong><\/p>\n<p>*** El vicepresidente de la Mesa Directiva del Senado de la Rep\u00fablica, <strong>Jos\u00e9 Narro C\u00e9spedes<\/strong>, sigue buscando ocupar el lugar que dejar\u00e1 vacante <strong>Olga S\u00e1nchez Cordero<\/strong>. Tiene esperanzas de lograrlo, pues considera que es el candidato de un buen n\u00famero de senadores de Morena que pertenecen al ala de los duros en ese partido, sabedor que tiene frente a s\u00ed al senador <strong>Alejandro Armenta Mier<\/strong>, que ser\u00eda el candidato de los legisladores seguidores del presidente de la Junta de Coordinaci\u00f3n Pol\u00edtica de esa instancia legislativa, <strong>Ricardo Monreal<\/strong>. Dividida en dos, la bancada del partido oficial en la C\u00e1mara alta, Narro C\u00e9spedes ofreci\u00f3 una conferencia de prensa ayer en la que se\u00f1al\u00f3 que el expediente de los marinos desaparecidos en Acapulco, Guerrero, cuando \u00e9l visit\u00f3 el puerto, es una campa\u00f1a en su contra para que no alcance dicha posici\u00f3n. Aclar\u00f3 que en ning\u00fan momento \u00e9l solicit\u00f3 a la presidenta municipal de Acapulco, Adela Rom\u00e1n, que le diera escolta; que el veh\u00edculo en el que los marinos se transportaban no era de su propiedad y se puso a las \u00f3rdenes de las autoridades que investigan estos desafortunados hechos. Adem\u00e1s, el senador Narro inform\u00f3 que present\u00f3 un par de denuncias ante la Fiscal\u00eda General de Justicia de la Ciudad de M\u00e9xico y ante la propia FGR por la filtraci\u00f3n de informaci\u00f3n contenida en la carpeta de investigaci\u00f3n sobre la desaparici\u00f3n de dos marinos que supuestamente le fueron asignados para su protecci\u00f3n. Espec\u00edficamente, el legislador se\u00f1al\u00f3: \u201cNosotros nunca solicitamos a los marinos, que los marinos nunca estuvieron bajo nuestra responsabilidad y que el veh\u00edculo que ellos portaban, como inicialmente lo aseguraba el propio Secretario de Seguridad P\u00fablica de Acapulco, es un veh\u00edculo que nosotros nunca conocimos ni es de nuestra propiedad ni tenemos nada que ver con \u00e9l\u201d.<\/p>\n<p>*** Y como al presidente L\u00f3pez Obrador no le gusta que le digan sus verdades, ahora se dedica a atacar a legisladoras como la senadora panista <strong>Kenia L\u00f3pez Rabad\u00e1n<\/strong>, quien en su \u201cContrama\u00f1anera\u201d se\u00f1al\u00f3 que ante la ola de violencia que se registra en todo el pa\u00eds y la falta de estrategia para su combate y erradicaci\u00f3n, es evidente que el Gobierno federal le ha entregado el control al crimen organizado y cada d\u00eda es m\u00e1s claro que el Presidente prefiere mentir a solucionar los problemas\u201d. La verdad no peca, pero incomoda.<\/p>\n<p><u><a href=\"mailto:morcora@gmail.com\" target=\"_blank\" rel=\"noopener noreferrer\"><em>morcora@gmail.com<\/em><\/a><\/u><\/p>\n","protected":false},"excerpt":{"rendered":"<p><span style=\"color: #005497;\"><strong>Adriana Moreno Cordero<\/strong><\/span><\/p>\n","protected":false},"author":3,"featured_media":0,"comment_status":"open","ping_status":"open","sticky":false,"template":"","format":"standard","meta":{"_monsterinsights_skip_tracking":false,"_monsterinsights_sitenote_active":false,"_monsterinsights_sitenote_note":"","_monsterinsights_sitenote_category":0,"footnotes":""},"categories":[69370],"tags":[78468],"class_list":["post-557435","post","type-post","status-publish","format-standard","hentry","category-adriana-moreno-cordero","tag-la-retaguardia-adriana-moreno-cordero"],"_links":{"self":[{"href":"https:\/\/www.diarioimagen.net\/index.php?rest_route=\/wp\/v2\/posts\/557435","targetHints":{"allow":["GET"]}}],"collection":[{"href":"https:\/\/www.diarioimagen.net\/index.php?rest_route=\/wp\/v2\/posts"}],"about":[{"href":"https:\/\/www.diarioimagen.net\/index.php?rest_route=\/wp\/v2\/types\/post"}],"author":[{"embeddable":true,"href":"https:\/\/www.diarioimagen.net\/index.php?rest_route=\/wp\/v2\/users\/3"}],"replies":[{"embeddable":true,"href":"https:\/\/www.diarioimagen.net\/index.php?rest_route=%2Fwp%2Fv2%2Fcomments&post=557435"}],"version-history":[{"count":0,"href":"https:\/\/www.diarioimagen.net\/index.php?rest_route=\/wp\/v2\/posts\/557435\/revisions"}],"wp:attachment":[{"href":"https:\/\/www.diarioimagen.net\/index.php?rest_route=%2Fwp%2Fv2%2Fmedia&parent=557435"}],"wp:term":[{"taxonomy":"category","embeddable":true,"href":"https:\/\/www.diarioimagen.net\/index.php?rest_route=%2Fwp%2Fv2%2Fcategories&post=557435"},{"taxonomy":"post_tag","embeddable":true,"href":"https:\/\/www.diarioimagen.net\/index.php?rest_route=%2Fwp%2Fv2%2Ftags&post=557435"}],"curies":[{"name":"wp","href":"https:\/\/api.w.org\/{rel}","templated":true}]}}