{"id":557438,"date":"2022-08-23T00:04:37","date_gmt":"2022-08-23T05:04:37","guid":{"rendered":"https:\/\/www.diarioimagen.net\/?p=557438"},"modified":"2022-08-23T01:38:24","modified_gmt":"2022-08-23T06:38:24","slug":"verdad-historica-figura-juridica","status":"publish","type":"post","link":"https:\/\/www.diarioimagen.net\/?p=557438","title":{"rendered":"Verdad hist\u00f3rica, figura jur\u00eddica"},"content":{"rendered":"<h2>Desde el portal<\/h2>\n<h5>\u00c1ngel Soriano<\/h5>\n<p>&nbsp;<\/p>\n<p>Se maneja el t\u00e9rmino de verdad hist\u00f3rica como sin\u00f3nimo de complot, cuando en realidad es una figura pol\u00edtica para dar por concluida una investigaci\u00f3n sobre un hecho complejo en el que intervienen diversos factores que dificultan dar con el origen del mismo: es la conclusi\u00f3n cient\u00edfica de lo investigado.<\/p>\n<p>Sin embargo, hoy se maneja como si se tratara de un complot, cuesti\u00f3n que se realiza antes de la ejecuci\u00f3n del mismo hecho. Es decir, una reuni\u00f3n previa a la realizaci\u00f3n de un objetivo, de una celada o una emboscada para acabar con alguien o realizar una acci\u00f3n coordinada y sorpresiva, una acci\u00f3n concertada como fue el caso del malogrado candidato presidencial Luis Donaldo Colosio.<\/p>\n<p>En el caso de Ayotzinapa, supuestamente se agotaron las investigaciones jur\u00eddicas y cient\u00edficas para llegar a una conclusi\u00f3n: fueron los de Guerreros Unidos los que secuestraron e incineraron a los 43 j\u00f3venes normalistas con prop\u00f3sitos aviesos ordenados desde lo m\u00e1s alto del poder y en el que participaron jefes policiacos de diversas corporaciones.<\/p>\n<p>No hubo complot para determinar la verdad hist\u00f3rica. Fue el titular de la entonces PGR, Jes\u00fas Murillo Karam, a cargo de las investigaciones, que de esa manera lleg\u00f3 a la conclusi\u00f3n que diera a conocer en febrero de 2015 y que en t\u00e9rminos jur\u00eddicos se denomina Verdad Hist\u00f3rica. Una reuni\u00f3n previa al secuestro y ejecuci\u00f3n de los j\u00f3venes ser\u00eda un complot o una acci\u00f3n concertada.<\/p>\n<p style=\"text-align: center;\"><strong>TURBULENCIAS<br \/>\nAbigail, otro caso de abuso policiaco<\/strong><\/p>\n<p>\u00a0La muerte de la joven Abigail Hay Urrutia en el puerto de Salina Cruz, el pasado 19 de agosto, en los separos de la Polic\u00eda Municipal, ha causado indignaci\u00f3n general y se demanda justicia contra otro caso de abuso policiaco, los mismos que se cometen a lo largo y ancho del territorio nacional, para acabar con la impunidad y hacer prevalecer el Estado de derecho. La v\u00edctima fue detenida a petici\u00f3n de su esposo y extra\u00f1amente minutos despu\u00e9s apareci\u00f3 muerta en los separos policiacos. La Fiscal\u00eda ofreci\u00f3 investigar los hechos, pero se duda de su actuaci\u00f3n, pues nunca resuelve nada, en tanto se pide ya la renuncia del edil morenista Daniel M\u00e9ndez Sosa ante tantos atropellos de los polic\u00edas municipales\u2026Pese al visto bueno de peritos alemanes y estadunidenses a las labores de rescate de los 10 mineros en Sabinas, Coahuila, hubo otra filtraci\u00f3n de agua y ech\u00f3 abajo las maniobras de los rescatistas mexicanos complicando m\u00e1s la situaci\u00f3n. Llevan ya m\u00e1s de dos semanas las maniobras sin resultados positivos. Inexperiencia y acci\u00f3n de la naturaleza dificulta sacar con vida a los mineros\u2026El canciller Marcelo Ebrard se muestra entusiasmado con la llegada de los autos el\u00e9ctricos de manufactura boliviana a M\u00e9xico, en tanto que el presidente L\u00f3pez Obrador lamenta no haber adquirido m\u00e1s refiner\u00edas en los EU cuando estaban a bajo precio por la presunta llegada, en esos meses, de los autos el\u00e9ctricos. Hoy las cosas han cambiado: sigue el uso de la gasolina y el encarecimiento del petr\u00f3leo, en tanto se avanza en la puesta en marcha de nuevas tecnolog\u00edas\u2026 Desmiente la diputada Mariana Ben\u00edtez Tiburcio participaci\u00f3n en los hechos de Ayotzinapa e indic\u00f3 que en esos d\u00edas gozaba de licencia por el nacimiento de uno de sus hijos, en tanto que sus adversarios pol\u00edticos exhiben declaraciones de la entonces subprocuradora jur\u00eddica dando su versi\u00f3n de lo ocurrido la noche del 26 de septiembre en Iguala, Guerrero, e igual que Omar Garc\u00eda Harfuch, ser\u00e1 la Fiscal\u00eda la que determine la participaci\u00f3n o no de los funcionarios implicado en tan brutal acontecimiento.<\/p>\n<p><u><a href=\"mailto:asorianocarrasco@yahoo.com\" target=\"_blank\" rel=\"noopener noreferrer\"><em>asorianocarrasco@yahoo.com<\/em><\/a><br \/>\n<em><a href=\"https:\/\/revistabrecha.com\" target=\"_blank\" rel=\"noopener noreferrer\">www.revistabrecha.com<\/a><br \/>\n<\/em><\/u><em>facebook oficial <a href=\"https:\/\/es-la.facebook.com\/RevistaBrecha.Oficial\" target=\"_blank\" rel=\"noopener\">@BrechaRevista<\/a><\/em><\/p>\n","protected":false},"excerpt":{"rendered":"<p><span style=\"color: #005497;\"><strong>\u00c1ngel Soriano<\/strong><\/span><\/p>\n","protected":false},"author":3,"featured_media":0,"comment_status":"open","ping_status":"open","sticky":false,"template":"","format":"standard","meta":{"_monsterinsights_skip_tracking":false,"_monsterinsights_sitenote_active":false,"_monsterinsights_sitenote_note":"","_monsterinsights_sitenote_category":0,"footnotes":""},"categories":[135],"tags":[85,86,43674],"class_list":["post-557438","post","type-post","status-publish","format-standard","hentry","category-angel-soriano-opinion","tag-angel-soriano","tag-desde-el-portal","tag-opinion"],"_links":{"self":[{"href":"https:\/\/www.diarioimagen.net\/index.php?rest_route=\/wp\/v2\/posts\/557438","targetHints":{"allow":["GET"]}}],"collection":[{"href":"https:\/\/www.diarioimagen.net\/index.php?rest_route=\/wp\/v2\/posts"}],"about":[{"href":"https:\/\/www.diarioimagen.net\/index.php?rest_route=\/wp\/v2\/types\/post"}],"author":[{"embeddable":true,"href":"https:\/\/www.diarioimagen.net\/index.php?rest_route=\/wp\/v2\/users\/3"}],"replies":[{"embeddable":true,"href":"https:\/\/www.diarioimagen.net\/index.php?rest_route=%2Fwp%2Fv2%2Fcomments&post=557438"}],"version-history":[{"count":0,"href":"https:\/\/www.diarioimagen.net\/index.php?rest_route=\/wp\/v2\/posts\/557438\/revisions"}],"wp:attachment":[{"href":"https:\/\/www.diarioimagen.net\/index.php?rest_route=%2Fwp%2Fv2%2Fmedia&parent=557438"}],"wp:term":[{"taxonomy":"category","embeddable":true,"href":"https:\/\/www.diarioimagen.net\/index.php?rest_route=%2Fwp%2Fv2%2Fcategories&post=557438"},{"taxonomy":"post_tag","embeddable":true,"href":"https:\/\/www.diarioimagen.net\/index.php?rest_route=%2Fwp%2Fv2%2Ftags&post=557438"}],"curies":[{"name":"wp","href":"https:\/\/api.w.org\/{rel}","templated":true}]}}