{"id":557442,"date":"2022-08-23T00:08:26","date_gmt":"2022-08-23T05:08:26","guid":{"rendered":"https:\/\/www.diarioimagen.net\/?p=557442"},"modified":"2022-08-23T01:47:23","modified_gmt":"2022-08-23T06:47:23","slug":"precandidatos-y-pasarelas","status":"publish","type":"post","link":"https:\/\/www.diarioimagen.net\/?p=557442","title":{"rendered":"Precandidatos y pasarelas"},"content":{"rendered":"<h2>Punto por punto<\/h2>\n<h5>Augusto Corro<\/h5>\n<p>&nbsp;<\/p>\n<p>Las \u201ccorcholatas\u201d o precandidatos presidenciales de Morena intensificaron sus campa\u00f1as pol\u00edticas. Para empezar, los aspirantes asisten a cuanto acto pol\u00edtico son invitados. Adem\u00e1s, no pierden la oportunidad de exponer sus logros peque\u00f1os o grandes que obtienen para beneficio de la comunidad, amparados en los cargos que desempe\u00f1an. As\u00ed, juntos o separados los \u201cdestapados\u201d van a todas las pasarelas.<\/p>\n<p>Se supon\u00eda que los actos de proselitismo rumbo a las presidenciales de 2024 iban a estar controlados por el Instituto Nacional Electoral (INE); pero vemos que no es as\u00ed, las \u201ccorcholatas\u201d viajan, asisten a cuanto acto les invitan en los estados y, en fin, poco o nada les importa confirmar que el dinero y el tiempo que gastan en sus campa\u00f1as son actividades ilegales.<\/p>\n<p>Quiz\u00e1s en el sentido econ\u00f3mico, los aspirantes no realicen todav\u00eda una cuantiosa inversi\u00f3n para sus campa\u00f1as, pero si es de llamar la atenci\u00f3n, que en la responsabilidad del cargo que les encomendaron, s\u00ed se puede decir que no lo hacen al cien por ciento. Por ejemplo, la \u201ccorcholata\u201d Claudia Sheinbaum, jefe del Gobierno de la Ciudad de M\u00e9xico (CDMX), \u00bfc\u00f3mo puede escaparse los fines de semana para promover su candidatura?\u201d<\/p>\n<p>Para gobernar la CDMX se requiere de una atenci\u00f3n de tiempo completo. Son miles de problemas que se viven en una ciudad de millones de habitantes, que deben ser atendidos r\u00e1pido, de otra manera, estallan en las manos y su soluci\u00f3n se complica. \u00bfNo ser\u00eda mejor que Claudia Sheinbaum dejar\u00e1 el cargo para dedicarse de lleno a promover su candidatura?<\/p>\n<p>La otra \u201ccorcholata\u201d, Marcelo Ebrard, secretario de Relaciones Exteriores (SRE) tambi\u00e9n aprovecha cuanta oportunidad se le ofrece para hacerse propaganda. Ser titular de la SRE no es cualquier responsabilidad. \u00bfEste aspirante tiene tiempo para checar que su dependencia funciona a la perfecci\u00f3n? \u00bfA qui\u00e9n le informa que su trabajo es \u00f3ptimo y que cuenta con el tiempo suficiente para participar en la campa\u00f1a pol\u00edtica?<\/p>\n<p>Y la tercera \u201ccorcholata\u201d, Ad\u00e1n Augusto L\u00f3pez, secretario de Gobernaci\u00f3n, \u00bftiene la capacidad probada de desempe\u00f1arse en una dependencia tan compleja que requiere atenci\u00f3n casi las 24 horas del d\u00eda? \u00bfC\u00f3mo le hace el funcionario tabasque\u00f1o para resolver tantos conflictos que a diario le llevan a su oficina? \u00bfQui\u00e9n califica su trabajo?<\/p>\n<p>Sin duda, las tres \u201ccorcholatas\u201d tienen la autorizaci\u00f3n de su jefe para dedicarse a buscar votos. Solo que ese inter\u00e9s no debe afectar el presupuesto oficial, ni hacer campa\u00f1as en horas de trabajo. Sin embargo, debemos tomar en cuenta que vivimos en M\u00e9xico, en el que las cosas no cambian y, como se ve, no cambiar\u00e1n.<\/p>\n<p>Por cierto, el pr\u00f3ximo fin de semana, se efectuar\u00e1 la plenaria de los diputados federales del partido Movimiento de Regeneraci\u00f3n Nacional (Morena) y fueron invitados a la reuni\u00f3n los aspirantes presidenciales Claudia Sheinbaum, Marcelo Ebrard y Ad\u00e1n Augusto L\u00f3pez. Las tres \u201ccorcholatas\u201d tendr\u00e1n una pasarela importante para lucirse.<\/p>\n<p>\u00bfUsted qu\u00e9 opina amable lector?<\/p>\n<p><em><a href=\"mailto:aco2742@hotmail.com\" target=\"_blank\" rel=\"noopener noreferrer\">aco2742@hotmail.com<\/a><\/em><\/p>\n","protected":false},"excerpt":{"rendered":"<p><span style=\"color: #005497;\"><strong>Augusto Corro<\/strong><\/span><\/p>\n","protected":false},"author":3,"featured_media":0,"comment_status":"open","ping_status":"open","sticky":false,"template":"","format":"standard","meta":{"_monsterinsights_skip_tracking":false,"_monsterinsights_sitenote_active":false,"_monsterinsights_sitenote_note":"","_monsterinsights_sitenote_category":0,"footnotes":""},"categories":[157],"tags":[43686,43674,11515],"class_list":["post-557442","post","type-post","status-publish","format-standard","hentry","category-augusto-corro","tag-augusto-corro","tag-opinion","tag-punto-por-punto"],"_links":{"self":[{"href":"https:\/\/www.diarioimagen.net\/index.php?rest_route=\/wp\/v2\/posts\/557442","targetHints":{"allow":["GET"]}}],"collection":[{"href":"https:\/\/www.diarioimagen.net\/index.php?rest_route=\/wp\/v2\/posts"}],"about":[{"href":"https:\/\/www.diarioimagen.net\/index.php?rest_route=\/wp\/v2\/types\/post"}],"author":[{"embeddable":true,"href":"https:\/\/www.diarioimagen.net\/index.php?rest_route=\/wp\/v2\/users\/3"}],"replies":[{"embeddable":true,"href":"https:\/\/www.diarioimagen.net\/index.php?rest_route=%2Fwp%2Fv2%2Fcomments&post=557442"}],"version-history":[{"count":0,"href":"https:\/\/www.diarioimagen.net\/index.php?rest_route=\/wp\/v2\/posts\/557442\/revisions"}],"wp:attachment":[{"href":"https:\/\/www.diarioimagen.net\/index.php?rest_route=%2Fwp%2Fv2%2Fmedia&parent=557442"}],"wp:term":[{"taxonomy":"category","embeddable":true,"href":"https:\/\/www.diarioimagen.net\/index.php?rest_route=%2Fwp%2Fv2%2Fcategories&post=557442"},{"taxonomy":"post_tag","embeddable":true,"href":"https:\/\/www.diarioimagen.net\/index.php?rest_route=%2Fwp%2Fv2%2Ftags&post=557442"}],"curies":[{"name":"wp","href":"https:\/\/api.w.org\/{rel}","templated":true}]}}