{"id":557468,"date":"2022-08-23T00:10:18","date_gmt":"2022-08-23T05:10:18","guid":{"rendered":"https:\/\/www.diarioimagen.net\/?p=557468"},"modified":"2022-08-23T02:20:17","modified_gmt":"2022-08-23T07:20:17","slug":"justicia-desigual-y-chipotuda","status":"publish","type":"post","link":"https:\/\/www.diarioimagen.net\/?p=557468","title":{"rendered":"Justicia desigual y chipotuda"},"content":{"rendered":"<h2>Triple Erre<\/h2>\n<h5>Francisco Reynoso<\/h5>\n<p><strong>\u00a0<\/strong><\/p>\n<p>Nunca en M\u00e9xico la justicia ha sido pronta y expedita. De ah\u00ed que Benito Ju\u00e1rez acu\u00f1ara esa frase de \u201cA los amigos, justicia y gracia, a los enemigos, la ley a secas\u201d, cuya vigencia hace d\u00edas acept\u00f3 el presidente L\u00f3pez Obrador.<\/p>\n<p>En la cuatrot\u00e9, cualquiera que sea el asunto, no hay piso parejo ni leyes que valgan.<\/p>\n<p>De ah\u00ed esa frase que acu\u00f1\u00f3 L\u00f3pez Obrador y que lo pinta de cuerpo entero: \u201cNo me salgan con el cuento de que la ley es la ley\u201d. Su complemento id\u00f3neo: \u201cAl diablo las instituciones\u201d.<\/p>\n<p>Por el caso Ayotzinapa entr\u00f3 a la c\u00e1rcel Jes\u00fas Murillo Karam, quien se desempe\u00f1\u00f3 como procurador general de la Rep\u00fablica en el sexenio de Enrique Pe\u00f1a Nieto.<\/p>\n<p>La Fiscal\u00eda de Alejandro Gertz lo acusa de desaparici\u00f3n forzada \u2014de los 43 estudiantes\u2014, de torturar a diferentes personas para poder construir la \u201cverdad hist\u00f3rica\u201d y de obstrucci\u00f3n a la administraci\u00f3n de justicia.<\/p>\n<p>La Comisi\u00f3n de la Verdad que encabeza el subsecretario de Gobernaci\u00f3n, Alejandro Encinas, construy\u00f3 su propia \u201cverdad hist\u00f3rica\u201d y en \u00e9sta encontr\u00f3 que Jes\u00fas Murillo tuvo responsabilidad directa en la desaparici\u00f3n y muerte de los estudiantes normalistas de Ayotzinapa.<\/p>\n<p>En la ma\u00f1anera del lunes, L\u00f3pez Obrador se apresur\u00f3 a decir que contra Enrique Pe\u00f1a Nieto no hay nada. Se le menciona en las conclusiones de la Comisi\u00f3n de la Verdad, pero no hay orden de aprehensi\u00f3n en su contra.<\/p>\n<p>Con el copetes no se metan. Es un hombre decente y derecho, le falt\u00f3 decir al caudillo L\u00f3pez<\/p>\n<p style=\"text-align: center;\"><strong>Zedillo y C\u00f3rdoba, en lista de espera<\/strong><\/p>\n<p>A principios de julio, la Fiscal\u00eda General de la Rep\u00fablica reabri\u00f3 el caso Colosio, a 28 a\u00f1os del asesinato del candidato presidencial del PRI en Lomas Taurinas, Tijuana.<\/p>\n<p>Enamorado de las verdades hist\u00f3ricas, el presidente L\u00f3pez ofreci\u00f3 protecci\u00f3n a Mario Aburto Mart\u00ednez, quien purga una condena de 45 a\u00f1os de c\u00e1rcel como autor material del magnicidio.<\/p>\n<p>Imaginemos que show medi\u00e1tico espectacular ser\u00eda que la cuatrot\u00e9 sentara en el banquillo de los acusados, como autores intelectuales del asesinato de Luis Donaldo Colosio Murrieta a Ra\u00fal Salinas de Gortari, Jos\u00e9 C\u00f3rdoba Montoya y a Ernesto Zedillo.<\/p>\n<p>L\u00f3pez Obrador se ir\u00eda a las nubes en popularidad.<\/p>\n<p>Obviamente la \u00fanica prueba contundente para llamar a comparecer a figuras de la \u00e9lite pol\u00edtica del PRI de aquel entonces ser\u00eda, como en el caso de Ayotzinapa y la detenci\u00f3n de Murillo Karam, un testigo protegido.<\/p>\n<p style=\"text-align: center;\"><strong>Ni qui\u00e9n se acuerde de la L\u00ednea 12<\/strong><\/p>\n<p>Y en medio de este fandango de justicia tard\u00eda, la gente pierde de vista asuntos tambi\u00e9n de mucha importancia.<\/p>\n<p>La ca\u00edda de un tramo de la L\u00ednea 12 de Metro en la que murieron 26 personas y m\u00e1s de 100 sufrieron heridas graves no tiene culpables.<\/p>\n<p>Por supuesto, la \u201ccorcholata\u201d presidencia Claudia Sheinbaum est\u00e1 totalmente excluida de toda responsabilidad.<\/p>\n<p>\u00bfY Marcelo Ebrard? No, no, tampoco.<\/p>\n<p>La justicia debe buscar a otros culpables que no abollen la corona de L\u00f3pez Obrador.<\/p>\n<p>Quiz\u00e1 si dentro de 20 a\u00f1os se crea una comisi\u00f3n de la verdad Sheinbaum y Ebrard ya no sean intocables.<\/p>\n<p>La sociedad tambi\u00e9n pregunta si deber\u00e1 esperar un cuarto de siglo para saber si el fiscal Alejandro Gertz le fabric\u00f3 delitos a su familia pol\u00edtica y hacer pagar a su cu\u00f1ada y sobrina por la muerte de su hermano, que ni herencia le dej\u00f3.<\/p>\n<p>Y pedir\u00eda conocer la procedencia de los recursos con los que el honest\u00edsimo fiscal compr\u00f3 varios pisos en Espa\u00f1a, concretamente en Ibiza y Madrid.<\/p>\n<p>Querr\u00e1n saber los mexicanos si Alejandro Gertz es un pillo de siete suelas, como afirma Julio Scherer. O si, por el contrario, el ex consejero jur\u00eddico de L\u00f3pez Obrador utiliz\u00f3 su cargo en Palacio Nacional para extorsionar a empresarios machuchones, entre ellos al abogado Juan Collado.<\/p>\n<p style=\"text-align: center;\"><strong>Justicia ciega, sorda, coja y tarada<\/strong><\/p>\n<p>La justicia, empero, tiene sus prioridades en la Cuarta Transformaci\u00f3n.<\/p>\n<p>Una de ellas fue escarmentar a Rosario Robles como cerebro diab\u00f3lico de la \u201cestafa maestra\u201d.<\/p>\n<p>La ex secretaria de Desarrollo Social y de Desarrollo Urbano en el sexenio de Pe\u00f1a Nieto sali\u00f3 del reclusorio despu\u00e9s de tres a\u00f1os. Se defender\u00e1 desde su casa, porque su proceso sigue.<\/p>\n<p>En la \u201cestafa maestra\u201d hubo decenas de presuntos implicados, porque 7 mil 600 millones de pesos alcanzaron para embarrarle las manos a mucha gente.<\/p>\n<p>En las carpetas de investigaci\u00f3n aparece, como uno de los involucrados, Emilio Lozoya, ex director de Pemex.<\/p>\n<p>Pero Emilito es testigo colaborador del fiscal Gertz y, si promete ya no comer pato, pronto lo dejar\u00e1n volver a su casa.<\/p>\n<p>Otros que estar\u00edan metidos en el ajo son el rector de la Universidad Tecnol\u00f3gica de Tabasco, Fernando Calzada Falc\u00f3n, y tres rectores de la Universidad Popular de la Chontalpa: V\u00edctor Z\u00e1rate, Jos\u00e9 Luis Hern\u00e1ndez y Pedro Mu\u00f1oz Vergara, todos ellos buenos amigos de la familia L\u00f3pez.<\/p>\n<p>A muchos de ellos, igual que a otros, nadie los ha molestado.<\/p>\n<p>Faltan muchos a\u00f1os para que se forme una comisi\u00f3n de la verdad con testigos protegidos y chivos expiatorios.<\/p>\n<p>Quiz\u00e1 en 2050, cuando tambi\u00e9n se constituya una comisi\u00f3n para la verdad del caso P\u00edo L\u00f3pez, pueda aclararse la \u201cestafa maestra\u201d.<\/p>\n<p>As\u00ed se las gasta la cuatrot\u00e9 con la justicia ciega, sorda, coja y media tarada.<\/p>\n<p>&nbsp;<\/p>\n<blockquote>\n<p style=\"text-align: right;\"><em><strong>La verdad es la verdad<br \/>\ny no admite otros datos<\/strong><\/em><\/p>\n<\/blockquote>\n<p>&nbsp;<\/p>\n<p><a href=\"mailto:donrunrun@yahoo.es\" target=\"_blank\" rel=\"noopener\"><em>donrunrun@yahoo.es<\/em><\/a><\/p>\n","protected":false},"excerpt":{"rendered":"<p><span style=\"color: #005497;\"><strong>Francisco Reynoso<\/strong><\/span><\/p>\n","protected":false},"author":3,"featured_media":0,"comment_status":"open","ping_status":"open","sticky":false,"template":"","format":"standard","meta":{"_monsterinsights_skip_tracking":false,"_monsterinsights_sitenote_active":false,"_monsterinsights_sitenote_note":"","_monsterinsights_sitenote_category":0,"footnotes":""},"categories":[94855],"tags":[94857,43674,94856],"class_list":["post-557468","post","type-post","status-publish","format-standard","hentry","category-francisco-reynoso","tag-francisco-reynoso","tag-opinion","tag-triple-erre"],"_links":{"self":[{"href":"https:\/\/www.diarioimagen.net\/index.php?rest_route=\/wp\/v2\/posts\/557468","targetHints":{"allow":["GET"]}}],"collection":[{"href":"https:\/\/www.diarioimagen.net\/index.php?rest_route=\/wp\/v2\/posts"}],"about":[{"href":"https:\/\/www.diarioimagen.net\/index.php?rest_route=\/wp\/v2\/types\/post"}],"author":[{"embeddable":true,"href":"https:\/\/www.diarioimagen.net\/index.php?rest_route=\/wp\/v2\/users\/3"}],"replies":[{"embeddable":true,"href":"https:\/\/www.diarioimagen.net\/index.php?rest_route=%2Fwp%2Fv2%2Fcomments&post=557468"}],"version-history":[{"count":0,"href":"https:\/\/www.diarioimagen.net\/index.php?rest_route=\/wp\/v2\/posts\/557468\/revisions"}],"wp:attachment":[{"href":"https:\/\/www.diarioimagen.net\/index.php?rest_route=%2Fwp%2Fv2%2Fmedia&parent=557468"}],"wp:term":[{"taxonomy":"category","embeddable":true,"href":"https:\/\/www.diarioimagen.net\/index.php?rest_route=%2Fwp%2Fv2%2Fcategories&post=557468"},{"taxonomy":"post_tag","embeddable":true,"href":"https:\/\/www.diarioimagen.net\/index.php?rest_route=%2Fwp%2Fv2%2Ftags&post=557468"}],"curies":[{"name":"wp","href":"https:\/\/api.w.org\/{rel}","templated":true}]}}