{"id":557470,"date":"2022-08-23T00:07:20","date_gmt":"2022-08-23T05:07:20","guid":{"rendered":"https:\/\/www.diarioimagen.net\/?p=557470"},"modified":"2022-08-23T02:21:48","modified_gmt":"2022-08-23T07:21:48","slug":"acusaciones-por-el-caso-ayotzinapa-repercuten-en-la-sucesion-presidencial","status":"publish","type":"post","link":"https:\/\/www.diarioimagen.net\/?p=557470","title":{"rendered":"Acusaciones por el caso Ayotzinapa repercuten en la sucesi\u00f3n presidencial"},"content":{"rendered":"<h2>Clase Pol\u00edtica<\/h2>\n<h5>Miguel \u00c1ngel Rivera<strong>\u00a0<\/strong><\/h5>\n<p>&nbsp;<\/p>\n<p>La consignaci\u00f3n del ex procurador General de la Rep\u00fablica, Jes\u00fas Murillo Karam, y de ochenta personas m\u00e1s \u2014destacadamente una veintena de oficiales y soldados del Ej\u00e9rcito Nacional\u2014 por el terrible caso de la desaparici\u00f3n de 43 normalistas de Ayotzinapa, adem\u00e1s de implicar un gran esfuerzo para comprobar culpabilidades, podr\u00eda significar un serio rev\u00e9s para el gobierno del presidente Andr\u00e9s Manuel L\u00f3pez Obrador en su prop\u00f3sito de militarizar la Guardia Nacional y mantener a las fuerzas armadas a cargo de las labores de polic\u00eda.<\/p>\n<p>Primero lo primero: La tarea central de la llamada Cuarta Transformaci\u00f3n y de la \u201caut\u00f3noma\u201d Fiscal\u00eda General de la Rep\u00fablica (FGR) consiste en comprobar que hubo una conjura de funcionarios de todos los niveles de gobierno para ocultar o presentar modificada la realidad de lo ocurrido la tr\u00e1gica noche del 26 al 27 de septiembre de 2014 en Iguala y otros poblados cercanos, cuando fueron secuestrados y desaparecidos 43 alumnos de la Normal Rural de Ayotzinapa.<\/p>\n<p>Lo primero que ha pregonado la llamada Cuarta Transformaci\u00f3n, a partir de un informe de la Comisi\u00f3n de la Verdad, presidida por el subsecretario de Gobernaci\u00f3n Alejandro Encinas, es la demolici\u00f3n de la llamada \u201cverdad hist\u00f3rica\u201d que consiste b\u00e1sicamente en la presunci\u00f3n de que los normalistas fueron detenidos por polic\u00edas corruptos y entregados a una banda de delincuentes conocida como Guerreros Unidos, que ejecutaron a los j\u00f3venes e incineraron sus cad\u00e1veres.<\/p>\n<p>Los padres de los desaparecidos y sus asesores jur\u00eddicos desde un principio sostuvieron que hubo otras autoridades involucradas, principalmente militares, por lo cual han sostenido siempre que fue un crimen de Estado.<\/p>\n<p>La entonces oposici\u00f3n y ahora gobierno hizo suya la protesta, sobre todo cuando el Grupo Interdisciplinario de Expertos Independientes (GIEI), contratado para dar veracidad a las investigaciones, en vez de eso descalific\u00f3 la \u201cverdad hist\u00f3rica\u201d y dio cabida a las versiones de militares implicados.<\/p>\n<p>Tales descalificaciones fueron retomadas y validadas por el informe de la Comisi\u00f3n de la Verdad que sirve de base para las consignaciones decididas por la FGR, lo que hasta ahora se desconoce es la nueva versi\u00f3n de c\u00f3mo se supone que ocurrieron los graves acontecimientos de esa aciaga noche.<\/p>\n<p style=\"text-align: center;\"><strong>Los presuntos confabulados niegan su participaci\u00f3n<\/strong><\/p>\n<p>El problema para la FGR y, en general, para toda la llamada Cuarta Transformaci\u00f3n es demostrar que esos rumores son ciertos y presentar ante los jueces las evidencias de que hubo ese \u201ccompl\u00f3\u201d.<\/p>\n<p>No se trata de una tarea f\u00e1cil. De hecho, adem\u00e1s de Murillo Karam, dos de los supuestos participantes en la reuni\u00f3n para consolidar la llamada \u201cverdad hist\u00f3rica\u201d han declarado que no hubo tal encuentro.<\/p>\n<p>Uno de los presuntos implicados, el ex gobernador de Guerrero, \u00c1ngel Aguirre Rivero,\u00a0neg\u00f3 su participaci\u00f3n en una supuesta reuni\u00f3n en Iguala para construir la \u201cverdad hist\u00f3rica\u201d, como acus\u00f3 la Fiscal\u00eda General de la Rep\u00fablica (FGR) durante la primera audiencia del detenido ex procurador Jes\u00fas Murillo Karam.<\/p>\n<p>Aguirre Rivero, quien dej\u00f3 el gobierno de Guerrero a ra\u00edz de los acontecimientos en Iguala, revel\u00f3 inclusive estar en Acapulco y dirigirse \u00a0a \u201cmi querido Ometepec\u201d, pues asegur\u00f3 que no se va a esconder, ni mucho menos.<\/p>\n<p>\u201cLa vida me ha ense\u00f1ado que en los momentos m\u00e1s dif\u00edciles es cuando m\u00e1s debemos de mostrar el temple y el car\u00e1cter\u201d, dijo el ex gobernador en un comunicado.<\/p>\n<p>Para ser postulado para las elecciones de 2011, Aguirre Rivero renunci\u00f3 al PRI, que postul\u00f3 a su primo Manuel A\u00f1orve y recibi\u00f3 el respaldo de una coalici\u00f3n en la que participaron los partido Convergencia (ahora MC), el PT y el PRD, el antecedente directo del Movimiento Regeneraci\u00f3n Nacional (Morena), pero nunca ha sido considerado plenamente afiliado a\u00a0la llamada Cuarta Transformaci\u00f3n.<\/p>\n<p>Por esos antecedentes, lo que diga o haga Aguirre Rivero no tiene mayor repercusi\u00f3n en las filas del partido oficial o del gobierno federal.<\/p>\n<p>En cambio, el otro personaje involucrado en la supuesta conspiraci\u00f3n para cimentar la mencionada \u201cverdad hist\u00f3rica\u201d, el actual secretario de Seguridad P\u00fablica del gobierno de la Ciudad de M\u00e9xico, Omar Garc\u00eda Harfuch, tiene un peso considerable dentro de la llamada Cuarta Transformaci\u00f3n, por el trabajo realizado que beneficia a una de las \u201ccorcholatas\u201d del presidente L\u00f3pez Obrador, la jefa de Gobierno capitalino, Claudia Sheinbaum Pardo.<\/p>\n<p>Es decir, las acusaciones y eventual consignaci\u00f3n de Garc\u00eda Harfuch repercutir\u00eda en la lucha dentro de las filas de Morena y asociados para decidir qui\u00e9nes ser\u00e1n sus candidatos para las elecciones presidenciales de 2024 y para el gobierno de la capital del pa\u00eds, pues el actual secretario de Seguridad es mencionado con insistencia para sustituir a su jefa en el llamado Palacio del Ayuntamiento.<\/p>\n<p>\u201cRechazo la versi\u00f3n absurda de haber participado en una reuni\u00f3n para fraguar la verdad hist\u00f3rica; ojal\u00e1 quienes llevan las investigaciones detengan a quien hizo da\u00f1o a los j\u00f3venes en lugar de arruinar vidas y reputaciones de los que s\u00ed hacemos algo por nuestro pa\u00eds todos los d\u00edas\u201d, declar\u00f3 Garc\u00eda Harfuch, con lo cual invalida la hip\u00f3tesis de la Comisi\u00f3n de la Verdad y de la FGR, en el sentido de que hubo un \u201ccompl\u00f3\u201d para dar por v\u00e1lida la conclusi\u00f3n a la que lleg\u00f3 la PGR durante el mandato de Murillo Karam.<\/p>\n<p>Por si hiciera falta, el desmentido del secretario capitalino de Seguridad recibi\u00f3 el inmediato respaldo de su jefa, Claudia Sheinbaum, a quien muchos dan por segura candidata presidencial, por las manifestaciones favorables de parte del presidente L\u00f3pez Obrador, quien ser\u00e1 el encargado de \u201cdestapar\u201d a la \u201ccorcholata\u201d que ser\u00e1 elevada a lo m\u00e1s alto del gobierno federal.<\/p>\n<p>Sheinbaum declar\u00f3 que Garc\u00eda Harfuch seguir\u00e1 al frente de la Secretar\u00eda de Seguridad Ciudadana a pesar de que su nombre fuera vinculado al caso Ayotzinapa, pues en la capital del pa\u00eds \u201cha desempe\u00f1ado un papel sumamente importante\u201d.<\/p>\n<p style=\"text-align: center;\"><strong>\u201cReligi\u00f3n y fueros\u201d, el grito que se vuelve a escuchar<\/strong><\/p>\n<p>Si involucrar a Garc\u00eda Harfuch para validar la llamada \u201cverdad hist\u00f3rica\u201d resulta muy dif\u00edcil, m\u00e1s lo ser\u00e1 comprobar y lograr que un juez declare culpables a militares que presumiblemente protegieron a los delincuentes que secuestraron y desaparecieron a los normalistas o que no hicieron nada para evitar esa tragedia.<\/p>\n<p>El pasado jueves, la FGR inform\u00f3 que el Juez Segundo de Procesos Penales Federales en el Estado de M\u00e9xico, con sede en Toluca, concedi\u00f3 83 \u00f3rdenes de aprehensi\u00f3n en contra de autoridades, funcionarios y polic\u00edas, de los tres \u00f3rdenes de Gobierno, as\u00ed como de integrantes de grupos del crimen organizado.<\/p>\n<p>En lo que respecta a los militares, sus eventuales juicios ser\u00e1n conforme al fuero com\u00fan, como si se tratara de civiles y no por el fuero militar.<\/p>\n<p>Aqu\u00ed viene otro problema, por la situaci\u00f3n especial en que se encuentran muchos militares que al mismo tiempo desempe\u00f1an labores de polic\u00edas.<\/p>\n<p>Ese dilema ya fue expuesto por uno de los historiadores preferidos de\u00a0la llamada Cuarta Transformaci\u00f3n, Pedro Salmer\u00f3n, quien perdi\u00f3 el cargo de embajador en Panam\u00e1 por acusaciones de acoso sexual, pero que conserva un amplio reconocimiento por su trabajo acad\u00e9mico.<\/p>\n<p>El martes 15 de diciembre de 2015, cuando ya se especulaba acerca de acciones ilegales o de omisiones por parte de elementos de las fuerzas armadas que facilitaron el secuestro y desaparici\u00f3n de los normalistas, Salmer\u00f3n public\u00f3 en el diario\u00a0<strong><em>La Jornada\u00a0<\/em><\/strong>un art\u00edculo acerca de la resistencia en las filas militares para que sus elementos fueran juzgados por su participaci\u00f3n o inacci\u00f3n en la tragedia de Iguala.<\/p>\n<p>Salmer\u00f3n dio cuenta de que el entonces secretario de la Defensa, general Salvador Cienfuegos Zepeda, se opuso tajantemente a que el grupo de expertos de la CIDH interrogara a los soldados del 27 Batall\u00f3n de infanter\u00eda sobre la desaparici\u00f3n de los 43 normalistas.<\/p>\n<p>\u201cNo tienen por qu\u00e9 declarar los soldados. Primero, porque no hay un se\u00f1alamiento claro de alg\u00fan involucramiento\u201d en contra de ninguno (\u00bf\u00a1!?). Y a\u00f1adi\u00f3: No \u201cpuedo permitir que interroguen a mis soldados\u201d.<\/p>\n<p>\u201c\u00c9l lo dice, cosa juzgada\u201d, sentenci\u00f3 Salmer\u00f3n.<\/p>\n<p><em><a href=\"mailto:riparcangel@hotmail.com\" target=\"_blank\" rel=\"noopener noreferrer\">riparcangel@hotmail.com<\/a><\/em><\/p>\n","protected":false},"excerpt":{"rendered":"<p><span style=\"color: #005497;\"><strong>Miguel \u00c1ngel Rivera<\/strong><\/span<\/span><\/p>\n","protected":false},"author":3,"featured_media":0,"comment_status":"open","ping_status":"open","sticky":false,"template":"","format":"standard","meta":{"_monsterinsights_skip_tracking":false,"_monsterinsights_sitenote_active":false,"_monsterinsights_sitenote_note":"","_monsterinsights_sitenote_category":0,"footnotes":""},"categories":[84119],"tags":[84120,84121,43674],"class_list":["post-557470","post","type-post","status-publish","format-standard","hentry","category-miguel-angel-rivera","tag-clase-politica","tag-miguel-angel-rivera","tag-opinion"],"_links":{"self":[{"href":"https:\/\/www.diarioimagen.net\/index.php?rest_route=\/wp\/v2\/posts\/557470","targetHints":{"allow":["GET"]}}],"collection":[{"href":"https:\/\/www.diarioimagen.net\/index.php?rest_route=\/wp\/v2\/posts"}],"about":[{"href":"https:\/\/www.diarioimagen.net\/index.php?rest_route=\/wp\/v2\/types\/post"}],"author":[{"embeddable":true,"href":"https:\/\/www.diarioimagen.net\/index.php?rest_route=\/wp\/v2\/users\/3"}],"replies":[{"embeddable":true,"href":"https:\/\/www.diarioimagen.net\/index.php?rest_route=%2Fwp%2Fv2%2Fcomments&post=557470"}],"version-history":[{"count":0,"href":"https:\/\/www.diarioimagen.net\/index.php?rest_route=\/wp\/v2\/posts\/557470\/revisions"}],"wp:attachment":[{"href":"https:\/\/www.diarioimagen.net\/index.php?rest_route=%2Fwp%2Fv2%2Fmedia&parent=557470"}],"wp:term":[{"taxonomy":"category","embeddable":true,"href":"https:\/\/www.diarioimagen.net\/index.php?rest_route=%2Fwp%2Fv2%2Fcategories&post=557470"},{"taxonomy":"post_tag","embeddable":true,"href":"https:\/\/www.diarioimagen.net\/index.php?rest_route=%2Fwp%2Fv2%2Ftags&post=557470"}],"curies":[{"name":"wp","href":"https:\/\/api.w.org\/{rel}","templated":true}]}}