{"id":557529,"date":"2022-08-24T00:05:33","date_gmt":"2022-08-24T05:05:33","guid":{"rendered":"https:\/\/www.diarioimagen.net\/?p=557529"},"modified":"2022-08-25T01:27:07","modified_gmt":"2022-08-25T06:27:07","slug":"periodistas-esenciales-para-contribuir-con-una-sociedad-con-acceso-al-conocimiento-cientifico-comunicadora-nelly-toche-salgueiro","status":"publish","type":"post","link":"https:\/\/www.diarioimagen.net\/?p=557529","title":{"rendered":"Periodistas, esenciales para contribuir con una sociedad con acceso al conocimiento cient\u00edfico:\u00a0 comunicadora Nelly Toche Salgueiro"},"content":{"rendered":"<p><em>\u00a0<\/em><\/p>\n<ul>\n<li><strong><em>Destac\u00f3 que a ra\u00edz de la pandemia de COVID-19 se increment\u00f3 la necesidad de la sociedad de contar con informaci\u00f3n veraz<\/em><\/strong><\/li>\n<\/ul>\n<p><strong>\u00a0<\/strong><\/p>\n<div id=\"attachment_557582\" style=\"width: 470px\" class=\"wp-caption aligncenter\"><img loading=\"lazy\" decoding=\"async\" aria-describedby=\"caption-attachment-557582\" class=\"size-full wp-image-557582\" src=\"https:\/\/www.diarioimagen.net\/wp-content\/uploads\/2022\/08\/uaem2-7.jpg\" alt=\"\" width=\"460\" height=\"270\" \/><p id=\"caption-attachment-557582\" class=\"wp-caption-text\">El taller es el primero de una serie de c\u00e1tedras organizadas por la Direcci\u00f3n General de Comunicaci\u00f3n Universitaria de la UAEM\u00e9x y la Asociaci\u00f3n de Periodistas del Valle de Toluca para mejorar la profesionalizaci\u00f3n de estudiantes y profesionales de la comunicaci\u00f3n.<\/p><\/div>\n<p>&nbsp;<\/p>\n<p><strong>Toluca, Estado de M\u00e9xico.\u2014<\/strong> La pandemia de COVID-19 evidenci\u00f3 la necesidad de que la sociedad cuente con informaci\u00f3n veraz y de calidad para evitar los enga\u00f1os y la desinformaci\u00f3n, de ah\u00ed la importancia de que las y los profesionales de la comunicaci\u00f3n se capaciten y especialicen en estos temas, destac\u00f3 la periodista de salud y vicepresidenta de la Red Mexicana de Periodistas de Ciencia (Red MPC), Nelly Toche Salgueiro.<\/p>\n<p>Precis\u00f3 que los temas sanitarios son de inter\u00e9s universal; sin embargo, la terminolog\u00eda m\u00e9dica en muchas ocasiones impide que este conocimiento llegue a todos los sectores de la poblaci\u00f3n, por lo cual el papel de la o el periodista de salud es fundamental para comunicar, de una mejor manera, los conceptos cient\u00edficos y con ello contribuir a una ciudadan\u00eda m\u00e1s informada y con acceso al conocimiento.<\/p>\n<p>Durante el taller \u201cPeriodismo de Salud en Tiempos de Pandemia\u201d, organizado por la Direcci\u00f3n General de Comunicaci\u00f3n Universitaria (DGCU) de la Universidad Aut\u00f3noma del Estado de M\u00e9xico (UAEM\u00e9x) y la Asociaci\u00f3n de Periodistas del Valle de Toluca (APVT), la especialista detall\u00f3 que aunque se tratan de temas complejos, la labor de quienes realizan periodismo es contar historias para que los datos duros sean m\u00e1s accesibles; no obstante, se\u00f1al\u00f3 que es importante no caer en el sensacionalismo ni alarmar a la poblaci\u00f3n, sino demostrar con evidencias que existe una especializaci\u00f3n.<\/p>\n<p>Durante la c\u00e1tedra impartida en la Facultad de Ciencias Pol\u00edticas y Sociales de la UAEM\u00e9x, la integrante de la Red MPC comparti\u00f3 su experiencia cubriendo temas de salud con m\u00e1s de 30 estudiantes y profesionales de la comunicaci\u00f3n en el Valle de Toluca.<\/p>\n<p>Al respecto, se\u00f1al\u00f3 que es necesario generar v\u00ednculos con m\u00e1s periodistas, pero tambi\u00e9n con instituciones educativas, como la UAEM\u00e9x, para comenzar a reflexionar desde las aulas lo importante que es darle espacio en los medios de comunicaci\u00f3n a estos temas y capacitarse para contar con investigaciones rigurosas y sustentadas en evidencia cient\u00edfica.<\/p>\n<p>En el taller estuvieron presentes la directora General de Comunicaci\u00f3n Universitaria de la UAEM\u00e9x, Ginarely Valencia Alc\u00e1ntara, la directora de la Facultad de Ciencias Pol\u00edticas y Sociales, Laura Benhumea Gonz\u00e1lez y el presidente de la Asociaci\u00f3n de Periodistas del Valle de Toluca, Sergio Villafuerte.<\/p>\n","protected":false},"excerpt":{"rendered":"<p>La pandemia de COVID-19 evidenci\u00f3 la necesidad de que la sociedad cuente con informaci\u00f3n veraz y de calidad para evitar los enga\u00f1os y la desinformaci\u00f3n, de ah\u00ed la importancia de que las y los profesionales de la comunicaci\u00f3n se capaciten y especialicen en estos temas, destac\u00f3 la periodista de salud y vicepresidenta de la Red Mexicana de Periodistas de Ciencia (Red MPC), Nelly Toche Salgueiro.\u00a0<\/p>\n","protected":false},"author":3,"featured_media":557582,"comment_status":"open","ping_status":"open","sticky":false,"template":"","format":"standard","meta":{"_monsterinsights_skip_tracking":false,"_monsterinsights_sitenote_active":false,"_monsterinsights_sitenote_note":"","_monsterinsights_sitenote_category":0,"footnotes":""},"categories":[5],"tags":[90021,29516,67878],"class_list":["post-557529","post","type-post","status-publish","format-standard","has-post-thumbnail","hentry","category-estado-de-mexico","tag-covid-19","tag-pandemia","tag-uaemex"],"_links":{"self":[{"href":"https:\/\/www.diarioimagen.net\/index.php?rest_route=\/wp\/v2\/posts\/557529","targetHints":{"allow":["GET"]}}],"collection":[{"href":"https:\/\/www.diarioimagen.net\/index.php?rest_route=\/wp\/v2\/posts"}],"about":[{"href":"https:\/\/www.diarioimagen.net\/index.php?rest_route=\/wp\/v2\/types\/post"}],"author":[{"embeddable":true,"href":"https:\/\/www.diarioimagen.net\/index.php?rest_route=\/wp\/v2\/users\/3"}],"replies":[{"embeddable":true,"href":"https:\/\/www.diarioimagen.net\/index.php?rest_route=%2Fwp%2Fv2%2Fcomments&post=557529"}],"version-history":[{"count":0,"href":"https:\/\/www.diarioimagen.net\/index.php?rest_route=\/wp\/v2\/posts\/557529\/revisions"}],"wp:featuredmedia":[{"embeddable":true,"href":"https:\/\/www.diarioimagen.net\/index.php?rest_route=\/wp\/v2\/media\/557582"}],"wp:attachment":[{"href":"https:\/\/www.diarioimagen.net\/index.php?rest_route=%2Fwp%2Fv2%2Fmedia&parent=557529"}],"wp:term":[{"taxonomy":"category","embeddable":true,"href":"https:\/\/www.diarioimagen.net\/index.php?rest_route=%2Fwp%2Fv2%2Fcategories&post=557529"},{"taxonomy":"post_tag","embeddable":true,"href":"https:\/\/www.diarioimagen.net\/index.php?rest_route=%2Fwp%2Fv2%2Ftags&post=557529"}],"curies":[{"name":"wp","href":"https:\/\/api.w.org\/{rel}","templated":true}]}}